{"id":259946,"date":"2018-01-06T13:40:00","date_gmt":"2018-01-06T10:40:00","guid":{"rendered":"http:\/\/www.nationalturk.com\/?p=259946"},"modified":"2018-01-06T13:40:00","modified_gmt":"2018-01-06T10:40:00","slug":"konyada-muteahhitlik-ofisinde-silahli-kavga-3-olu-1-agir-yarali","status":"publish","type":"post","link":"https:\/\/www.nationalturk.com\/tr\/konyada-muteahhitlik-ofisinde-silahli-kavga-3-olu-1-agir-yarali\/","title":{"rendered":"Konya&#8217;da m\u00fcteahhitlik ofisinde silahl\u0131 kavga: 3 \u00f6l\u00fc 1 a\u011f\u0131r yaral\u0131!"},"content":{"rendered":"<h2>Konya&#8217;n\u0131n Ere\u011fli il\u00e7esinde in\u015faat ve m\u00fcteahhit b\u00fcrosuna d\u00fczenlenen silahl\u0131 sald\u0131r\u0131da ilk belirlemelere g\u00f6re 3 ki\u015fi hayat\u0131n\u0131 kaybetti, 1 ki\u015fi a\u011f\u0131r yaraland\u0131.<\/h2>\n<p>Konya&#8217;n\u0131n Ere\u011fli il\u00e7esinde bug\u00fcn ya\u015fanan olay in\u015faat ve m\u00fcteahhitlik ofisinde meydana geldi. \u0130ddiaya g\u00f6re kimlikleri hen\u00fcz belirlenemeyen iki taraf aras\u0131nda \u00e7\u0131kan tart\u0131\u015fma silahl\u0131 kavgaya d\u00f6n\u00fc\u015ft\u00fc.<\/p>\n<p>Ya\u015fanan \u00e7at\u0131\u015fmada 3 ki\u015fi ya\u015fam\u0131n\u0131 yitirirken, 1 ki\u015fi de a\u011f\u0131r yaraland\u0131. Olay an\u0131 ofisin kar\u015f\u0131s\u0131nda oturan bir kad\u0131n taraf\u0131ndan cep telefonu kameras\u0131yla g\u00f6r\u00fcnt\u00fclendi. G\u00f6r\u00fcnt\u00fclerde silah sesleri duyulurken, bir ki\u015finin elinde pompal\u0131 t\u00fcfekle i\u015f yerinden \u00e7\u0131kmas\u0131 dikkat \u00e7ekti.<\/p>\n<p>Polis \u00e7evre de geni\u015f g\u00fcvenlik \u00f6nlemi ald\u0131.<\/p>\n<!-- Error, Advert is not available at this time due to schedule\/geolocation restrictions! -->\n","protected":false},"excerpt":{"rendered":"<p>Konya&#8217;n\u0131n Ere\u011fli il\u00e7esinde in\u015faat ve m\u00fcteahhit b\u00fcrosuna d\u00fczenlenen silahl\u0131 sald\u0131r\u0131da ilk belirlemelere g\u00f6re 3 ki\u015fi hayat\u0131n\u0131 kaybetti, 1 ki\u015fi a\u011f\u0131r yaraland\u0131. Konya&#8217;n\u0131n Ere\u011fli il\u00e7esinde bug\u00fcn ya\u015fanan olay in\u015faat ve m\u00fcteahhitlik ofisinde meydana geldi. \u0130ddiaya g\u00f6re kimlikleri hen\u00fcz belirlenemeyen iki taraf aras\u0131nda \u00e7\u0131kan tart\u0131\u015fma silahl\u0131 kavgaya d\u00f6n\u00fc\u015ft\u00fc. Ya\u015fanan \u00e7at\u0131\u015fmada 3 ki\u015fi ya\u015fam\u0131n\u0131 yitirirken, 1 ki\u015fi de &hellip;<\/p>\n","protected":false},"author":9192198,"featured_media":259947,"comment_status":"open","ping_status":"open","sticky":false,"template":"","format":"standard","meta":{"_acf_changed":false,"footnotes":""},"categories":[6155,349,6805],"tags":[16009,760],"class_list":["post-259946","post","type-post","status-publish","format-standard","has-post-thumbnail","hentry","category-gundem","category-son-dakika","category-turkiye","tag-eregli","tag-konya"],"acf":[],"_links":{"self":[{"href":"https:\/\/www.nationalturk.com\/tr\/wp-json\/wp\/v2\/posts\/259946","targetHints":{"allow":["GET"]}}],"collection":[{"href":"https:\/\/www.nationalturk.com\/tr\/wp-json\/wp\/v2\/posts"}],"about":[{"href":"https:\/\/www.nationalturk.com\/tr\/wp-json\/wp\/v2\/types\/post"}],"author":[{"embeddable":true,"href":"https:\/\/www.nationalturk.com\/tr\/wp-json\/wp\/v2\/users\/9192198"}],"replies":[{"embeddable":true,"href":"https:\/\/www.nationalturk.com\/tr\/wp-json\/wp\/v2\/comments?post=259946"}],"version-history":[{"count":0,"href":"https:\/\/www.nationalturk.com\/tr\/wp-json\/wp\/v2\/posts\/259946\/revisions"}],"wp:featuredmedia":[{"embeddable":true,"href":"https:\/\/www.nationalturk.com\/tr\/wp-json\/wp\/v2\/media\/259947"}],"wp:attachment":[{"href":"https:\/\/www.nationalturk.com\/tr\/wp-json\/wp\/v2\/media?parent=259946"}],"wp:term":[{"taxonomy":"category","embeddable":true,"href":"https:\/\/www.nationalturk.com\/tr\/wp-json\/wp\/v2\/categories?post=259946"},{"taxonomy":"post_tag","embeddable":true,"href":"https:\/\/www.nationalturk.com\/tr\/wp-json\/wp\/v2\/tags?post=259946"}],"curies":[{"name":"wp","href":"https:\/\/api.w.org\/{rel}","templated":true}]}}