{"id":260195,"date":"2018-01-12T15:16:05","date_gmt":"2018-01-12T12:16:05","guid":{"rendered":"http:\/\/www.nationalturk.com\/?p=260195"},"modified":"2022-09-29T21:25:35","modified_gmt":"2022-09-29T18:25:35","slug":"devlet-bahceli-taserondu-simdi-sarayin-kadrolusu-oldu","status":"publish","type":"post","link":"https:\/\/www.nationalturk.com\/tr\/devlet-bahceli-taserondu-simdi-sarayin-kadrolusu-oldu\/","title":{"rendered":"&#8220;Devlet Bah\u00e7eli ta\u015ferondu \u015fimdi saray\u0131n kadrolusu oldu&#8221;"},"content":{"rendered":"<h2>CHP Genel Ba\u015fkan Yard\u0131mc\u0131s\u0131 A\u011fbaba, ta\u015feron i\u015f\u00e7ilerin kadro ba\u015fvurular\u0131 i\u00e7in d\u00fcn son g\u00fcn oldu\u011funu an\u0131msatarak, &#8220;Say\u0131n Devlet Bah\u00e7eli, ta\u015ferondu, \u015fimdi saray\u0131n kadrolusudur. Bah\u00e7eli&#8217;nin i\u015f g\u00fcvencesini de ald\u0131\u011f\u0131 anla\u015f\u0131l\u0131yor.&#8221; dedi.<\/h2>\n<p>CHP Genel Ba\u015fkan Yard\u0131mc\u0131s\u0131 Veli A\u011fbaba, CHP&#8217;nin bug\u00fcn 81 ilde, OHAL uygulamas\u0131na ili\u015fkin yapt\u0131\u011f\u0131 ortak bas\u0131n a\u00e7\u0131klamas\u0131n\u0131, TBMM&#8217;de d\u00fczenledi\u011fi bas\u0131n toplant\u0131s\u0131nda da okudu.<\/p>\n<p>T\u00fcrkiye&#8217;nin 18 aydan bu yana OHAL rejimi ile y\u00f6netildi\u011fini savunan A\u011fbaba, 20 Temmuzda ilan edilen OHAL&#8217;in, milli iradeye, demokrasiye, insan haklar\u0131na ve \u00f6zg\u00fcrl\u00fcklere y\u00f6nelik bir kar\u015f\u0131 darbe halini ald\u0131\u011f\u0131n\u0131 \u00f6ne s\u00fcrd\u00fc.<\/p>\n<p>A\u011fbaba, 15 Ocak Pazartesi g\u00fcn\u00fc &#8220;OHAL&#8217;de Yeter Forumu&#8221; d\u00fczenleyeceklerini, millete kar\u015f\u0131 de\u011fil denilen OHAL&#8217;in millete, ta\u015ferona, t\u00fct\u00fcn i\u015f\u00e7isine, asgari \u00fccretliye kar\u015f\u0131 oldu\u011funu savundu.<\/p>\n<p>&#8220;Hukuk ask\u0131ya al\u0131nd\u0131&#8221;<br \/>\nVeli A\u011fbaba&#8217;ya, Ba\u015fbakan Yard\u0131mc\u0131s\u0131 Bekir Bozda\u011f&#8217;\u0131n, Anayasa Mahkemesinin tutuklu gazeteciler \u015eahin Alpay ve Mehmet Altan&#8217;a ili\u015fkin karar\u0131na y\u00f6nelik a\u00e7\u0131klamalar\u0131 da soruldu.<\/p>\n<p>Hukukun ask\u0131ya al\u0131nd\u0131\u011f\u0131n\u0131 \u00f6ne s\u00fcren A\u011fbaba, T\u00fcrkiye Cumhuriyeti&#8217;nde hukukun oldu\u011funu iddia etmenin safl\u0131k, insan akl\u0131yla alay etmek oldu\u011funu \u00f6ne s\u00fcrd\u00fc. A\u011fbaba, b\u00fct\u00fcn kararlar\u0131 bir tek ki\u015finin verdi\u011fini, yasama, y\u00fcr\u00fctme ve yarg\u0131n\u0131n bir adama ba\u011fl\u0131 oldu\u011funu, hukukun olmad\u0131\u011f\u0131 yerde can ve mal g\u00fcvenli\u011finden s\u00f6z edilemeyece\u011fini savundu. A\u011fbaba, &#8220;Anayasa Mahkemesinin karar\u0131n\u0131n tan\u0131nmamas\u0131 T\u00fcrkiye&#8217;de hukuku arayanlar i\u00e7in de son umuttur. Art\u0131k T\u00fcrkiye&#8217;de hukukun olmad\u0131\u011f\u0131n\u0131, yarg\u0131n\u0131n ba\u011f\u0131ms\u0131z olmad\u0131\u011f\u0131n\u0131 d\u00fcnya alem g\u00f6rmektedir. T\u00fcrkiye maalesef h\u00fck\u00fcmet eliyle \u00e7ad\u0131r devleti konumuna zorla itilmektedir.&#8221; dedi.<\/p>\n<p>&#8220;Yan kurulu\u015fu&#8221;<br \/>\nCHP ile MHP aras\u0131nda s\u00fcren polemi\u011fe ili\u015fkin soruyu da yan\u0131tlayan A\u011fbaba, MHP Genel Ba\u015fkan\u0131 Devlet Bah\u00e7eli ve s\u00f6zc\u00fclerinin ciddiye al\u0131n\u0131r taraf\u0131 kalmad\u0131\u011f\u0131n\u0131 ileri s\u00fcrd\u00fc.<\/p>\n<p>A\u011fbaba, \u015f\u00f6yle konu\u015ftu:<\/p>\n<p>&#8220;D\u00fckkan\u0131 kapatt\u0131lar, anahtar\u0131 saraya teslim ettiler. Bir parti iktidar olmayaca\u011f\u0131n\u0131 yakla\u015f\u0131k iki y\u0131l \u00f6nceden ilan ediyor. Bu partinin ciddiyetini kamuoyu takdir etsin. AKP her d\u00f6nem payda\u015f buluyor, \u015fimdi yan\u0131na yeni payda\u015f buldu, MHP ile yola gidiyor. Milliyet\u00e7iler, Devlet Bah\u00e7eli&#8217;yi ve s\u00f6zc\u00fclerini kadro d\u0131\u015f\u0131 b\u0131rakm\u0131\u015ft\u0131r. Tabanlar\u0131 gitmi\u015ftir, tamamen AKP&#8217;nin yan kurulu\u015fu olarak devam etmektedir. Onlar\u0131n ciddiye al\u0131n\u0131r s\u00f6zleri yoktur. \u00c7\u00fcnk\u00fc ge\u00e7mi\u015fte Cumhurba\u015fkan\u0131&#8217;na, AKP&#8217;ye s\u00f6ylediklerine bak\u0131nca, daha d\u00fcn &#8216;Seni Y\u00fcce Divan&#8217;da yarg\u0131latmazsam namussuzum&#8217; diyenler, bug\u00fcn saray\u0131n yanc\u0131s\u0131 olmu\u015ftur. Sarayda, d\u00fcn itibar\u0131yla kadrolu olmu\u015ftur. D\u00fcn ta\u015ferona ba\u015fvurunun son g\u00fcn\u00fcyd\u00fc. Say\u0131n Bah\u00e7eli, bir g\u00fcn \u00f6nce kuyruk olmamas\u0131 i\u00e7in gitti sarayda kadrosunu ald\u0131, art\u0131k kadrolu biridir, \u015fimdi saray\u0131n kadrolusudur. Ta\u015ferondu \u015fimdi kadrolu oldu. Devlet Bah\u00e7eli&#8217;nin i\u015f g\u00fcvencesini de ald\u0131\u011f\u0131 anla\u015f\u0131l\u0131yor.&#8221;<\/p>\n<!-- Error, Advert is not available at this time due to schedule\/geolocation restrictions! -->\n","protected":false},"excerpt":{"rendered":"<p>CHP Genel Ba\u015fkan Yard\u0131mc\u0131s\u0131 A\u011fbaba, ta\u015feron i\u015f\u00e7ilerin kadro ba\u015fvurular\u0131 i\u00e7in d\u00fcn son g\u00fcn oldu\u011funu an\u0131msatarak, &#8220;Say\u0131n Devlet Bah\u00e7eli, ta\u015ferondu, \u015fimdi saray\u0131n kadrolusudur. Bah\u00e7eli&#8217;nin i\u015f g\u00fcvencesini de ald\u0131\u011f\u0131 anla\u015f\u0131l\u0131yor.&#8221; dedi. CHP Genel Ba\u015fkan Yard\u0131mc\u0131s\u0131 Veli A\u011fbaba, CHP&#8217;nin bug\u00fcn 81 ilde, OHAL uygulamas\u0131na ili\u015fkin yapt\u0131\u011f\u0131 ortak bas\u0131n a\u00e7\u0131klamas\u0131n\u0131, TBMM&#8217;de d\u00fczenledi\u011fi bas\u0131n toplant\u0131s\u0131nda da okudu. T\u00fcrkiye&#8217;nin 18 aydan &hellip;<\/p>\n","protected":false},"author":4,"featured_media":260196,"comment_status":"open","ping_status":"open","sticky":false,"template":"","format":"standard","meta":{"_acf_changed":false,"footnotes":""},"categories":[6155,5005,6202],"tags":[8723,8469,10829,112405],"class_list":["post-260195","post","type-post","status-publish","format-standard","has-post-thumbnail","hentry","category-gundem","category-manset","category-politika","tag-chp","tag-devlet-bahceli","tag-mhp","tag-veli-agbaba"],"acf":[],"_links":{"self":[{"href":"https:\/\/www.nationalturk.com\/tr\/wp-json\/wp\/v2\/posts\/260195","targetHints":{"allow":["GET"]}}],"collection":[{"href":"https:\/\/www.nationalturk.com\/tr\/wp-json\/wp\/v2\/posts"}],"about":[{"href":"https:\/\/www.nationalturk.com\/tr\/wp-json\/wp\/v2\/types\/post"}],"author":[{"embeddable":true,"href":"https:\/\/www.nationalturk.com\/tr\/wp-json\/wp\/v2\/users\/4"}],"replies":[{"embeddable":true,"href":"https:\/\/www.nationalturk.com\/tr\/wp-json\/wp\/v2\/comments?post=260195"}],"version-history":[{"count":0,"href":"https:\/\/www.nationalturk.com\/tr\/wp-json\/wp\/v2\/posts\/260195\/revisions"}],"wp:featuredmedia":[{"embeddable":true,"href":"https:\/\/www.nationalturk.com\/tr\/wp-json\/wp\/v2\/media\/260196"}],"wp:attachment":[{"href":"https:\/\/www.nationalturk.com\/tr\/wp-json\/wp\/v2\/media?parent=260195"}],"wp:term":[{"taxonomy":"category","embeddable":true,"href":"https:\/\/www.nationalturk.com\/tr\/wp-json\/wp\/v2\/categories?post=260195"},{"taxonomy":"post_tag","embeddable":true,"href":"https:\/\/www.nationalturk.com\/tr\/wp-json\/wp\/v2\/tags?post=260195"}],"curies":[{"name":"wp","href":"https:\/\/api.w.org\/{rel}","templated":true}]}}