{"id":260235,"date":"2018-01-13T15:28:43","date_gmt":"2018-01-13T12:28:43","guid":{"rendered":"http:\/\/www.nationalturk.com\/?p=260235"},"modified":"2018-01-13T15:28:43","modified_gmt":"2018-01-13T12:28:43","slug":"avrupada-takim-bulamayan-arda-turan-resmen-basaksehirde","status":"publish","type":"post","link":"https:\/\/www.nationalturk.com\/tr\/avrupada-takim-bulamayan-arda-turan-resmen-basaksehirde\/","title":{"rendered":"Avrupa&#8217;da tak\u0131m bulamayan Arda Turan resmen Ba\u015fak\u015fehir&#8217;de"},"content":{"rendered":"<h2>Uzun bir s\u00fcredir Barcelona&#8217;da forma giyemeyen, ilk 18&#8217;e bile al\u0131nmayan Arda Turan, S\u00fcper Lig ekiplerinden Ba\u015fak\u015fehir&#8217;e kiraland\u0131. \/ Son Dakika&#8230;<\/h2>\n<p>Medipol Ba\u015fak\u015fehir, \u0130spanya 1. Futbol Ligi (La Liga) tak\u0131mlar\u0131ndan Barcelona&#8217;da forma giyen milli futbolcu Arda Turan&#8217;\u0131n transfer s\u00fcrecini tamamlad\u0131. <\/p>\n<p>\u0130stanbul Ba\u015fak\u015fehir Futbol Kul\u00fcb\u00fc Ba\u015fkan\u0131 G\u00f6ksel G\u00fcm\u00fc\u015fda\u011f, Arda Turan&#8217;\u0131n transferini kul\u00fcb\u00fcn Twitter hesab\u0131ndan a\u00e7\u0131klad\u0131.<\/p>\n<p>G\u00fcm\u00fc\u015fda\u011f, sosyal medyadaki mesaj\u0131nda, &#8220;Arda Turan bug\u00fcn, \u00fczerinde turuncu formas\u0131yla \u00fclkesine d\u00f6n\u00fcyor. Bu sadece Ba\u015fak\u015fehir&#8217;in de\u011fil T\u00fcrkiye&#8217;nin transferi. Hepimiz i\u00e7in hay\u0131rl\u0131 olsun.&#8221; ifadelerini kulland\u0131.<\/p>\n<h3>Barcelona, Arda Turan&#8217;\u0131 Medipol Ba\u015fak\u015fehir&#8217;e kiralad\u0131\u011f\u0131n\u0131 duyurdu<\/h3>\n<p>\u0130spanya 1. Futbol Ligi (La Liga) ekiplerinden Barcelona, milli futbolcu Arda Turan&#8217;\u0131 Medipol Ba\u015fak\u015fehir&#8217;e kiralad\u0131\u011f\u0131n\u0131 duyurdu.<\/p>\n<p>Kul\u00fcpten yap\u0131lan a\u00e7\u0131klamada, taraflar aras\u0131nda var\u0131lan anla\u015fman\u0131n ard\u0131ndan Arda Turan&#8217;\u0131n iki bu\u00e7uk sezon boyunca Medipol Ba\u015fak\u015fehir&#8217;e kiraland\u0131\u011f\u0131 belirtildi.<\/p>\n<p>A\u00e7\u0131klamaya g\u00f6re, Barcelona, Arda&#8217;n\u0131n kiral\u0131k olarak Medipol Ba\u015fak\u015fehir&#8217;de oynad\u0131\u011f\u0131 d\u00f6nemde ba\u015fka kul\u00fcbe transfer edilmesi hakk\u0131n\u0131 elinde tutacak. Katalan temsilcisi, Arda&#8217;n\u0131n bu s\u00fcre\u00e7te g\u00f6sterece\u011fi performansa g\u00f6re ekstra kazan\u00e7 elde edebilecek.<\/p>\n<p>Medipol Ba\u015fak\u015fehir, istedi\u011fi takdirde Arda Turan&#8217;\u0131n bonservisini sat\u0131n alabilecek.<\/p>\n<div class=\"a-single a-157\"><!-- nationalturk.com Bali 610x90 -->\r\n<ins data-revive-zoneid=\"412\" data-revive-ct0=\"{clickurl_enc}\" data-revive-id=\"2093837923c3e243d9d78d731533cba1\"><\/ins>\r\n<script async src=\"\/\/www.hot-affiliates.com\/ad\/www\/delivery\/asyncjs.php\"><\/script><\/div>\n","protected":false},"excerpt":{"rendered":"<p>Uzun bir s\u00fcredir Barcelona&#8217;da forma giyemeyen, ilk 18&#8217;e bile al\u0131nmayan Arda Turan, S\u00fcper Lig ekiplerinden Ba\u015fak\u015fehir&#8217;e kiraland\u0131. \/ Son Dakika&#8230; Medipol Ba\u015fak\u015fehir, \u0130spanya 1. Futbol Ligi (La Liga) tak\u0131mlar\u0131ndan Barcelona&#8217;da forma giyen milli futbolcu Arda Turan&#8217;\u0131n transfer s\u00fcrecini tamamlad\u0131. \u0130stanbul Ba\u015fak\u015fehir Futbol Kul\u00fcb\u00fc Ba\u015fkan\u0131 G\u00f6ksel G\u00fcm\u00fc\u015fda\u011f, Arda Turan&#8217;\u0131n transferini kul\u00fcb\u00fcn Twitter hesab\u0131ndan a\u00e7\u0131klad\u0131. G\u00fcm\u00fc\u015fda\u011f, sosyal &hellip;<\/p>\n","protected":false},"author":4,"featured_media":229639,"comment_status":"open","ping_status":"open","sticky":false,"template":"","format":"standard","meta":{"_acf_changed":false,"footnotes":""},"categories":[6774,6155,5005,349,6194],"tags":[6335,18388,54229,27382],"class_list":["post-260235","post","type-post","status-publish","format-standard","has-post-thumbnail","hentry","category-futbol","category-gundem","category-manset","category-son-dakika","category-spor","tag-arda-turan","tag-basaksehir","tag-goksel-gumusdag","tag-son-dakika"],"acf":[],"_links":{"self":[{"href":"https:\/\/www.nationalturk.com\/tr\/wp-json\/wp\/v2\/posts\/260235","targetHints":{"allow":["GET"]}}],"collection":[{"href":"https:\/\/www.nationalturk.com\/tr\/wp-json\/wp\/v2\/posts"}],"about":[{"href":"https:\/\/www.nationalturk.com\/tr\/wp-json\/wp\/v2\/types\/post"}],"author":[{"embeddable":true,"href":"https:\/\/www.nationalturk.com\/tr\/wp-json\/wp\/v2\/users\/4"}],"replies":[{"embeddable":true,"href":"https:\/\/www.nationalturk.com\/tr\/wp-json\/wp\/v2\/comments?post=260235"}],"version-history":[{"count":0,"href":"https:\/\/www.nationalturk.com\/tr\/wp-json\/wp\/v2\/posts\/260235\/revisions"}],"wp:featuredmedia":[{"embeddable":true,"href":"https:\/\/www.nationalturk.com\/tr\/wp-json\/wp\/v2\/media\/229639"}],"wp:attachment":[{"href":"https:\/\/www.nationalturk.com\/tr\/wp-json\/wp\/v2\/media?parent=260235"}],"wp:term":[{"taxonomy":"category","embeddable":true,"href":"https:\/\/www.nationalturk.com\/tr\/wp-json\/wp\/v2\/categories?post=260235"},{"taxonomy":"post_tag","embeddable":true,"href":"https:\/\/www.nationalturk.com\/tr\/wp-json\/wp\/v2\/tags?post=260235"}],"curies":[{"name":"wp","href":"https:\/\/api.w.org\/{rel}","templated":true}]}}