{"id":260328,"date":"2018-01-16T16:54:02","date_gmt":"2018-01-16T13:54:02","guid":{"rendered":"http:\/\/www.nationalturk.com\/?p=260328"},"modified":"2018-01-16T16:54:02","modified_gmt":"2018-01-16T13:54:02","slug":"gunes-sadece-6-7-dakika-goruldu","status":"publish","type":"post","link":"https:\/\/www.nationalturk.com\/tr\/gunes-sadece-6-7-dakika-goruldu\/","title":{"rendered":"G\u00fcne\u015f sadece 6-7 dakika g\u00f6r\u00fcld\u00fc!"},"content":{"rendered":"<h2>Rusya Meteoroloji Merkezine g\u00f6re, ba\u015fkent Moskova&#8217;da g\u00fcne\u015f Aral\u0131k 2017&#8217;de sadece 6-7 dakika g\u00f6r\u00fcld\u00fc.<\/h2>\n<p>Rusya\u2019n\u0131n ba\u015fkenti Moskova\u2019da g\u00fcne\u015fin yaln\u0131zca 6-7 dakika g\u00f6r\u00fclen Aral\u0131k 2017\u2019nin, \u015fehir tarihinin en \u201ckaranl\u0131k\u201d ay\u0131 olarak kay\u0131tlara ge\u00e7ti\u011fi bildirildi.<\/p>\n<p>Rusya Meteoroloji Merkezi (Hidrometsentr) Ba\u015fkan\u0131 Roman Vilfand gazetecilere yapt\u0131\u011f\u0131 a\u00e7\u0131klamada, Moskova\u2019da ge\u00e7en ay g\u00fcne\u015fin, bulutlar nedeniyle sadece 6-7 dakika g\u00f6r\u00fcld\u00fc\u011f\u00fcn\u00fc belirtti.<\/p>\n<p>Bu s\u00fcrenin, ba\u015fkent tarihindeki en d\u00fc\u015f\u00fck s\u00fcre oldu\u011funa i\u015faret eden Vilfand, \u201c\u0130nsanlar bu bilgiyi duyduklar\u0131nda, \u2018Neden depresyonda oldu\u011fumuzu \u015fimdi anlad\u0131k\u2019 diyorlar.\u201d ifadesini kulland\u0131.<\/p>\n<p>Moskova tarihindeki bir \u00f6nceki en karanl\u0131k ay, g\u00fcne\u015fin yaln\u0131zca 3 saat g\u00f6r\u00fcld\u00fc\u011f\u00fc Aral\u0131k 2000\u2019de ya\u015fanm\u0131\u015ft\u0131.  <\/p>\n<!-- Error, Advert is not available at this time due to schedule\/geolocation restrictions! -->\n","protected":false},"excerpt":{"rendered":"<p>Rusya Meteoroloji Merkezine g\u00f6re, ba\u015fkent Moskova&#8217;da g\u00fcne\u015f Aral\u0131k 2017&#8217;de sadece 6-7 dakika g\u00f6r\u00fcld\u00fc. Rusya\u2019n\u0131n ba\u015fkenti Moskova\u2019da g\u00fcne\u015fin yaln\u0131zca 6-7 dakika g\u00f6r\u00fclen Aral\u0131k 2017\u2019nin, \u015fehir tarihinin en \u201ckaranl\u0131k\u201d ay\u0131 olarak kay\u0131tlara ge\u00e7ti\u011fi bildirildi. Rusya Meteoroloji Merkezi (Hidrometsentr) Ba\u015fkan\u0131 Roman Vilfand gazetecilere yapt\u0131\u011f\u0131 a\u00e7\u0131klamada, Moskova\u2019da ge\u00e7en ay g\u00fcne\u015fin, bulutlar nedeniyle sadece 6-7 dakika g\u00f6r\u00fcld\u00fc\u011f\u00fcn\u00fc belirtti. Bu s\u00fcrenin, &hellip;<\/p>\n","protected":false},"author":4,"featured_media":260329,"comment_status":"open","ping_status":"open","sticky":false,"template":"","format":"standard","meta":{"_acf_changed":false,"footnotes":""},"categories":[6770,6665,6155,5005,6662],"tags":[1238,721],"class_list":["post-260328","post","type-post","status-publish","format-standard","has-post-thumbnail","hentry","category-avrupa","category-dunya","category-gundem","category-manset","category-yasam","tag-moskova","tag-rusya"],"acf":[],"_links":{"self":[{"href":"https:\/\/www.nationalturk.com\/tr\/wp-json\/wp\/v2\/posts\/260328","targetHints":{"allow":["GET"]}}],"collection":[{"href":"https:\/\/www.nationalturk.com\/tr\/wp-json\/wp\/v2\/posts"}],"about":[{"href":"https:\/\/www.nationalturk.com\/tr\/wp-json\/wp\/v2\/types\/post"}],"author":[{"embeddable":true,"href":"https:\/\/www.nationalturk.com\/tr\/wp-json\/wp\/v2\/users\/4"}],"replies":[{"embeddable":true,"href":"https:\/\/www.nationalturk.com\/tr\/wp-json\/wp\/v2\/comments?post=260328"}],"version-history":[{"count":0,"href":"https:\/\/www.nationalturk.com\/tr\/wp-json\/wp\/v2\/posts\/260328\/revisions"}],"wp:featuredmedia":[{"embeddable":true,"href":"https:\/\/www.nationalturk.com\/tr\/wp-json\/wp\/v2\/media\/260329"}],"wp:attachment":[{"href":"https:\/\/www.nationalturk.com\/tr\/wp-json\/wp\/v2\/media?parent=260328"}],"wp:term":[{"taxonomy":"category","embeddable":true,"href":"https:\/\/www.nationalturk.com\/tr\/wp-json\/wp\/v2\/categories?post=260328"},{"taxonomy":"post_tag","embeddable":true,"href":"https:\/\/www.nationalturk.com\/tr\/wp-json\/wp\/v2\/tags?post=260328"}],"curies":[{"name":"wp","href":"https:\/\/api.w.org\/{rel}","templated":true}]}}