{"id":260459,"date":"2018-01-19T16:13:03","date_gmt":"2018-01-19T13:13:03","guid":{"rendered":"http:\/\/www.nationalturk.com\/?p=260459"},"modified":"2022-08-26T11:29:20","modified_gmt":"2022-08-26T08:29:20","slug":"biyikli-yildirim-demiroren","status":"publish","type":"post","link":"https:\/\/www.nationalturk.com\/tr\/biyikli-yildirim-demiroren\/","title":{"rendered":"B\u0131y\u0131kl\u0131 Y\u0131ld\u0131r\u0131m Demir\u00f6ren!"},"content":{"rendered":"<h2>T\u00fcrkiye\u2019nin ev sahipli\u011fine aday oldu\u011fu 2024 Avrupa Futbol \u015eampiyonas\u0131 (EURO 2024) i\u00e7in logo ve slogan tan\u0131t\u0131m toplant\u0131s\u0131na damgas\u0131n\u0131 vuran isim TFF Ba\u015fkan\u0131 Y\u0131ld\u0131r\u0131m Demir\u00f6ren oldu.<\/h2>\n<p>Y\u0131ld\u0131r\u0131m Demir\u00f6ren\u2019in b\u0131y\u0131klar\u0131 sosyal medyada b\u00fcy\u00fck yank\u0131 buldu.<\/p>\n<p>Genel kan\u0131 ise b\u0131y\u0131klar\u0131n Demir\u00f6ren\u2019e yak\u0131\u015fmad\u0131\u011f\u0131 y\u00f6n\u00fcndeydi.<\/p>\n<!-- Error, Advert is not available at this time due to schedule\/geolocation restrictions! -->\n","protected":false},"excerpt":{"rendered":"<p>T\u00fcrkiye\u2019nin ev sahipli\u011fine aday oldu\u011fu 2024 Avrupa Futbol \u015eampiyonas\u0131 (EURO 2024) i\u00e7in logo ve slogan tan\u0131t\u0131m toplant\u0131s\u0131na damgas\u0131n\u0131 vuran isim TFF Ba\u015fkan\u0131 Y\u0131ld\u0131r\u0131m Demir\u00f6ren oldu. Y\u0131ld\u0131r\u0131m Demir\u00f6ren\u2019in b\u0131y\u0131klar\u0131 sosyal medyada b\u00fcy\u00fck yank\u0131 buldu. Genel kan\u0131 ise b\u0131y\u0131klar\u0131n Demir\u00f6ren\u2019e yak\u0131\u015fmad\u0131\u011f\u0131 y\u00f6n\u00fcndeydi.<\/p>\n","protected":false},"author":4,"featured_media":260460,"comment_status":"open","ping_status":"open","sticky":false,"template":"","format":"standard","meta":{"_acf_changed":false,"footnotes":""},"categories":[6774,763],"tags":[2269],"class_list":["post-260459","post","type-post","status-publish","format-standard","has-post-thumbnail","hentry","category-futbol","category-gunun-olayi","tag-yildirim-demiroren"],"acf":[],"_links":{"self":[{"href":"https:\/\/www.nationalturk.com\/tr\/wp-json\/wp\/v2\/posts\/260459","targetHints":{"allow":["GET"]}}],"collection":[{"href":"https:\/\/www.nationalturk.com\/tr\/wp-json\/wp\/v2\/posts"}],"about":[{"href":"https:\/\/www.nationalturk.com\/tr\/wp-json\/wp\/v2\/types\/post"}],"author":[{"embeddable":true,"href":"https:\/\/www.nationalturk.com\/tr\/wp-json\/wp\/v2\/users\/4"}],"replies":[{"embeddable":true,"href":"https:\/\/www.nationalturk.com\/tr\/wp-json\/wp\/v2\/comments?post=260459"}],"version-history":[{"count":0,"href":"https:\/\/www.nationalturk.com\/tr\/wp-json\/wp\/v2\/posts\/260459\/revisions"}],"wp:featuredmedia":[{"embeddable":true,"href":"https:\/\/www.nationalturk.com\/tr\/wp-json\/wp\/v2\/media\/260460"}],"wp:attachment":[{"href":"https:\/\/www.nationalturk.com\/tr\/wp-json\/wp\/v2\/media?parent=260459"}],"wp:term":[{"taxonomy":"category","embeddable":true,"href":"https:\/\/www.nationalturk.com\/tr\/wp-json\/wp\/v2\/categories?post=260459"},{"taxonomy":"post_tag","embeddable":true,"href":"https:\/\/www.nationalturk.com\/tr\/wp-json\/wp\/v2\/tags?post=260459"}],"curies":[{"name":"wp","href":"https:\/\/api.w.org\/{rel}","templated":true}]}}