{"id":260476,"date":"2018-01-20T10:47:42","date_gmt":"2018-01-20T07:47:42","guid":{"rendered":"http:\/\/www.nationalturk.com\/?p=260476"},"modified":"2018-01-20T10:47:42","modified_gmt":"2018-01-20T07:47:42","slug":"tsk-acikladi-kuzey-irakta-20-terorist-etkisiz-hale-getirildi","status":"publish","type":"post","link":"https:\/\/www.nationalturk.com\/tr\/tsk-acikladi-kuzey-irakta-20-terorist-etkisiz-hale-getirildi\/","title":{"rendered":"TSK a\u00e7\u0131klad\u0131: Kuzey Irak&#8217;ta 20 ter\u00f6rist etkisiz hale getirildi!"},"content":{"rendered":"<h2>T\u00fcrk Silahl\u0131 Kuvvetleri, Kuzey Irak&#8217;ta\u00a0 20 PKK&#8217;l\u0131 ter\u00f6ristin \u00f6ld\u00fcr\u00fcld\u00fc\u011f\u00fc bildirildi.<\/h2>\n<p>T\u00fcrk Silahl\u0131 Kuvvetlerince, 12-18 Ocak&#8217;ta PKK\/KCK ter\u00f6r \u00f6rg\u00fct\u00fcn\u00fcn bar\u0131nma alan\u0131 ve yurt i\u00e7ine ge\u00e7i\u015f g\u00fczergah\u0131 olarak kulland\u0131\u011f\u0131 Bitlis, Mardin, Diyarbak\u0131r ile Irak\u2019\u0131n kuzeyinde y\u00fcr\u00fct\u00fclen operasyonlarda 20 ter\u00f6ristin etkisiz hale getirildi\u011fi bildirildi.<\/p>\n<!-- Error, Advert is not available at this time due to schedule\/geolocation restrictions! -->\n","protected":false},"excerpt":{"rendered":"<p>T\u00fcrk Silahl\u0131 Kuvvetleri, Kuzey Irak&#8217;ta\u00a0 20 PKK&#8217;l\u0131 ter\u00f6ristin \u00f6ld\u00fcr\u00fcld\u00fc\u011f\u00fc bildirildi. T\u00fcrk Silahl\u0131 Kuvvetlerince, 12-18 Ocak&#8217;ta PKK\/KCK ter\u00f6r \u00f6rg\u00fct\u00fcn\u00fcn bar\u0131nma alan\u0131 ve yurt i\u00e7ine ge\u00e7i\u015f g\u00fczergah\u0131 olarak kulland\u0131\u011f\u0131 Bitlis, Mardin, Diyarbak\u0131r ile Irak\u2019\u0131n kuzeyinde y\u00fcr\u00fct\u00fclen operasyonlarda 20 ter\u00f6ristin etkisiz hale getirildi\u011fi bildirildi.<\/p>\n","protected":false},"author":9192198,"featured_media":259003,"comment_status":"open","ping_status":"open","sticky":false,"template":"","format":"standard","meta":{"_acf_changed":false,"footnotes":""},"categories":[5005,349,6805],"tags":[1469,1470,33893,9759,2204,54126,5592,11757],"class_list":["post-260476","post","type-post","status-publish","format-standard","has-post-thumbnail","hentry","category-manset","category-son-dakika","category-turkiye","tag-bitlis","tag-diyarbakir","tag-kck","tag-kuzey-irak","tag-mardin","tag-operasyon","tag-pkk","tag-turk-silahli-kuvvetleri"],"acf":[],"_links":{"self":[{"href":"https:\/\/www.nationalturk.com\/tr\/wp-json\/wp\/v2\/posts\/260476","targetHints":{"allow":["GET"]}}],"collection":[{"href":"https:\/\/www.nationalturk.com\/tr\/wp-json\/wp\/v2\/posts"}],"about":[{"href":"https:\/\/www.nationalturk.com\/tr\/wp-json\/wp\/v2\/types\/post"}],"author":[{"embeddable":true,"href":"https:\/\/www.nationalturk.com\/tr\/wp-json\/wp\/v2\/users\/9192198"}],"replies":[{"embeddable":true,"href":"https:\/\/www.nationalturk.com\/tr\/wp-json\/wp\/v2\/comments?post=260476"}],"version-history":[{"count":0,"href":"https:\/\/www.nationalturk.com\/tr\/wp-json\/wp\/v2\/posts\/260476\/revisions"}],"wp:featuredmedia":[{"embeddable":true,"href":"https:\/\/www.nationalturk.com\/tr\/wp-json\/wp\/v2\/media\/259003"}],"wp:attachment":[{"href":"https:\/\/www.nationalturk.com\/tr\/wp-json\/wp\/v2\/media?parent=260476"}],"wp:term":[{"taxonomy":"category","embeddable":true,"href":"https:\/\/www.nationalturk.com\/tr\/wp-json\/wp\/v2\/categories?post=260476"},{"taxonomy":"post_tag","embeddable":true,"href":"https:\/\/www.nationalturk.com\/tr\/wp-json\/wp\/v2\/tags?post=260476"}],"curies":[{"name":"wp","href":"https:\/\/api.w.org\/{rel}","templated":true}]}}