{"id":260478,"date":"2018-01-20T11:21:05","date_gmt":"2018-01-20T08:21:05","guid":{"rendered":"http:\/\/www.nationalturk.com\/?p=260478"},"modified":"2018-01-20T11:21:05","modified_gmt":"2018-01-20T08:21:05","slug":"abd-lideri-trumpin-son-hamlesi-ise-yaramadi","status":"publish","type":"post","link":"https:\/\/www.nationalturk.com\/tr\/abd-lideri-trumpin-son-hamlesi-ise-yaramadi\/","title":{"rendered":"ABD Lideri Trump&#8217;\u0131n son hamlesi i\u015fe yaramad\u0131!"},"content":{"rendered":"<h2>ABD Federal H\u00fck\u00fcmeti, Cumhuriyet\u00e7iler ve Demokratlar b\u00fct\u00e7e konusunda anla\u015famad\u0131klar\u0131 i\u00e7in Trump\u2019\u0131n ba\u015fkanl\u0131\u011f\u0131n\u0131n ilk y\u0131l d\u00f6n\u00fcm\u00fcnde resmi olarak kapand\u0131. Bir\u00e7ok federal kurumun hizmetlerini, 20 Ocak 2018 itibariyle ge\u00e7ici olarak ask\u0131ya almas\u0131na yol a\u00e7an b\u00fct\u00e7e krizi, milyonlarca kamu \u00e7al\u0131\u015fan\u0131n\u0131n \u00fccret almadan \u00e7al\u0131\u015fmas\u0131na ya da zorunlu izne \u00e7\u0131kar\u0131lmas\u0131na neden olacak.<\/h2>\n<p>H\u00fck\u00fcmetin kapanmas\u0131 ile ulusal an\u0131t ve parklar da ziyaret\u00e7ilere kapat\u0131lacak. Krizin uzama s\u00fcresine ba\u011fl\u0131 olarak gazilik ve emeklilik \u00f6demelerinin ertelenmesi, ABD i\u00e7inde vize ve pasaport i\u015flemlerinin yap\u0131lamayaca\u011f\u0131 \u00f6ng\u00f6r\u00fcl\u00fcyor.<\/p>\n<p>Hava trafik kontrol\u00fc ve g\u0131da denetimleri gibi zorunlu kabul edilen \u00e7al\u0131\u015fmalar devam edecek. G\u00fcvenlik g\u00fc\u00e7leri, itfaiye, Ulusal Orman Hizmetleri Ba\u015fkanl\u0131\u011f\u0131, sa\u011fl\u0131k, posta \u00e7al\u0131\u015fanlar\u0131 i\u015flerine devam edecek. Savunma Bakanl\u0131\u011f\u0131, askeri \u00fcniformal\u0131 personelin normal \u00e7al\u0131\u015fmas\u0131n\u0131n devam edece\u011fini bildirdi. Ancak sivil personelin bir\u00e7o\u011fundan evde kalmalar\u0131 istenecek.<\/p>\n<h3>Bu \u00fclke tarihinde bir ilk<\/h3>\n<p>ABD tarihinde ilk kez bir parti (Cumhuriyet\u00e7iler) hem Temsilciler Meclisi hem Senato hem de Beyaz Saray&#8217;da iktidarken h\u00fck\u00fcmet kapand\u0131.<\/p>\n<p>Federal kamu kurulu\u015flar\u0131n\u0131n faaliyetlerini s\u00fcrd\u00fcrmesini sa\u011flayan \u00fc\u00e7\u00fcnc\u00fc ge\u00e7ici b\u00fct\u00e7enin s\u00fcresi Washington saatiyle 00.00&#8217;da doldu. Cumhuriyet\u00e7iler ile Demokratlar\u0131n d\u00f6rd\u00fcnc\u00fc ge\u00e7ici b\u00fct\u00e7e tasar\u0131s\u0131n\u0131 gece yar\u0131s\u0131ndan \u00f6nce Kongre&#8217;den ge\u00e7irememesi, federal h\u00fck\u00fcmetin finansman yetersizli\u011fi nedeniyle ge\u00e7ici olarak &#8216;kepenk kapanmas\u0131na&#8217; yol a\u00e7t\u0131.<\/p>\n<p>S\u00f6z konusu tasar\u0131s\u0131, ABD Temsilciler Meclisi&#8217;nden d\u00fcn ge\u00e7mesine kar\u015f\u0131n ABD Senatosu&#8217;nda gerekli 60 &#8216;Evet&#8217; oyuna ula\u015famad\u0131.<\/p>\n<p>Demokratlar\u0131n b\u00fct\u00e7e tasar\u0131s\u0131na \u015fiddetle kar\u015f\u0131 \u00e7\u0131kmas\u0131nda, \u00fclkeye \u00e7ocuk ya\u015fta aileleri taraf\u0131ndan ka\u00e7ak olarak getirilen ve &#8216;Hayalperestler&#8217; olarak an\u0131lan 800.000 civar\u0131nda gen\u00e7 g\u00f6\u00e7meni koruyan DACA isimli programa y\u00f6nelik anla\u015fmazl\u0131k \u00f6nemli rol oynad\u0131.<\/p>\n<p>Demokrat Kongre \u00fcyeleri, b\u00fct\u00e7e tasar\u0131s\u0131na destek vermek i\u00e7in hayat\u0131n\u0131n b\u00fcy\u00fck b\u00f6l\u00fcm\u00fcn\u00fc ABD&#8217;de ge\u00e7iren DACA g\u00f6\u00e7menleri i\u00e7in bir an \u00f6nce \u00e7\u00f6z\u00fcm getirilmesi \u015fart\u0131n\u0131 ko\u015ftu.<\/p>\n<p>Cumhuriyet\u00e7iler, bu talebi DACA program\u0131 i\u00e7in mart ay\u0131na kadar zaman oldu\u011funu savunarak reddederken, Demokratlar\u0131 ka\u00e7ak g\u00f6\u00e7menleri, Amerikan ordusu, kamu \u00e7al\u0131\u015fanlar\u0131 ve Amerikan halk\u0131n\u0131n \u00fczerinde tutmakla itham etti.<\/p>\n<p>\u00d6te yandan, Demokrat senat\u00f6rler, hem Kongre&#8217;yi hem Beyaz Saray&#8217;\u0131 Cumhuriyet\u00e7ilerin kontrol etti\u011fine vurgu yaparak, h\u00fck\u00fcmetin kapanmas\u0131ndan partiler \u00fcst\u00fc \u00f6nerileri desteklemeyen Cumhuriyet\u00e7ilerin sorumlu oldu\u011funu savunuyor.<\/p>\n<p>Trump, ge\u00e7en y\u0131l sonland\u0131rd\u0131\u011f\u0131 program kapsam\u0131ndaki g\u00f6\u00e7menler i\u00e7in yasal bir d\u00fczenleme \u00e7\u0131kar\u0131lmas\u0131 i\u00e7in Kongre&#8217;ye 5 Mart&#8217;a kadar s\u00fcre tan\u0131m\u0131\u015ft\u0131.<\/p>\n<h4>&#8220;Demokratlar siyaseti ulusal g\u00fcvenli\u011fimize tercih etti!<\/h4>\n<p>Federal h\u00fck\u00fcmetin b\u00fct\u00e7e krizi nedeniyle k\u0131smen ve ge\u00e7ici olarak kapanmas\u0131n\u0131n ard\u0131ndan Beyaz Saray&#8217;dan Bas\u0131n S\u00f6zc\u00fcs\u00fc Sarah Sanders ad\u0131na yaz\u0131l\u0131 bir a\u00e7\u0131klama yap\u0131ld\u0131.<\/p>\n<p>Demokratlar\u0131n siyaseti \u00fclke g\u00fcvenli\u011fine tercih etti\u011fi iddia edilen a\u00e7\u0131klamada, h\u00fck\u00fcmetin kapanmas\u0131ndan Senato Az\u0131nl\u0131k Lideri Chuck Schumer sorumlu tutuldu.<\/p>\n<p>A\u00e7\u0131klamada, Sanders&#8217;\u0131n &#8220;Demokratlar me\u015fru vatanda\u015flar\u0131m\u0131z\u0131 pervas\u0131z talepleri i\u00e7in rehine olarak kullan\u0131rken, ka\u00e7ak g\u00f6\u00e7menlerin stat\u00fcs\u00fcn\u00fc m\u00fczakere etmeyece\u011fiz&#8221; ifadelerine yer verildi.<\/p>\n<!-- Error, Advert is not available at this time due to schedule\/geolocation restrictions! -->\n","protected":false},"excerpt":{"rendered":"<p>ABD Federal H\u00fck\u00fcmeti, Cumhuriyet\u00e7iler ve Demokratlar b\u00fct\u00e7e konusunda anla\u015famad\u0131klar\u0131 i\u00e7in Trump\u2019\u0131n ba\u015fkanl\u0131\u011f\u0131n\u0131n ilk y\u0131l d\u00f6n\u00fcm\u00fcnde resmi olarak kapand\u0131. Bir\u00e7ok federal kurumun hizmetlerini, 20 Ocak 2018 itibariyle ge\u00e7ici olarak ask\u0131ya almas\u0131na yol a\u00e7an b\u00fct\u00e7e krizi, milyonlarca kamu \u00e7al\u0131\u015fan\u0131n\u0131n \u00fccret almadan \u00e7al\u0131\u015fmas\u0131na ya da zorunlu izne \u00e7\u0131kar\u0131lmas\u0131na neden olacak. H\u00fck\u00fcmetin kapanmas\u0131 ile ulusal an\u0131t ve parklar da &hellip;<\/p>\n","protected":false},"author":9192198,"featured_media":259665,"comment_status":"open","ping_status":"open","sticky":false,"template":"","format":"standard","meta":{"_acf_changed":false,"footnotes":""},"categories":[5005,349],"tags":[1887,52887,52888,207774],"class_list":["post-260478","post","type-post","status-publish","format-standard","has-post-thumbnail","hentry","category-manset","category-son-dakika","tag-abd","tag-cumhuriyetciler","tag-demokratlar","tag-trump"],"acf":[],"_links":{"self":[{"href":"https:\/\/www.nationalturk.com\/tr\/wp-json\/wp\/v2\/posts\/260478","targetHints":{"allow":["GET"]}}],"collection":[{"href":"https:\/\/www.nationalturk.com\/tr\/wp-json\/wp\/v2\/posts"}],"about":[{"href":"https:\/\/www.nationalturk.com\/tr\/wp-json\/wp\/v2\/types\/post"}],"author":[{"embeddable":true,"href":"https:\/\/www.nationalturk.com\/tr\/wp-json\/wp\/v2\/users\/9192198"}],"replies":[{"embeddable":true,"href":"https:\/\/www.nationalturk.com\/tr\/wp-json\/wp\/v2\/comments?post=260478"}],"version-history":[{"count":0,"href":"https:\/\/www.nationalturk.com\/tr\/wp-json\/wp\/v2\/posts\/260478\/revisions"}],"wp:featuredmedia":[{"embeddable":true,"href":"https:\/\/www.nationalturk.com\/tr\/wp-json\/wp\/v2\/media\/259665"}],"wp:attachment":[{"href":"https:\/\/www.nationalturk.com\/tr\/wp-json\/wp\/v2\/media?parent=260478"}],"wp:term":[{"taxonomy":"category","embeddable":true,"href":"https:\/\/www.nationalturk.com\/tr\/wp-json\/wp\/v2\/categories?post=260478"},{"taxonomy":"post_tag","embeddable":true,"href":"https:\/\/www.nationalturk.com\/tr\/wp-json\/wp\/v2\/tags?post=260478"}],"curies":[{"name":"wp","href":"https:\/\/api.w.org\/{rel}","templated":true}]}}