{"id":26049,"date":"2010-05-31T16:06:30","date_gmt":"2010-05-31T14:06:30","guid":{"rendered":"http:\/\/www.nationalturk.com\/?p=26049"},"modified":"2024-09-10T12:34:33","modified_gmt":"2024-09-10T09:34:33","slug":"israilbile-bile-lades","status":"publish","type":"post","link":"https:\/\/www.nationalturk.com\/tr\/israilbile-bile-lades\/","title":{"rendered":"\u0130srail ve Bile Bile Lades"},"content":{"rendered":"<p><strong><a href=\"http:\/\/www.nationalturk.com\/tr\/wp-content\/uploads\/2010\/06\/omer_demir1.jpg\"><img loading=\"lazy\" decoding=\"async\" class=\"alignleft\" title=\"\u00d6mer Demir\" src=\"http:\/\/www.nationalturk.com\/tr\/wp-content\/uploads\/2010\/06\/omer_demir1.jpg\" alt=\"\" width=\"88\" height=\"115\"><\/a>Yak\u0131n tarihte ya\u015fanan \u2018\u2019one minute\u201d krizi, \u201cal\u00e7ak koltuk\u201d krizi derken \u0130srail daha ileri giderek 10 vatanda\u015f\u0131m\u0131z\u0131 katletti .<\/strong><\/p>\n<p>Durum di\u011fer krizlerden \u00e7ok farkl\u0131 \u015fimdi \u00e7\u00fcnk\u00fc ilk kez i\u015fin i\u00e7ine \u201ckan\u201d girdi.<br \/>\nSabah saatlerinde Filistin\u2019e yard\u0131m g\u00f6t\u00fcr\u00fcrken Uluslararas\u0131 sularda T\u00fcrk bayrakl\u0131 \u0130HH yard\u0131m gemilerine yap\u0131lan operasyonlar\u0131n \u00f6nceden planland\u0131\u011f\u0131 a\u00e7\u0131kland\u0131.<\/p>\n<p>Bununla bereber hatta esir kamplar\u0131n\u0131n bile \u00f6nceden kuruldu\u011fu,operasyonun ismi bile konulmu\u015f olmas\u0131, \u0130HH \u2018\u0131n bunu biliyor olmas\u0131 ve son \u00fc\u00e7 g\u00fcnd\u00fcr, israil donanmas\u0131na ait 3 f\u00fcze gemisinin Hayfa liman\u0131nda demirledi\u011fini bildirmi\u015f olmas\u0131, gemilerde \u0130srail donanmas\u0131na ait komando birliklerinin, donanma subaylar\u0131n\u0131n ve istihkamc\u0131lar\u0131n haz\u0131r bekliyor olmas\u0131, gemilere m\u00fcdahaleyi g\u00f6r\u00fcnt\u00fcleyip bas\u0131na da\u011f\u0131tacak israil savunma kuvvetleri s\u00f6zc\u00fcl\u00fc\u011f\u00fcnden g\u00f6revli personelin de haz\u0131r bulunmu\u015f olmas\u0131,operasyon \u00f6ncesi \u00e7ekilen fotograflar\u0131n internet sitelerinde yay\u0131nlanmas\u0131 ak\u0131llara vatanda\u015flar\u0131m\u0131z\u0131n g\u00f6z g\u00f6re g\u00f6re \u015fehit oldu\u011fu ger\u00e7e\u011fini do\u011furuyor..<\/p>\n<p>H\u00fck\u00fcmet ad\u0131na konu\u015fan B\u00fclent Ar\u0131n\u00e7 \u2018\u0131n \u0130HH \u2018a ithafen bizim talimat\u0131m\u0131zla g\u00f6nderilmedi ve bizim onay\u0131m\u0131z zaten yoktu a\u00e7\u0131klamas\u0131 tatmin etmedi.<\/p>\n<p><strong>Ama as\u0131l soru, \u0130srail neden kendi karasular\u0131 dahilinde denetim ve m\u00fcdale imkan\u0131 varken ve uluslararas\u0131 sularda yapaca\u011f\u0131 bir sald\u0131r\u0131n\u0131n hukuka ayk\u0131r\u0131 oldu\u011fu ortadayken , bu sald\u0131r\u0131yla beraber zaten \u00fcst sevileyerde olan antipati katsay\u0131s\u0131na tavan yapt\u0131raca\u011f\u0131n\u0131 bile bile bu olay\u0131 yapt\u0131.<\/strong><\/p>\n<p><strong>\u0130kincisi g\u00fcnler \u00f6ncesinden denetimi haricindeki yard\u0131m gemilerinin ge\u00e7i\u015fine izin vermiyece\u011fini a\u00e7\u0131klam\u0131\u015fken ve<\/strong> organizasyon da bu denetimi kabul etmemi\u015fken , neden bunlar\u0131n ya\u015fan\u0131laca\u011f\u0131 bilindi\u011fi halde T\u00fcrkiye \u00f6nlem almadan yard\u0131m g\u00f6t\u00fcrenlere daha dikkatli davranmad\u0131.<\/p>\n<p><strong>\u00dc\u00e7\u00fcnc\u00fc soru ise aralar\u0131nda Yunan gemilerininde bulundu\u011fu di\u011fer \u00fclke gemilerine ate\u015f a\u00e7\u0131lmazken T\u00fcrk bayrakl\u0131<\/strong> gemilere sald\u0131r\u0131da bulunulmu\u015f olmas\u0131,bu yard\u0131m gemisinde sald\u0131r\u0131 biline biline bebeklerin,\u00e7ocuklar\u0131n, kad\u0131nlar\u0131n ve ya\u015fl\u0131lar\u0131n ne i\u015finin oldu\u011fu merak edilen ,<strong>son olarak olarak d\u00fcnyan\u0131n \u00e7ok alakas\u0131z bir yerinde basit bir olay\u0131 BREAK\u0130NG NEWS alt yaz\u0131s\u0131yla veren BBC ve CNN gibi haber kurulu\u015flar\u0131n\u0131n bu haberi (haberin \u00fczeriden 10 saat ge\u00e7mesine ra\u011fmen)habere yeterince de\u011finmemeleri d\u00fc\u015f\u00fcnd\u00fcr\u00fcc\u00fc..<\/strong><\/p>\n<p>Bug\u00fcn yine \u0130skenderun\u2019da pkk\u2019n\u0131n d\u00fczenledi\u011fi sald\u0131r\u0131da \u015fehit olan 7 askerimizle bu olay\u0131 kar\u015f\u0131la\u015ft\u0131rarak ve duygular\u0131m\u0131zdan ar\u0131n\u0131p kar\u015f\u0131la\u015ft\u0131rma yapmak gerekiyor.<\/p>\n<p>Hamas, \u0130srail&#8217;e ve D\u00fcnya hukuk kurallar\u0131na g\u00f6re ter\u00f6r \u00f6rg\u00fct\u00fc yani d\u00fcnyan\u0131n g\u00f6z\u00fcnde asla normal bir siyas\u00ee hareket olamayan pkk ile e\u015fde\u011fer say\u0131labilen bir \u00f6rg\u00fct.<br \/>\nBizim Filistini ve Hamas \u2018\u0131 sahiplenmemizin tek sebebi din unsuru oldu\u011fuda a\u015fikar.<\/p>\n<p>Ancak Hamas \u2018\u0131n m\u00fcsl\u00fcmanl\u0131k hareketi halk\u0131n\u0131\u00a0hedefe ula\u015ft\u0131rmayacak gibi g\u00f6r\u00fcn\u00fcyor.<br \/>\nZaten belli bir hedeflerinin bile olmamas\u0131 bu sava\u015fta g\u00f6n\u00fcl istemesede hep zor g\u00fcnlere mahkum olacaklar\u0131n\u0131 g\u00f6steriyor.<br \/>\n\u0130srail ile sava\u015fta olduklar\u0131n\u0131 kabul edip halk\u0131 ba\u011f\u0131ms\u0131zl\u0131k i\u00e7in \u00f6rg\u00fctleyebilseler, uluslararas\u0131 arenada hak arama m\u00fccadelesine girseler, o zaman anlaml\u0131 i\u015fler yapacaklar.Ba\u011f\u0131ms\u0131zl\u0131k sava\u015f\u0131n\u0131 ta\u015f atarak kazanaca\u011f\u0131n\u0131 sanan bir halk, onun kar\u015f\u0131s\u0131nda ise sun\u00ee devletini \u00e7ok b\u00fcy\u00fck sanan bir \u00fclke&#8230;<\/p>\n<p>Nas\u0131l ki bu memlekette pkk\u2019ya yard\u0131m sa\u011flayan her kurum,kurulu\u015fa ve yard\u0131m eden \u00fclkelere lanetler ya\u011fd\u0131r\u0131l\u0131yor, pkk kamplar\u0131 kuran \u00fclkelere nefretle bak\u0131l\u0131yor, ayn\u0131 durumda israil i\u00e7in de ayn\u0131 hakk\u0131 tan\u0131makla e\u015fde\u011fer olurmu sorusu ak\u0131llara geliyor .<br \/>\nHakeza onlar\u0131nda \u00fclkesinde bombalar patl\u0131yor her g\u00fcn, hemde canl\u0131 bomba heran heryerde olabilir deniyor ve halk\u0131 bin kat fazla korkuyla ya\u015f\u0131yor, \u00e7\u00fcnk\u00fc zaten alt\u0131 yedi milyon n\u00fcfuslu \u00fclkesinde kad\u0131nlara bile iki sene zorunlu askerlik hizmeti g\u00f6rd\u00fcr\u00fcyor.<\/p>\n<p>Biz nekadar pkk ya kar\u015f\u0131 bu kadar bilenmi\u015f isek , \u0130srail\u2019de hamasa kar\u015f\u0131 bu kadar nefret dolu.Baz\u0131lar\u0131na g\u00f6re pkk ya da Hamas hakl\u0131 olsa bile toprak istemekle (ihtimal \u00fczerine konu\u015fuyorum asla desteklemiyorum ikisini de) bu haklar\u0131n\u0131 arama yollar\u0131 insanl\u0131k d\u0131\u015f\u0131 ve sonuna kadar da yanl\u0131\u015f.<\/p>\n<p>\u0130\u015fte bu ba\u011flamda tekrarlamakta fayda g\u00f6r\u00fcyorum, biz m\u00fcsl\u00fcman d\u00fcnyas\u0131 olarak her nekadar Filistini kendimize yak\u0131n g\u00f6rsekte bat\u0131n\u0131n g\u00f6z\u00fcnde pkk ve Hamas e\u015fit.<\/p>\n<p>Biz nas\u0131l ki &#8216; ya ate\u015f p\u00fcsk\u00fcr\u00fcyorsak, devletimizin yapt\u0131\u011f\u0131 operasyonlar\u0131 da me\u015fru g\u00f6rebiliyorsak, aynen \u0130srail&#8217; in yapt\u0131klar\u0131n\u0131 da me\u015fru g\u00f6rebilmeliyiz. Bu protesto eylemine bilin\u00e7sizce kat\u0131lan, facebook avatar\u0131n\u0131 k\u0131rm\u0131z\u0131 \u00e7arp\u0131yla \u00e7izilmi\u015f israil bayra\u011f\u0131 yapan, kahrolsun israil diye msn iletileri d\u00f6\u015feyen zihniyetin de sorunun \u00e7\u00f6z\u00fcm\u00fcne katk\u0131da bulunaca\u011f\u0131n\u0131 sanm\u0131yorum ..<\/p>\n<p>Van m\u00fcn\u00fct hadisesi alk\u0131\u015flarla kar\u015f\u0131lan\u0131rken, \u0130srail devlet ba\u015fkan\u0131n\u0131n Ba\u015fbakan\u0131m\u0131za sordu\u011fu soruyu \u0130skenderun sald\u0131r\u0131s\u0131ndan sonra daha iyi anlamaya ba\u015flad\u0131m &#8220;sizin de her g\u00fcn kafan\u0131za onlarca, binlerce roket ya\u011fsa, \u015fehrinizin g\u00f6be\u011finde bombalar patlat\u0131lsa, intihar sald\u0131r\u0131lar\u0131 d\u00fczenlense ne yapard\u0131n\u0131z?&#8221;..<br \/>\n\u00dclkenin hen\u00fcz b\u00fct\u00fcn ortado\u011fuya el at\u0131p da o topraklar\u0131n tamam\u0131n\u0131 \u00e7ekip \u00e7evirebilecek askeri g\u00fcce de, siyasi otoriteye de sahip olmad\u0131\u011f\u0131n\u0131 biliyorsak, \u0130srail&#8217; in kendisiyle sava\u015f halinde oldu\u011fu bir \u00fclkeye yollad\u0131\u011f\u0131m\u0131z bir yard\u0131m konvoyu durdurmak ,engellemek isteyece\u011fini bilmek gerekiyor.<\/p>\n<p>Malesef bu konuda tarafs\u0131z kalam\u0131yorum \u00e7\u00fcnk\u00fc \u00f6len vatanda\u015flar benim vatanda\u015f\u0131m ve \u00f6len askerlerin ordusu benim ordum ama bu sava\u015f\u0131n facebook avatar\u0131n\u0131 k\u0131rm\u0131z\u0131 \u00e7arp\u0131yla \u00e7izilmi\u015f israil bayra\u011f\u0131 yaparak ve msn iletileriyle \u00e7\u00f6z\u00fclemeyece\u011fide ortada&#8230;<\/p>\n<p>Ba\u015f\u0131m\u0131z sa\u011folsun &#8230;<\/p>\n<p><strong>\u00d6mer Demir<\/strong><\/p>\n<p><a title=\"\u00d6mer Demir Yaz\u0131lar\u0131\" href=\"http:\/\/www.nationalturk.com\/haber\/yazarlar\/omer-demir\" target=\"_blank\" rel=\"noopener noreferrer\">Yazar\u0131n t\u00fcm yaz\u0131lar\u0131na g\u00f6zat \u00bb<\/a><\/p>\n<span style=\"font-weight: bold; color: #f00;\">Error, group does not exist! Check your syntax! (ID: 53)<\/span>\n<span style=\"font-weight: bold; color: #f00;\">Error, group does not exist! Check your syntax! (ID: 51)<\/span>\n<div><\/div>\n","protected":false},"excerpt":{"rendered":"<p>Yak\u0131n tarihte ya\u015fanan \u2018\u2019one minute\u201d krizi, \u201cal\u00e7ak koltuk\u201d krizi derken \u0130srail daha ileri giderek 10 vatanda\u015f\u0131m\u0131z\u0131 katletti . Durum di\u011fer krizlerden \u00e7ok farkl\u0131 \u015fimdi \u00e7\u00fcnk\u00fc ilk kez i\u015fin i\u00e7ine \u201ckan\u201d girdi. Sabah saatlerinde Filistin\u2019e yard\u0131m g\u00f6t\u00fcr\u00fcrken Uluslararas\u0131 sularda T\u00fcrk bayrakl\u0131 \u0130HH yard\u0131m gemilerine yap\u0131lan operasyonlar\u0131n \u00f6nceden planland\u0131\u011f\u0131 a\u00e7\u0131kland\u0131. Bununla bereber hatta esir kamplar\u0131n\u0131n bile \u00f6nceden &hellip;<\/p>\n","protected":false},"author":9192212,"featured_media":28458,"comment_status":"open","ping_status":"open","sticky":false,"template":"","format":"standard","meta":{"_acf_changed":false,"footnotes":""},"categories":[6767,6768,6769,6770,6665,6155,6771,5005,6805],"tags":[28165,4208,28166,6963,6964,28160,28044,1555,28159,28040,195988,1806,5592,31650,29166,28161,28163],"class_list":["post-26049","post","type-post","status-publish","format-standard","has-post-thumbnail","hentry","category-afrika","category-amerika","category-asya","category-avrupa","category-dunya","category-gundem","category-latin-amerika","category-manset","category-turkiye","tag-bbc","tag-bulent-arinc","tag-cnn","tag-gazze","tag-hamas","tag-hamas-pkk","tag-ihh","tag-israil","tag-kahrolsun-israil","tag-mavi-marmara","tag-omer-demir","tag-one-minute","tag-pkk","tag-sehit","tag-sehit-cenazeleri","tag-turk-bayrakli-ihh","tag-uluslararasi-sularda"],"acf":[],"_links":{"self":[{"href":"https:\/\/www.nationalturk.com\/tr\/wp-json\/wp\/v2\/posts\/26049","targetHints":{"allow":["GET"]}}],"collection":[{"href":"https:\/\/www.nationalturk.com\/tr\/wp-json\/wp\/v2\/posts"}],"about":[{"href":"https:\/\/www.nationalturk.com\/tr\/wp-json\/wp\/v2\/types\/post"}],"author":[{"embeddable":true,"href":"https:\/\/www.nationalturk.com\/tr\/wp-json\/wp\/v2\/users\/9192212"}],"replies":[{"embeddable":true,"href":"https:\/\/www.nationalturk.com\/tr\/wp-json\/wp\/v2\/comments?post=26049"}],"version-history":[{"count":0,"href":"https:\/\/www.nationalturk.com\/tr\/wp-json\/wp\/v2\/posts\/26049\/revisions"}],"wp:featuredmedia":[{"embeddable":true,"href":"https:\/\/www.nationalturk.com\/tr\/wp-json\/wp\/v2\/media\/28458"}],"wp:attachment":[{"href":"https:\/\/www.nationalturk.com\/tr\/wp-json\/wp\/v2\/media?parent=26049"}],"wp:term":[{"taxonomy":"category","embeddable":true,"href":"https:\/\/www.nationalturk.com\/tr\/wp-json\/wp\/v2\/categories?post=26049"},{"taxonomy":"post_tag","embeddable":true,"href":"https:\/\/www.nationalturk.com\/tr\/wp-json\/wp\/v2\/tags?post=26049"}],"curies":[{"name":"wp","href":"https:\/\/api.w.org\/{rel}","templated":true}]}}