{"id":260672,"date":"2018-01-25T17:40:40","date_gmt":"2018-01-25T14:40:40","guid":{"rendered":"http:\/\/www.nationalturk.com\/?p=260672"},"modified":"2018-01-25T17:40:40","modified_gmt":"2018-01-25T14:40:40","slug":"bayern-munih-yildizinin-besiktas-cekincesi-bizim-icin-uyari-olmali","status":"publish","type":"post","link":"https:\/\/www.nationalturk.com\/tr\/bayern-munih-yildizinin-besiktas-cekincesi-bizim-icin-uyari-olmali\/","title":{"rendered":"Bayern M\u00fcnih y\u0131ld\u0131z\u0131n\u0131n Be\u015fikta\u015f \u00e7ekincesi: Bizim i\u00e7in uyar\u0131 olmal\u0131"},"content":{"rendered":"<h2>Be\u015fikta\u015f&#8217;\u0131n \u015eampiyonlar Ligi&#8217;ndeki rakibi Bayern M\u00fcnih&#8217;in futbolcusu Niklas S\u00fcle Alman bas\u0131n\u0131na verdi\u011fi r\u00f6portajda siyah beyazl\u0131lar\u0131n Leipzig ma\u00e7lar\u0131n\u0131 hat\u0131rlatt\u0131.<\/h2>\n<p>\u015eampiyonlar Ligi son 16 turunda Be\u015fikta\u015f&#8217;la e\u015fle\u015fen Bayern M\u00fcnih&#8217;in futbolcusu Niklas S\u00fcle, Alman bas\u0131n\u0131na yapt\u0131\u011f\u0131 a\u00e7\u0131klamada temsilcimiz hakk\u0131nda gelen soruyu yan\u0131tlad\u0131. <\/p>\n<p>Niklas S\u00fcle, &#8220;\u015eampiyonlar Ligi&#8217;nde Be\u015fikta\u015f&#8217;a kar\u015f\u0131 favori misiniz?&#8221; sorusuna, &#8220;Kamuoyunda ve bas\u0131nda bizim a\u00e7\u0131k ara favori oldu\u011fumuz y\u00f6n\u00fcnde bir d\u00fc\u015f\u00fcnce olu\u015fturuldu. Ancak \u015eampiyonlar Ligi \u00fcst d\u00fczey bit turnuva ve burada asla kolay ma\u00e7 yoktur. Ayr\u0131ca Be\u015fikta\u015f&#8217;\u0131n Leipzig ile oynad\u0131klar\u0131 ma\u00e7larda rakibine yapt\u0131klar\u0131 bizim i\u00e7in uyar\u0131d\u0131r. Leipzig&#8217;in ne kadar ciddi bir rakip oldu\u011funu Bundesliga&#8217;dan biliyoruz. Be\u015fikta\u015f&#8217;a kar\u015f\u0131 da 2 ma\u00e7ta kaybettiler. Bu bizim i\u00e7in bir uyar\u0131 olmal\u0131.&#8221; diye konu\u015ftu. <\/p>\n<!-- Error, Advert is not available at this time due to schedule\/geolocation restrictions! -->\n","protected":false},"excerpt":{"rendered":"<p>Be\u015fikta\u015f&#8217;\u0131n \u015eampiyonlar Ligi&#8217;ndeki rakibi Bayern M\u00fcnih&#8217;in futbolcusu Niklas S\u00fcle Alman bas\u0131n\u0131na verdi\u011fi r\u00f6portajda siyah beyazl\u0131lar\u0131n Leipzig ma\u00e7lar\u0131n\u0131 hat\u0131rlatt\u0131. \u015eampiyonlar Ligi son 16 turunda Be\u015fikta\u015f&#8217;la e\u015fle\u015fen Bayern M\u00fcnih&#8217;in futbolcusu Niklas S\u00fcle, Alman bas\u0131n\u0131na yapt\u0131\u011f\u0131 a\u00e7\u0131klamada temsilcimiz hakk\u0131nda gelen soruyu yan\u0131tlad\u0131. Niklas S\u00fcle, &#8220;\u015eampiyonlar Ligi&#8217;nde Be\u015fikta\u015f&#8217;a kar\u015f\u0131 favori misiniz?&#8221; sorusuna, &#8220;Kamuoyunda ve bas\u0131nda bizim a\u00e7\u0131k ara favori &hellip;<\/p>\n","protected":false},"author":4,"featured_media":260673,"comment_status":"open","ping_status":"open","sticky":false,"template":"","format":"standard","meta":{"_acf_changed":false,"footnotes":""},"categories":[6774,6155,6194],"tags":[10140,1748,95555],"class_list":["post-260672","post","type-post","status-publish","format-standard","has-post-thumbnail","hentry","category-futbol","category-gundem","category-spor","tag-bayern-munih","tag-besiktas","tag-leipzig"],"acf":[],"_links":{"self":[{"href":"https:\/\/www.nationalturk.com\/tr\/wp-json\/wp\/v2\/posts\/260672","targetHints":{"allow":["GET"]}}],"collection":[{"href":"https:\/\/www.nationalturk.com\/tr\/wp-json\/wp\/v2\/posts"}],"about":[{"href":"https:\/\/www.nationalturk.com\/tr\/wp-json\/wp\/v2\/types\/post"}],"author":[{"embeddable":true,"href":"https:\/\/www.nationalturk.com\/tr\/wp-json\/wp\/v2\/users\/4"}],"replies":[{"embeddable":true,"href":"https:\/\/www.nationalturk.com\/tr\/wp-json\/wp\/v2\/comments?post=260672"}],"version-history":[{"count":0,"href":"https:\/\/www.nationalturk.com\/tr\/wp-json\/wp\/v2\/posts\/260672\/revisions"}],"wp:featuredmedia":[{"embeddable":true,"href":"https:\/\/www.nationalturk.com\/tr\/wp-json\/wp\/v2\/media\/260673"}],"wp:attachment":[{"href":"https:\/\/www.nationalturk.com\/tr\/wp-json\/wp\/v2\/media?parent=260672"}],"wp:term":[{"taxonomy":"category","embeddable":true,"href":"https:\/\/www.nationalturk.com\/tr\/wp-json\/wp\/v2\/categories?post=260672"},{"taxonomy":"post_tag","embeddable":true,"href":"https:\/\/www.nationalturk.com\/tr\/wp-json\/wp\/v2\/tags?post=260672"}],"curies":[{"name":"wp","href":"https:\/\/api.w.org\/{rel}","templated":true}]}}