{"id":260688,"date":"2018-01-26T10:48:17","date_gmt":"2018-01-26T07:48:17","guid":{"rendered":"http:\/\/www.nationalturk.com\/?p=260688"},"modified":"2018-01-26T10:48:17","modified_gmt":"2018-01-26T07:48:17","slug":"sosyal-medya-devlerinden-turkiyenin-taleplerine-olumlu-yanit","status":"publish","type":"post","link":"https:\/\/www.nationalturk.com\/tr\/sosyal-medya-devlerinden-turkiyenin-taleplerine-olumlu-yanit\/","title":{"rendered":"Sosyal medya devlerinden T\u00fcrkiye&#8217;nin taleplerine olumlu yan\u0131t"},"content":{"rendered":"<h2>Zeytin Dal\u0131 Harekat\u0131&#8217;na y\u00f6nelik sosyal medyadaki payla\u015f\u0131mlar nedeniyle g\u00f6zalt\u0131 kararlar\u0131 al\u0131n\u0131rken, Twitter, Facebook ve YouTube yetkilileri bu konuda uyar\u0131ld\u0131. Yetkililer, T\u00fcrkiye&#8217;den gelen taleplere olumlu yan\u0131t verildi\u011fini belirtiyor.<\/h2>\n<p>T\u00fcrk Silahl\u0131 Kuvvetleri\u2019nin (TSK) Afrin\u2019e y\u00f6nelik operasyonu 7. g\u00fcne girdi. Baz\u0131 sosyal medya kullan\u0131c\u0131lar\u0131 b\u00f6lgede yap\u0131lan harekat\u0131 &#8216;sava\u015f&#8217; olarak niteliyor ve harekat\u0131n sonland\u0131r\u0131lmas\u0131 talebini bu a\u011flar \u00fczerinden dile getiriyor. Bu ki\u015filerle ilgili g\u00f6zalt\u0131 ve tutuklama s\u00fcre\u00e7leri devam ederken sosyal medya devlerine uyar\u0131 yap\u0131ld\u0131\u011f\u0131 bildirildi.<\/p>\n<p>Habert\u00fcrk gazetesinde yer alan habere g\u00f6re Bilgi Teknolojileri ve \u0130leti\u015fim Kurumu (BTK), harekatla ilgili spek\u00fcletif oldu\u011funu \u00f6ne s\u00fcrd\u00fc\u011f\u00fc payla\u015f\u0131mlar yapan hesaplar\u0131 ve kullan\u0131c\u0131lar\u0131n\u0131 ba\u015fsavc\u0131l\u0131\u011fa bildiriyor. Ba\u015fbakanl\u0131k karar\u0131yla Twitter, Facebook ve YouTube\u2019daki i\u00e7erikler engelleniyor, eri\u015fime kapat\u0131l\u0131yor, yay\u0131lmas\u0131 \u00f6nleniyor. Ba\u015fsavc\u0131l\u0131k, belirlenen hesaplarla ilgili hukuki i\u015flem yap\u0131yor. Hesaplar engellendikten sonra yasa gere\u011fi 24 saat i\u00e7inde mahkemeden karar \u00e7\u0131kar\u0131l\u0131yor.<\/p>\n<p>Facebook, Twitter ve YouTube da bu konuda T\u00fcrkiye taraf\u0131ndan uyar\u0131ld\u0131. Bu kurumlardan bir yetkili, \u201cZararl\u0131, sak\u0131ncal\u0131, yalan, manip\u00fclatif i\u00e7erikler hemen kald\u0131r\u0131lmazsa geni\u015f kitlelere yay\u0131lmas\u0131n\u0131n \u00f6n\u00fcne ge\u00e7mekte ge\u00e7 kal\u0131nabiliyor. Bu nedenle \u00e7ok h\u0131zl\u0131 ve proaktif davran\u0131yoruz\u201d de\u011ferlendirmesini yapt\u0131. <\/p>\n<!-- Error, Advert is not available at this time due to schedule\/geolocation restrictions! -->\n","protected":false},"excerpt":{"rendered":"<p>Zeytin Dal\u0131 Harekat\u0131&#8217;na y\u00f6nelik sosyal medyadaki payla\u015f\u0131mlar nedeniyle g\u00f6zalt\u0131 kararlar\u0131 al\u0131n\u0131rken, Twitter, Facebook ve YouTube yetkilileri bu konuda uyar\u0131ld\u0131. Yetkililer, T\u00fcrkiye&#8217;den gelen taleplere olumlu yan\u0131t verildi\u011fini belirtiyor. T\u00fcrk Silahl\u0131 Kuvvetleri\u2019nin (TSK) Afrin\u2019e y\u00f6nelik operasyonu 7. g\u00fcne girdi. Baz\u0131 sosyal medya kullan\u0131c\u0131lar\u0131 b\u00f6lgede yap\u0131lan harekat\u0131 &#8216;sava\u015f&#8217; olarak niteliyor ve harekat\u0131n sonland\u0131r\u0131lmas\u0131 talebini bu a\u011flar \u00fczerinden dile &hellip;<\/p>\n","protected":false},"author":4,"featured_media":260689,"comment_status":"open","ping_status":"open","sticky":false,"template":"","format":"standard","meta":{"_acf_changed":false,"footnotes":""},"categories":[6155,5005,349,6224,6805],"tags":[4905,61671,9460,48055,28894,216104],"class_list":["post-260688","post","type-post","status-publish","format-standard","has-post-thumbnail","hentry","category-gundem","category-manset","category-son-dakika","category-teknoloji","category-turkiye","tag-facebook","tag-sosyal-medya","tag-tsk","tag-twitter","tag-youtube","tag-zeytin-dali"],"acf":[],"_links":{"self":[{"href":"https:\/\/www.nationalturk.com\/tr\/wp-json\/wp\/v2\/posts\/260688","targetHints":{"allow":["GET"]}}],"collection":[{"href":"https:\/\/www.nationalturk.com\/tr\/wp-json\/wp\/v2\/posts"}],"about":[{"href":"https:\/\/www.nationalturk.com\/tr\/wp-json\/wp\/v2\/types\/post"}],"author":[{"embeddable":true,"href":"https:\/\/www.nationalturk.com\/tr\/wp-json\/wp\/v2\/users\/4"}],"replies":[{"embeddable":true,"href":"https:\/\/www.nationalturk.com\/tr\/wp-json\/wp\/v2\/comments?post=260688"}],"version-history":[{"count":0,"href":"https:\/\/www.nationalturk.com\/tr\/wp-json\/wp\/v2\/posts\/260688\/revisions"}],"wp:featuredmedia":[{"embeddable":true,"href":"https:\/\/www.nationalturk.com\/tr\/wp-json\/wp\/v2\/media\/260689"}],"wp:attachment":[{"href":"https:\/\/www.nationalturk.com\/tr\/wp-json\/wp\/v2\/media?parent=260688"}],"wp:term":[{"taxonomy":"category","embeddable":true,"href":"https:\/\/www.nationalturk.com\/tr\/wp-json\/wp\/v2\/categories?post=260688"},{"taxonomy":"post_tag","embeddable":true,"href":"https:\/\/www.nationalturk.com\/tr\/wp-json\/wp\/v2\/tags?post=260688"}],"curies":[{"name":"wp","href":"https:\/\/api.w.org\/{rel}","templated":true}]}}