{"id":260927,"date":"2018-01-31T21:43:42","date_gmt":"2018-01-31T18:43:42","guid":{"rendered":"http:\/\/www.nationalturk.com\/?p=260927"},"modified":"2018-01-31T21:43:42","modified_gmt":"2018-01-31T18:43:42","slug":"zeus-tapinaginda-super-kanli-mavi-ay-tutulmasi","status":"publish","type":"post","link":"https:\/\/www.nationalturk.com\/tr\/zeus-tapinaginda-super-kanli-mavi-ay-tutulmasi\/","title":{"rendered":"Zeus Tap\u0131na\u011f\u0131&#8217;nda S\u00fcper Kanl\u0131 Mavi Ay Tutulmas\u0131"},"content":{"rendered":"<h2>S\u00fcper Kanl\u0131 Mavi Ay tutulmas\u0131 olarak adland\u0131r\u0131lan g\u00f6ky\u00fcz\u00fc olay\u0131, tarihi antik kal\u0131nt\u0131larda g\u00f6r\u00fcnt\u00fclendi.<\/h2>\n<p>Ay&#8217;\u0131n k\u0131z\u0131l g\u00f6r\u00fcnt\u00fcye b\u00fcr\u00fcnd\u00fc\u011f\u00fc tam Ay tutulmas\u0131 ile &#8220;Mavi S\u00fcper Ay&#8221; g\u00f6r\u00fcn\u00fcm\u00fc ayn\u0131 anda izlenmesi nedeniyle &#8220;S\u00fcper Kanl\u0131 Mavi Ay&#8221; tutulmas\u0131 olarak adland\u0131r\u0131lan g\u00f6ky\u00fcz\u00fc olay\u0131, K\u00fctahya&#8217;n\u0131n \u00c7avdarhisar il\u00e7esindeki Aizanoi Antik Kenti&#8217;nde izlendi.<\/p>\n<p>Tarihi antik kal\u0131nt\u0131larla &#8220;S\u00fcper Kanl\u0131 Mavi Ay&#8221; tutulmas\u0131n\u0131 g\u00f6r\u00fcnt\u00fclemek isteyen foto\u011fraf tutkunlar\u0131, &#8220;\u0130kinci Efes&#8221; olarak da adland\u0131r\u0131lan antik kentteki Zeus Tap\u0131na\u011f\u0131&#8217;na ilgi g\u00f6sterdi.<\/p>\n<p>Bu b\u00fcy\u00fcleyici do\u011fa olay\u0131, foto\u011fraf tutkunlar\u0131n\u0131n objektiflerine yans\u0131d\u0131.<\/p>\n<h2>Aizanoi Antik Kenti<\/h2>\n<p>K\u00fctahya&#8217;ya 57 kilometre mesafedeki \u00c7avdarhisar&#8217;da yer alan Aizanoi&#8217;nin ad\u0131, &#8221;Su Perisi Erato&#8221; ile efsanevi kral Arkas&#8217;\u0131n birle\u015fmesinden ortaya \u00e7\u0131kan mitoloji kahraman\u0131 &#8221;Azan&#8221;dan geliyor.<\/p>\n<p>13. y\u00fczy\u0131lda \u00c7avdar Tatarlar\u0131n\u0131n \u00fcss\u00fc oldu\u011fu, sonralar\u0131 \u00c7avdarhisar ismini ald\u0131\u011f\u0131 kaydedilen ve &#8220;\u0130kinci Efes&#8221; olarak nitelendirilen kent, Avrupal\u0131 gezginlerce 1824&#8217;te ke\u015ffedildi.<\/p>\n<!-- Error, Advert is not available at this time due to schedule\/geolocation restrictions! -->\n","protected":false},"excerpt":{"rendered":"<p>S\u00fcper Kanl\u0131 Mavi Ay tutulmas\u0131 olarak adland\u0131r\u0131lan g\u00f6ky\u00fcz\u00fc olay\u0131, tarihi antik kal\u0131nt\u0131larda g\u00f6r\u00fcnt\u00fclendi.<\/p>\n","protected":false},"author":3,"featured_media":260930,"comment_status":"open","ping_status":"open","sticky":false,"template":"","format":"standard","meta":{"_acf_changed":false,"footnotes":""},"categories":[6805,6662],"tags":[72955],"class_list":["post-260927","post","type-post","status-publish","format-standard","has-post-thumbnail","hentry","category-turkiye","category-yasam","tag-ay-tutulmasi"],"acf":[],"_links":{"self":[{"href":"https:\/\/www.nationalturk.com\/tr\/wp-json\/wp\/v2\/posts\/260927","targetHints":{"allow":["GET"]}}],"collection":[{"href":"https:\/\/www.nationalturk.com\/tr\/wp-json\/wp\/v2\/posts"}],"about":[{"href":"https:\/\/www.nationalturk.com\/tr\/wp-json\/wp\/v2\/types\/post"}],"author":[{"embeddable":true,"href":"https:\/\/www.nationalturk.com\/tr\/wp-json\/wp\/v2\/users\/3"}],"replies":[{"embeddable":true,"href":"https:\/\/www.nationalturk.com\/tr\/wp-json\/wp\/v2\/comments?post=260927"}],"version-history":[{"count":0,"href":"https:\/\/www.nationalturk.com\/tr\/wp-json\/wp\/v2\/posts\/260927\/revisions"}],"wp:featuredmedia":[{"embeddable":true,"href":"https:\/\/www.nationalturk.com\/tr\/wp-json\/wp\/v2\/media\/260930"}],"wp:attachment":[{"href":"https:\/\/www.nationalturk.com\/tr\/wp-json\/wp\/v2\/media?parent=260927"}],"wp:term":[{"taxonomy":"category","embeddable":true,"href":"https:\/\/www.nationalturk.com\/tr\/wp-json\/wp\/v2\/categories?post=260927"},{"taxonomy":"post_tag","embeddable":true,"href":"https:\/\/www.nationalturk.com\/tr\/wp-json\/wp\/v2\/tags?post=260927"}],"curies":[{"name":"wp","href":"https:\/\/api.w.org\/{rel}","templated":true}]}}