{"id":261062,"date":"2018-02-05T09:54:03","date_gmt":"2018-02-05T06:54:03","guid":{"rendered":"http:\/\/www.nationalturk.com\/?p=261062"},"modified":"2018-02-05T09:54:03","modified_gmt":"2018-02-05T06:54:03","slug":"tip-fakultelerinde-kontenjan-dusuruluyor","status":"publish","type":"post","link":"https:\/\/www.nationalturk.com\/tr\/tip-fakultelerinde-kontenjan-dusuruluyor\/","title":{"rendered":"T\u0131p Fak\u00fcltelerinde kontenjan d\u00fc\u015f\u00fcr\u00fcl\u00fcyor"},"content":{"rendered":"<h2>Sa\u011fl\u0131k Bakan\u0131 Demircan \u0130stanbul Sa\u011fl\u0131k Hizmetleri Koordinasyon Toplant\u0131s\u0131\u2019nda yapt\u0131\u011f\u0131 a\u00e7\u0131klamalarda t\u0131p fak\u00fcltesi kontenjanlar\u0131n\u0131n da d\u00fc\u015f\u00fcr\u00fclece\u011fi bilgisini verdi. Demrican, &#8220;Gelen mezun say\u0131s\u0131 ve fak\u00fcltelerdeki \u00f6\u011frenci say\u0131s\u0131 birka\u00e7 sene sonra pratisyen a\u00e7\u0131\u011f\u0131m\u0131z\u0131 kapatacak. Uzman say\u0131m\u0131zda 2030\u2019lara kalmadan kar\u015f\u0131lanm\u0131\u015f olacak\u201d ifadesini kulland\u0131.<\/h2>\n<p>T\u00fcrkiye\u2019deki doktor a\u00e7\u0131\u011f\u0131n\u0131n yak\u0131n gelecekte h\u0131zl\u0131 bir \u015fekilde azalaca\u011f\u0131n\u0131 savunan Sa\u011fl\u0131k Bakan\u0131 Ahmet Demircan, \u201cBizim \u00f6ng\u00f6rd\u00fc\u011f\u00fcm\u00fcz \u015fudur ki; 2024 y\u0131l\u0131ndan sonra biz fak\u00fcltelerdeki \u00f6\u011frenci kontenjan\u0131n\u0131 d\u00fc\u015f\u00fcrmek durumunda kalaca\u011f\u0131z. \u00c7\u00fcnk\u00fc yeterli say\u0131da \u00f6\u011frencimiz var. Y\u0131ll\u0131k 11 bin civar\u0131nda mezun veriyoruz. Gelen mezun say\u0131s\u0131 ve fak\u00fcltelerdeki \u00f6\u011frenci say\u0131s\u0131 birka\u00e7 sene sonra pratisyen a\u00e7\u0131\u011f\u0131m\u0131z\u0131 kapatacak. Uzman say\u0131m\u0131zda 2030\u2019lara kalmadan in\u015fallah kar\u015f\u0131lanm\u0131\u015f olacak\u201d ifadesini kulland\u0131.<br \/>\n\u201cBiz acil sorununu k\u0131sa zamanda g\u00fcndemimizden kald\u0131raca\u011f\u0131z\u201d diyen Demircan, \u015f\u00f6yle devam etti:<\/p>\n<p>\u201cBizim tedavi edici sa\u011fl\u0131k hizmetleri verirken kar\u015f\u0131la\u015ft\u0131\u011f\u0131m\u0131z sorunlardan birincisi acillerdeki y\u0131\u011f\u0131lmad\u0131r, ikincisi polikliniklerdir, \u00fc\u00e7\u00fcnc\u00fcs\u00fc yo\u011fun bak\u0131m yata\u011f\u0131 ihtiyac\u0131d\u0131r. Acillerde y\u0131\u011f\u0131lmam\u0131z oluyor. Acillerdeki y\u0131\u011f\u0131lman\u0131n birka\u00e7 nedeni var. Nedenlerden biri, elbetteki vatanda\u015f\u0131m\u0131z kendisini acil hissediyorsa acildir, acilde biz onu kar\u015f\u0131lamakla y\u00fck\u00fcml\u00fcy\u00fcz. Ama biz acile giren hastalar\u0131m\u0131z\u0131 alan ayr\u0131m\u0131na tabi tutuyoruz. Derhal m\u00fcdahalesi gereken acil hasta k\u0131rm\u0131z\u0131 alana al\u0131n\u0131yor. \u0130kincisi sar\u0131 alan dedi\u011fimiz h\u0131zl\u0131 bir \u015fekilde m\u00fcdahale edilmesi laz\u0131m gelen hastam\u0131zd\u0131r. \u00dc\u00e7\u00fcnc\u00fcs\u00fc ye\u015fil alan hastas\u0131, ki bu hastalar\u0131m\u0131z asl\u0131nda polikliniklerde sorunlar\u0131 \u00e7\u00f6z\u00fclebilecek hastalar\u0131m\u0131zd\u0131r ve say\u0131 olarak bunlar acile gelenlerin b\u00fcy\u00fck \u00e7o\u011funlu\u011funu te\u015fkil ederler. \u2018\u015eimdi git yar\u0131n gel\u2019 deme yerine, acile gelmi\u015f hastalar\u0131m\u0131z\u0131 h\u0131zla muayene etmemiz laz\u0131m. O nedenle g\u00fcnl\u00fck poliklinik kapasitemizin bir k\u0131sm\u0131n\u0131 ve poliklinik kapasitemizin \u00fcst\u00fcndeki uzmanlar\u0131m\u0131z\u0131 biz mesai saatini kayd\u0131rarak 16.00-23.00 \u00e7al\u0131\u015ft\u0131rmak \u00fczere bu y\u0131\u011f\u0131lmay\u0131 eritmek \u015feklinde bir planlama yapt\u0131k.&#8221;<br \/>\nAcil servislerde sar\u0131 ve k\u0131rm\u0131z\u0131 alanda g\u00f6zleme al\u0131nan hastay\u0131 uzun s\u00fcre acilde bekletmeyeceklerini belirten Demircan, \u00f6zel hastanelerde de acile yer ve zaman ay\u0131rmalar\u0131n\u0131 temin edecek tedbirler ald\u0131klar\u0131n\u0131 ve adaha da alacaklar\u0131n\u0131 vurgulad\u0131.<\/p>\n<p>Demircan, \u201cB\u00fct\u00fcn T\u00fcrkiye genelinde 63 hastanemiz bu \u015fekilde yo\u011fun. 20\u2019si \u0130stanbul\u2019da olan bu hastanelerde uygulamay\u0131 ba\u015flatt\u0131k. Tabi ki uygulama en verimli \u015fekliyle ba\u015flamayabilir. Uzmanlar\u0131, n\u00f6bet \u00e7izelgelerini olu\u015fturup hastane ba\u015fhekimlerimiz, sa\u011fl\u0131k m\u00fcd\u00fcrlerimiz konuyu takip edecek. Bu 63 hastanede fiilen ba\u015flad\u0131\u201d diye konu\u015ftu.<\/p>\n<p>\u201cYo\u011fun bak\u0131m yata\u011f\u0131 ihtiyac\u0131 asl\u0131nda T\u00fcrkiye\u2019nin ihtiya\u00e7 duyaca\u011f\u0131n\u0131 hesaplad\u0131\u011f\u0131m\u0131z yatak kapasitesine ula\u015fm\u0131\u015f durumday\u0131z\u201d diyen Bakan Demircan s\u00f6zlerini \u015f\u00f6yle s\u00fcrd\u00fcrd\u00fc: <\/p>\n<p>\u201cAma yo\u011fun bak\u0131m yataklar\u0131m\u0131z\u0131 biraz verimli kullanm\u0131yoruz noktas\u0131nda konu bizim \u00f6n\u00fcm\u00fcze geliyor, o da nedir; yo\u011fun bak\u0131m yata\u011f\u0131nda ihtiya\u00e7tan fazla hasta tutularsa ihtiyac\u0131 olan hasta i\u00e7in oras\u0131 dolu g\u00f6r\u00fcn\u00fcyor. Burada hastalar\u0131n uygun zamanda normal odaya al\u0131nmalar\u0131 sa\u011flanmas\u0131 gerekiyor. Ama biz yine de ihtiya\u00e7lar\u0131 tekrar g\u00f6zden ge\u00e7iriyoruz. \u0130htiya\u00e7 olan yerlerde yo\u011fun bak\u0131m yatak say\u0131s\u0131n\u0131 da artt\u0131raca\u011f\u0131z. Poliklinikleri mekan a\u00e7\u0131s\u0131ndan s\u0131k\u0131nt\u0131l\u0131 olan yerler var. Tabi ki yeterli say\u0131da uzman s\u0131k\u0131nt\u0131s\u0131 \u00e7ekilen yerler de olabiliyor. Bu a\u00e7\u0131dan bir tak\u0131m polikliniklerde s\u0131k\u0131nt\u0131 ya\u015fansa da genel olarak poliklinik taleplerini uzun zamana yaymadan biz kar\u015f\u0131layacak noktaday\u0131z.\u201d<\/p>\n<!-- Error, Advert is not available at this time due to schedule\/geolocation restrictions! -->\n","protected":false},"excerpt":{"rendered":"<p>Sa\u011fl\u0131k Bakan\u0131 Demircan \u0130stanbul Sa\u011fl\u0131k Hizmetleri Koordinasyon Toplant\u0131s\u0131\u2019nda yapt\u0131\u011f\u0131 a\u00e7\u0131klamalarda t\u0131p fak\u00fcltesi kontenjanlar\u0131n\u0131n da d\u00fc\u015f\u00fcr\u00fclece\u011fi bilgisini verdi. Demrican, &#8220;Gelen mezun say\u0131s\u0131 ve fak\u00fcltelerdeki \u00f6\u011frenci say\u0131s\u0131 birka\u00e7 sene sonra pratisyen a\u00e7\u0131\u011f\u0131m\u0131z\u0131 kapatacak. Uzman say\u0131m\u0131zda 2030\u2019lara kalmadan kar\u015f\u0131lanm\u0131\u015f olacak\u201d ifadesini kulland\u0131. T\u00fcrkiye\u2019deki doktor a\u00e7\u0131\u011f\u0131n\u0131n yak\u0131n gelecekte h\u0131zl\u0131 bir \u015fekilde azalaca\u011f\u0131n\u0131 savunan Sa\u011fl\u0131k Bakan\u0131 Ahmet Demircan, \u201cBizim \u00f6ng\u00f6rd\u00fc\u011f\u00fcm\u00fcz &hellip;<\/p>\n","protected":false},"author":4,"featured_media":261063,"comment_status":"open","ping_status":"open","sticky":false,"template":"","format":"standard","meta":{"_acf_changed":false,"footnotes":""},"categories":[6663,6155,5005,349],"tags":[214222,42148],"class_list":["post-261062","post","type-post","status-publish","format-standard","has-post-thumbnail","hentry","category-egitim","category-gundem","category-manset","category-son-dakika","tag-ahmet-demircan","tag-tip-fakulteleri"],"acf":[],"_links":{"self":[{"href":"https:\/\/www.nationalturk.com\/tr\/wp-json\/wp\/v2\/posts\/261062","targetHints":{"allow":["GET"]}}],"collection":[{"href":"https:\/\/www.nationalturk.com\/tr\/wp-json\/wp\/v2\/posts"}],"about":[{"href":"https:\/\/www.nationalturk.com\/tr\/wp-json\/wp\/v2\/types\/post"}],"author":[{"embeddable":true,"href":"https:\/\/www.nationalturk.com\/tr\/wp-json\/wp\/v2\/users\/4"}],"replies":[{"embeddable":true,"href":"https:\/\/www.nationalturk.com\/tr\/wp-json\/wp\/v2\/comments?post=261062"}],"version-history":[{"count":0,"href":"https:\/\/www.nationalturk.com\/tr\/wp-json\/wp\/v2\/posts\/261062\/revisions"}],"wp:featuredmedia":[{"embeddable":true,"href":"https:\/\/www.nationalturk.com\/tr\/wp-json\/wp\/v2\/media\/261063"}],"wp:attachment":[{"href":"https:\/\/www.nationalturk.com\/tr\/wp-json\/wp\/v2\/media?parent=261062"}],"wp:term":[{"taxonomy":"category","embeddable":true,"href":"https:\/\/www.nationalturk.com\/tr\/wp-json\/wp\/v2\/categories?post=261062"},{"taxonomy":"post_tag","embeddable":true,"href":"https:\/\/www.nationalturk.com\/tr\/wp-json\/wp\/v2\/tags?post=261062"}],"curies":[{"name":"wp","href":"https:\/\/api.w.org\/{rel}","templated":true}]}}