{"id":261083,"date":"2018-02-05T13:47:36","date_gmt":"2018-02-05T10:47:36","guid":{"rendered":"http:\/\/www.nationalturk.com\/?p=261083"},"modified":"2018-02-05T13:47:36","modified_gmt":"2018-02-05T10:47:36","slug":"fazil-sayin-abd-konserlerinin-programi-belli-oldu","status":"publish","type":"post","link":"https:\/\/www.nationalturk.com\/tr\/fazil-sayin-abd-konserlerinin-programi-belli-oldu\/","title":{"rendered":"Faz\u0131l Say&#8217;\u0131n ABD Konserlerinin Program\u0131 Belli Oldu"},"content":{"rendered":"<h2>D\u00fcnyaca \u00fcnl\u00fc piyanist ve besteci Faz\u0131l Say, ABD konserleri ile sanatseverlerin kar\u015f\u0131s\u0131na \u00e7\u0131kmaya haz\u0131rlan\u0131yor.<\/h2>\n<p>Piyanist ve besteci Faz\u0131l Say, Say In USA turnesi kapsam\u0131nda New York, Florida ve Washington\u2019da verece\u011fi konserlerin haz\u0131rl\u0131klar\u0131n\u0131 tamamlad\u0131.<\/p>\n<p>Turnesine 28 \u015eubat\u2019ta New York\u2019taki Carnegie Hall\u2019de ba\u015flayacak olan Faz\u0131l Say, ABD\u2019deki son konserinde International Student House of Washington DC\u2019de performans sergileyecek.<\/p>\n<!-- Error, Advert is not available at this time due to schedule\/geolocation restrictions! -->\n<h3>\u0130\u015fte Faz\u0131l Say\u2019\u0131n ABD Konser Program\u0131;<\/h3>\n<p>28 \u015eubat 2018<br \/>\nCarnegie Hall<br \/>\nNew York, United States<br \/>\n\u2022 Nicolas Altstaedt<\/p>\n<p>09 Mart 2018<br \/>\nArtis-Naples, Hayes Hall<br \/>\nNaples, Florida, United States of America<br \/>\n\u2022 Andrey Boreyko, Naples Philharmonic<\/p>\n<p>10 Mart 2018<br \/>\nArtis\u2014Naples, Hayes Hall<br \/>\nNaples, Florida, United States of America<br \/>\n\u2022 Andrey Boreyko, Naples Philharmonic<\/p>\n<p>11 Mart 2018<br \/>\nArtis\u2014Naples, Daniels Pavilion<br \/>\nNaples, Florida, United States of America<br \/>\n\u2022 Naples Philharmonic Chamber Musicians<\/p>\n<p>15 Mart 2018<br \/>\nThe Phillips Collection, Gallery 116<br \/>\nWashington D.C., United States of America<br \/>\n\u2022 University of Maryland School of Music Faculty and Students<\/p>\n<p>18 Mart 2018<br \/>\nInternational Student House of Washington D.C.<br \/>\nWashington D.C., United States of America<\/p>\n<!-- Error, Advert is not available at this time due to schedule\/geolocation restrictions! -->\n","protected":false},"excerpt":{"rendered":"<p>D\u00fcnyaca \u00fcnl\u00fc piyanist ve besteci Faz\u0131l Say, ABD konserleri ile sanatseverlerin kar\u015f\u0131s\u0131na \u00e7\u0131kmaya haz\u0131rlan\u0131yor.<\/p>\n","protected":false},"author":3,"featured_media":261088,"comment_status":"open","ping_status":"open","sticky":false,"template":"","format":"standard","meta":{"_acf_changed":false,"footnotes":""},"categories":[6232,36154,6670],"tags":[1887,1585,28790],"class_list":["post-261083","post","type-post","status-publish","format-standard","has-post-thumbnail","hentry","category-magazin","category-muzik","category-sanat","tag-abd","tag-fazil-say","tag-konser"],"acf":[],"_links":{"self":[{"href":"https:\/\/www.nationalturk.com\/tr\/wp-json\/wp\/v2\/posts\/261083","targetHints":{"allow":["GET"]}}],"collection":[{"href":"https:\/\/www.nationalturk.com\/tr\/wp-json\/wp\/v2\/posts"}],"about":[{"href":"https:\/\/www.nationalturk.com\/tr\/wp-json\/wp\/v2\/types\/post"}],"author":[{"embeddable":true,"href":"https:\/\/www.nationalturk.com\/tr\/wp-json\/wp\/v2\/users\/3"}],"replies":[{"embeddable":true,"href":"https:\/\/www.nationalturk.com\/tr\/wp-json\/wp\/v2\/comments?post=261083"}],"version-history":[{"count":0,"href":"https:\/\/www.nationalturk.com\/tr\/wp-json\/wp\/v2\/posts\/261083\/revisions"}],"wp:featuredmedia":[{"embeddable":true,"href":"https:\/\/www.nationalturk.com\/tr\/wp-json\/wp\/v2\/media\/261088"}],"wp:attachment":[{"href":"https:\/\/www.nationalturk.com\/tr\/wp-json\/wp\/v2\/media?parent=261083"}],"wp:term":[{"taxonomy":"category","embeddable":true,"href":"https:\/\/www.nationalturk.com\/tr\/wp-json\/wp\/v2\/categories?post=261083"},{"taxonomy":"post_tag","embeddable":true,"href":"https:\/\/www.nationalturk.com\/tr\/wp-json\/wp\/v2\/tags?post=261083"}],"curies":[{"name":"wp","href":"https:\/\/api.w.org\/{rel}","templated":true}]}}