{"id":26111,"date":"2010-05-31T17:59:59","date_gmt":"2010-05-31T15:59:59","guid":{"rendered":"http:\/\/www.nationalturk.com\/?p=26111"},"modified":"2010-05-31T18:19:46","modified_gmt":"2010-05-31T16:19:46","slug":"genelkurmay-baskanligi-israil-aciklamasi-7230473","status":"publish","type":"post","link":"https:\/\/www.nationalturk.com\/tr\/genelkurmay-baskanligi-israil-aciklamasi-7230473\/","title":{"rendered":"Genelkurmay&#8217;dan \u0130srail a\u00e7\u0131klamas\u0131 geldi"},"content":{"rendered":"<p><strong><img loading=\"lazy\" decoding=\"async\" class=\"alignleft size-medium wp-image-26112\" title=\"Genelkurmay Ba\u015fkanl\u0131\u011f\u0131\" src=\"http:\/\/www.nationalturk.com\/tr\/wp-content\/uploads\/2010\/05\/genelkurmay-280x209.jpg\" alt=\"\" width=\"280\" height=\"209\" srcset=\"https:\/\/www.nationalturk.com\/tr\/wp-content\/uploads\/2010\/05\/genelkurmay-280x209.jpg 280w, https:\/\/www.nationalturk.com\/tr\/wp-content\/uploads\/2010\/05\/genelkurmay.jpg 343w\" sizes=\"auto, (max-width: 280px) 100vw, 280px\" \/>\u0130srail&#8217;in Gazze&#8217;ye gitmek isteyen yard\u0131m gemilerine d\u00fczenledi\u011fi silahl\u0131 sald\u0131r\u0131 \u00fczerine T\u00fcrkiye Genelkurmay Ba\u015fkanl\u0131\u011f\u0131 da a\u00e7\u0131klama yapt\u0131. <\/strong> Genelkurmay&#8217;\u0131n internet sitesinden yap\u0131lan yaz\u0131l\u0131 a\u00e7\u0131klama \u015f\u00f6yle;  &#8220;\u0130srail Genelkurmay Ba\u015fkan\u0131 bug\u00fcn saat 16:00&#8217;da Genelkurmay Ba\u015fkan\u0131n\u0131 telefonla arayarak, Do\u011fu Akdeniz&#8217;de meydana gelen olay hakk\u0131nda bilgi vermi\u015ftir.  G\u00f6r\u00fc\u015fme esnas\u0131nda Genelkurmay Ba\u015fkan\u0131, \u0130srail Genelkurmay Ba\u015fkan\u0131na, uluslararas\u0131 sularda meydana gelen bu olayda asker\u00ee g\u00fc\u00e7 kullan\u0131lmas\u0131n\u0131n; vahim ve kabul edilemez oldu\u011funu ve olaya bu \u015fekilde m\u00fcdahale edilmesinin ortaya \u00e7ok ciddi sonu\u00e7lar getirdi\u011fini belirtmi\u015ftir.  Kamuoyuna sayg\u0131 ile duyurulur.&#8221;  Genelkurmay Ba\u015fkan\u0131 Orgeneral \u0130lker Ba\u015fbu\u011f, bir dizi temas i\u00e7in gitti\u011fi M\u0131s\u0131r&#8217;dan acil bir \u015fekilde T\u00fcrkiye&#8217;ye geri d\u00f6nm\u00fc\u015ft\u00fc.  <span style=\"font-weight: bold; color: #f00;\">Error, group does not exist! Check your syntax! (ID: 51)<\/span>\n","protected":false},"excerpt":{"rendered":"<p>Genelkurmay da a\u00e7\u0131klama yapt\u0131<\/p>\n","protected":false},"author":4,"featured_media":191601,"comment_status":"open","ping_status":"open","sticky":false,"template":"","format":"standard","meta":{"_acf_changed":false,"footnotes":""},"categories":[349,6805],"tags":[6963,28269,28102,6905,10083,28268,28267,1555,6140,195938],"class_list":["post-26111","post","type-post","status-publish","format-standard","has-post-thumbnail","hentry","category-son-dakika","category-turkiye","tag-gazze","tag-gazze-yardim-gemisine-saldiri","tag-gazze-yardim-konvoyu","tag-genelkurmay-baskanligi","tag-genelkurmay-baskanligi-aciklama","tag-genelkurmay-baskanligi-gazze-aciklama","tag-genelkurmay-baskanligi-israil-aciklamasi","tag-israil","tag-israil-turkiye","tag-turkiye"],"acf":[],"_links":{"self":[{"href":"https:\/\/www.nationalturk.com\/tr\/wp-json\/wp\/v2\/posts\/26111","targetHints":{"allow":["GET"]}}],"collection":[{"href":"https:\/\/www.nationalturk.com\/tr\/wp-json\/wp\/v2\/posts"}],"about":[{"href":"https:\/\/www.nationalturk.com\/tr\/wp-json\/wp\/v2\/types\/post"}],"author":[{"embeddable":true,"href":"https:\/\/www.nationalturk.com\/tr\/wp-json\/wp\/v2\/users\/4"}],"replies":[{"embeddable":true,"href":"https:\/\/www.nationalturk.com\/tr\/wp-json\/wp\/v2\/comments?post=26111"}],"version-history":[{"count":0,"href":"https:\/\/www.nationalturk.com\/tr\/wp-json\/wp\/v2\/posts\/26111\/revisions"}],"wp:featuredmedia":[{"embeddable":true,"href":"https:\/\/www.nationalturk.com\/tr\/wp-json\/wp\/v2\/media\/191601"}],"wp:attachment":[{"href":"https:\/\/www.nationalturk.com\/tr\/wp-json\/wp\/v2\/media?parent=26111"}],"wp:term":[{"taxonomy":"category","embeddable":true,"href":"https:\/\/www.nationalturk.com\/tr\/wp-json\/wp\/v2\/categories?post=26111"},{"taxonomy":"post_tag","embeddable":true,"href":"https:\/\/www.nationalturk.com\/tr\/wp-json\/wp\/v2\/tags?post=26111"}],"curies":[{"name":"wp","href":"https:\/\/api.w.org\/{rel}","templated":true}]}}