{"id":261489,"date":"2018-02-14T16:25:44","date_gmt":"2018-02-14T13:25:44","guid":{"rendered":"http:\/\/www.nationalturk.com\/?p=261489"},"modified":"2018-02-14T16:25:44","modified_gmt":"2018-02-14T13:25:44","slug":"kilicdaroglu-erdogani-sadece-ben-aldatmadim","status":"publish","type":"post","link":"https:\/\/www.nationalturk.com\/tr\/kilicdaroglu-erdogani-sadece-ben-aldatmadim\/","title":{"rendered":"K\u0131l\u0131\u00e7daro\u011flu: Erdo\u011fan&#8217;\u0131 sadece ben aldatmad\u0131m"},"content":{"rendered":"<h2>CHP Genel Ba\u015fkan\u0131 Kemal K\u0131l\u0131\u00e7daro\u011flu, Fox TV&#8217;de \u0130smail K\u00fc\u00e7\u00fckkaya&#8217;n\u0131n sundu\u011fu canl\u0131 yay\u0131na kat\u0131ld\u0131, sorular\u0131 cevaplad\u0131.<\/h2>\n<p>CHP Kurultay\u0131na y\u00f6nelik soru \u00fczerine, kurultayda 5 temel sorun alan\u0131n\u0131 ortaya koyduklar\u0131n\u0131 ve b\u00fct\u00fcn partililere 6 temel g\u00f6rev verdiklerini belirten K\u0131l\u0131\u00e7daro\u011flu, T\u00fcrkiye&#8217;nin gitti\u011fi yol, izledi\u011fi y\u00f6ntemle ilgili sorunlar\u0131n bulundu\u011funu ve bunlar\u0131n a\u015f\u0131lmas\u0131 gerekti\u011fini ifade etti.<\/p>\n<p>&#8220;T\u00fcrkiye&#8217;de T\u00fcrkiye&#8217;nin sorunlar\u0131n\u0131n en net ve yal\u0131n haliyle belirleyen parti biziz.&#8221; diyen K\u0131l\u0131\u00e7daro\u011flu, \u00e7\u00f6z\u00fcm \u00fcreten partinin de CHP oldu\u011funu savundu.<\/p>\n<p>K\u0131l\u0131\u00e7daro\u011flu, &#8220;Biz Adalet Y\u00fcr\u00fcy\u00fc\u015f\u00fc&#8217;nde geldik Maltepe&#8217;de duvar\u0131n \u00f6n\u00fcne. \u015eimdi o duvar\u0131 y\u0131kma zaman\u0131. O duvar\u0131 y\u0131kaca\u011f\u0131z. Adaletsizlik, hukuksuzluk duvar\u0131, o duvar\u0131 y\u0131kmak zorunday\u0131z. Bu \u00fclkede herkesin huzur i\u00e7inde ya\u015famas\u0131 laz\u0131m. Kavga ediyoruz. Sokakta insanlar birbirlerinin y\u00fcz\u00fcne bakm\u0131yorlar. T\u00fcrkiye b\u00f6yle bir T\u00fcrkiye mi?&#8221; diye sordu.<\/p>\n<p>T\u00fcrkiye&#8217;nin kurucu de\u011ferlerinin \u00f6z\u00fcnde ortak m\u00fccadelenin, ba\u011f\u0131ms\u0131zl\u0131\u011f\u0131n, vatan sevgisinin oldu\u011funu belirten K\u0131l\u0131\u00e7daro\u011flu, ama\u00e7lar\u0131n\u0131n birlikte, huzur i\u00e7inde ya\u015famak oldu\u011funu dile getirdi.<\/p>\n<p>&#8220;Muharrem Bey bizim de\u011ferli bir arkada\u015f\u0131m\u0131z&#8221;<br \/>\n&#8220;Bir \u00fclkeyi sevmek sizce nedir?&#8221; sorusu y\u00f6neltilen K\u0131l\u0131\u00e7daro\u011flu, bir \u00fclkeyi sevmenin o \u00fclkenin bayra\u011f\u0131na, insan\u0131na sahip \u00e7\u0131kmak, \u00fclkeyi \u00e7a\u011fda\u015f uygarl\u0131k seviyesine ta\u015f\u0131mak, herkesi dost olarak g\u00f6rmek, b\u00fct\u00fcn kom\u015fular\u0131yla bar\u0131\u015f i\u00e7inde ya\u015famak, \u00fcretmek ve insan haklar\u0131na de\u011fer vermek anlam\u0131na geldi\u011fini belirtti.<\/p>\n<p>Kurultay sonras\u0131nda partide yap\u0131lan de\u011fi\u015fikliklerin ve bu konudaki taleplerin hat\u0131rlat\u0131lmas\u0131 \u00fczerine K\u0131l\u0131\u00e7daro\u011flu, de\u011fi\u015fim talebinin olmad\u0131\u011f\u0131 bir siyasal partinin ayakta kalma \u015fans\u0131n\u0131n da olmad\u0131\u011f\u0131n\u0131 s\u00f6yledi.<\/p>\n<p>&#8220;Muharrem \u0130nce&#8217;nin konu\u015fmas\u0131 heyecan yaratt\u0131, be\u011fenildi de. Siz nas\u0131l buldunuz?&#8221; sorusuna kar\u015f\u0131l\u0131k, &#8220;Gayet g\u00fczel&#8221; yan\u0131t\u0131n\u0131 veren K\u0131l\u0131\u00e7daro\u011flu, bundan sonraki s\u00fcrecin nas\u0131l olaca\u011f\u0131, \u0130nce&#8217;nin partinin i\u00e7inde nas\u0131l konumland\u0131r\u0131laca\u011f\u0131na ili\u015fkin soruya, \u015fu yan\u0131t\u0131 verdi:<\/p>\n<p>&#8220;Muharrem Bey daha \u00e7ok partinin i\u00e7 i\u015flerine y\u00f6nelik olarak konu\u015ftu. Tabi partinin i\u00e7iyle ilgili haberler, s\u00f6ylemler ilgi duyar ama ben tam aksine T\u00fcrkiye&#8217;nin sorunlar\u0131 ve bu sorunlardan \u00e7\u0131kma konusuna de\u011finmi\u015ftim. Muharrem Bey bizim de\u011ferli bir arkada\u015f\u0131m\u0131z. Elbette o da parti i\u00e7in, iktidar i\u00e7in \u00e7al\u0131\u015facak, m\u00fccadele edecek. Muharrem Bey de \u00e7al\u0131\u015facak, Muharrem Bey&#8217;e imza veren arkada\u015flar da \u00e7al\u0131\u015facaklar. Sonu\u00e7ta bizim bir ortak hedefimiz var. T\u00fcrkiye&#8217;yi ayd\u0131nl\u0131\u011fa \u00e7\u0131karmak, i\u00e7inde ya\u015fad\u0131\u011f\u0131 sorunlardan T\u00fcrkiye&#8217;yi kurtarmak. Bu sorun sadece benim, Muharrem Bey&#8217;in de de\u011fil, bu sorun hepimizin ortak sorunu.&#8221;<\/p>\n<p>K\u0131l\u0131\u00e7daro\u011flu, &#8220;Muharrem \u0130nce&#8217;nin ald\u0131\u011f\u0131 oyu y\u00fcksek buldunuz mu?&#8221; sorusu \u00fczerine, &#8220;Yok. Yani sonu\u00e7ta delegeler kendi \u00f6zg\u00fcr iradeleriyle gittiler, oylar\u0131n\u0131 kulland\u0131lar. Dolay\u0131s\u0131yla herkese sayg\u0131 g\u00f6stermemiz laz\u0131m.&#8221; dedi.<\/p>\n<p>&#8220;\u015eu anda Enis Bey bo\u015funa yat\u0131yor&#8221;<br \/>\nCHP Genel Ba\u015fkan\u0131 Kemal K\u0131l\u0131\u00e7daro\u011flu, Enes Berbero\u011flu&#8217;nun 5 y\u0131l hapis cezas\u0131 ald\u0131\u011f\u0131n\u0131n hat\u0131rlat\u0131larak de\u011ferlendirmesinin sorulmas\u0131 \u00fczerine, &#8220;Yarg\u0131lama var ama adalet yok.&#8221; ifadesini kulland\u0131.<\/p>\n<p>Berbero\u011flu&#8217;nun g\u00f6zalt\u0131na al\u0131nmas\u0131ndan itibaren ya\u015fanan s\u00fcreci an\u0131msatan K\u0131l\u0131\u00e7daro\u011flu, &#8220;\u015eu anda Enis Bey bo\u015funa yat\u0131yor. Enis Bey&#8217;i ger\u00e7ekten mahkum edecek en ufak bir delil yok.&#8221; dedi.<\/p>\n<p>K\u0131l\u0131\u00e7daro\u011flu, Berbero\u011flu&#8217;nun, &#8220;Gizli belgeleri a\u00e7\u0131klamak&#8221; su\u00e7undan yarg\u0131land\u0131\u011f\u0131n\u0131n an\u0131msat\u0131lmas\u0131 \u00fczerine, \u015fu de\u011ferlendirmelerde bulundu:<\/p>\n<p>&#8220;Hangi gizli belgeler? 18 internet kanal\u0131nda yay\u0131nland\u0131. Gizli belge dedi\u011finiz bu mu? Bu Hollanda Parlamentosunda g\u00f6r\u00fc\u015f\u00fcld\u00fc, tart\u0131\u015f\u0131ld\u0131, konu\u015fuldu. Bu olaylardan \u00e7ok \u00f6nce, b\u0131rak\u0131n T\u00fcrkiye&#8217;yi, Hollanda Parlamentosu&#8230; Bu mu gizli belge? Her \u015feye kar\u015f\u0131 adaletten umudumuzu kesmeyece\u011fiz, g\u00f6receksiniz Enis Berbero\u011flu beraat edecek sonunda. Yani vicdanl\u0131 bir hakimin \u00f6n\u00fcne gitti\u011fi zaman bakacak, &#8216;karde\u015fim nedir burada olay?&#8217; diyecek. Herkesin bildi\u011fi olay devlet s\u0131rr\u0131 m\u0131 olur. Kald\u0131 ki o bilgilerin Enis Bey taraf\u0131ndan payla\u015f\u0131ld\u0131\u011f\u0131na dair hi\u00e7bir veri de yok.&#8221;<\/p>\n<!-- Error, Advert is not available at this time due to schedule\/geolocation restrictions! -->\n<p>&#8220;D\u00fcn \u0130lker, Ba\u015fbu\u011f b\u00fct\u00fcn grup konu\u015fmalar\u0131nda g\u00fcndeme geldi. Say\u0131n Cumhurba\u015fkan\u0131 \u00e7ok sert tepki g\u00f6sterdi.&#8221; denilerek, Ba\u015fbu\u011f&#8217;un Cumhurba\u015fkan\u0131 Recep Tayyip Erdo\u011fan&#8217;a verdi\u011fi yan\u0131t\u0131n hat\u0131rlat\u0131lmas\u0131 \u00fczerine K\u0131l\u0131\u00e7daro\u011flu, &#8220;Diplomatik bir yan\u0131t vermi\u015f. Asl\u0131nda olaya belki \u015furadan ba\u015flamak laz\u0131m. \u0130lker Ba\u015fbu\u011f&#8217;u &#8216;ter\u00f6rist&#8217; diye hapse atmad\u0131lar m\u0131? Bir \u00fclkenin Genelkurmay Ba\u015fkan\u0131&#8217;n\u0131.&#8221; dedi.<\/p>\n<p>CHP Genel Ba\u015fkan\u0131 K\u0131l\u0131\u00e7daro\u011flu, &#8220;Kim att\u0131?&#8221; sorusuna kar\u015f\u0131l\u0131k, \u015fu g\u00f6r\u00fc\u015flere yer verdi:<\/p>\n<p>&#8220;Az \u00f6nce \u0130lker Ba\u015fbu\u011f&#8217;la ilgili sert ele\u015ftirileri yapan ve Cumhurba\u015fkanl\u0131\u011f\u0131 makam\u0131nda oturan, oray\u0131 i\u015fgal eden zat yapt\u0131. FET\u00d6 yapt\u0131, FET\u00d6&#8217;ye en b\u00fcy\u00fck deste\u011fi bunlar vermediler mi? En b\u00fcy\u00fck deste\u011fi verdiler. FET\u00d6 soru\u015fturmas\u0131n\u0131 yapan savc\u0131ya kur\u015fun ge\u00e7irmez makam arabas\u0131n\u0131 tahsis ettiler. Her t\u00fcrl\u00fc imkan\u0131 sa\u011flad\u0131lar. &#8216;T\u00fcrkiye ba\u011f\u0131rsaklar\u0131n\u0131 temizliyor&#8217; diye d\u00fcnyaca laflar ettiler. Pek \u00e7ok komutan\u0131 idama mahkum ettiler. Sonra bir bakt\u0131lar ki &#8216;Yanl\u0131\u015f yapm\u0131\u015f\u0131z, orduya kumpas kurulmu\u015f&#8217; dediler.&#8221;<\/p>\n<p>K\u0131l\u0131\u00e7daro\u011flu, Cumhurba\u015fkan\u0131 Erdo\u011fan&#8217;\u0131n, Ba\u015fbakanl\u0131\u011f\u0131 d\u00f6neminde Ba\u015fbu\u011f&#8217;un tutuklanmas\u0131ndan rahats\u0131zl\u0131k duydu\u011funu a\u00e7\u0131klad\u0131\u011f\u0131n\u0131n hat\u0131rlat\u0131lmas\u0131 \u00fczerine ise bu a\u00e7\u0131klaman\u0131n \u00e7ok sonra yap\u0131ld\u0131\u011f\u0131n\u0131 bildirdi.<\/p>\n<p>K\u0131l\u0131\u00e7daro\u011flu, K\u00fc\u00e7\u00fckkaya&#8217;n\u0131n Ba\u015fbu\u011f&#8217;la ilgili yarg\u0131laman\u0131n Y\u00fcce Divan&#8217;da hala devam etti\u011fini belirterek, bu davan\u0131n neden hala karara ba\u011flanmad\u0131\u011f\u0131n\u0131 sormas\u0131 \u00fczerine, \u015fu ifadeleri kulland\u0131:<\/p>\n<p>&#8220;Bir tehdit ve \u015fantaj unsuru olarak ellerine tutmak istiyorlar o davay\u0131. Sadece o de\u011fil, Balyoz, Ergenekon&#8217;da da pek \u00e7ok \u015fey duruyor. Yani &#8216;Konu\u015fmay\u0131n, bak\u0131n ha yar\u0131n yarg\u0131ya talimat veririz, farkl\u0131 bir s\u00fcre\u00e7 ya\u015fayabilirsiniz&#8217; diye b\u00f6yle bir tehdit ve \u015fantajla gidiyorlar.<\/p>\n<p>Gelelim bu olaya. Ne diyor \u0130lker Ba\u015fbu\u011f? &#8216;Afrin&#8217;de kahraman ordumuz ter\u00f6r \u00f6rg\u00fctleriyle \u00e7at\u0131\u015f\u0131yor, ter\u00f6r \u00f6rg\u00fctlerini yok etmek istiyor ve m\u00fccadele ediyor. Bunu siyasalla\u015ft\u0131rmay\u0131n&#8217; diyor. Bu do\u011fru de\u011fil mi? Do\u011fru. Giden ordu bir partinin ordusu mu? Erdo\u011fan&#8217;\u0131n ordusu mu giden ordu? Giden ordu T\u00fcrk milletinin ordusu, T\u00fcrk ordusu, ad\u0131 \u00fcst\u00fcnde zaten. Hepimizin \u00e7ocuklar\u0131 orada, askerlik yap\u0131yor, vatan, bayrak, hepimiz i\u00e7in m\u00fccadele ediyorlar. Bunu s\u00f6yledi diye &#8216;Hesab\u0131n\u0131 vereceksin&#8230;&#8217; Ne hesab\u0131n\u0131 verecek&#8230; \u00d6nce sen hesab\u0131n\u0131 ver. Balyoz&#8217;un, Ergenekon&#8217;un hesab\u0131n\u0131 verdin mi sen? Orduyu, kozmik oday\u0131 FET\u00d6&#8217;ye kim teslim etti?&#8221;<\/p>\n<p>&#8220;Afrin operasyonu gerekli&#8221;<br \/>\nCHP Genel Ba\u015fkan\u0131 K\u0131l\u0131\u00e7daro\u011flu, &#8220;Afrin operasyonunu nas\u0131l g\u00f6r\u00fcyorsunuz?&#8221; sorusu \u00fczerine, &#8220;Afrin operasyonu gerekli. T\u0131pk\u0131 \u0130dlib gibi. Oraya da gidildi, orada da belli bir yerde silahl\u0131 kuvvetlerimiz konu\u015fland\u0131, belli bir g\u00fcvenli b\u00f6lge yaratt\u0131lar. Afrin operasyonunda da g\u00fcvenli bir b\u00f6lgeye ihtiyac\u0131m\u0131z var. Evet, gidilecek oraya, ordumuz o g\u00fcvenli b\u00f6lgede T\u00fcrkiye&#8217;nin gelece\u011fi, g\u00fcvenli\u011fi a\u00e7\u0131s\u0131ndan ordumuz o g\u00fcvenli b\u00f6lgede konu\u015flanacak.&#8221; diye konu\u015ftu.<\/p>\n<p>Bu s\u00fcre\u00e7te ABD, Rusya, \u0130ran gibi akt\u00f6rlere de bilgi verildi\u011fini belirten K\u0131l\u0131\u00e7daro\u011flu, Afrin&#8217;de g\u00fcvenli\u011fin nereye kadar sa\u011flanaca\u011f\u0131n\u0131n, nereye kadar girilece\u011finin \u00f6nemli oldu\u011funu, buna ordunun karar vermesi gerekti\u011fini bildirdi.<\/p>\n<p>K\u0131l\u0131\u00e7daro\u011flu, &#8220;Afrin&#8217;den \u00e7ekilecek miyiz?&#8221; sorusuna kar\u015f\u0131l\u0131k, &#8220;\u00c7ekilece\u011fiz tabi. Siz ba\u015fka bir \u00fclkenin, devletin topra\u011f\u0131n\u0131 i\u015fgal edemezsiniz zaten. Bir s\u00fcre sonra \u00e7ekilece\u011fiz.&#8221; dedi.<\/p>\n<p>Orada ev, okul, yol gibi ihtiya\u00e7lar\u0131n yap\u0131larak T\u00fcrkiye&#8217;de ya\u015fayan Suriyelilerin yerle\u015ftirilebilece\u011fini ve g\u00fcvenli\u011fini sa\u011flayabilece\u011fini aktaran K\u0131l\u0131\u00e7daro\u011flu, g\u00fcvenlik alan\u0131 olarak sa\u011flanan bu alanda T\u00fcrkiye&#8217;nin de &#8216;bir tek ter\u00f6r \u00f6rg\u00fct\u00fc \u00fcyesini T\u00fcrkiye&#8217;ye sokmayacaks\u0131n\u0131z&#8217; iste\u011finde bulunabilece\u011fine i\u015faret etti.<\/p>\n<p>Bunu s\u00f6yledi\u011fi i\u00e7in k\u0131yametin koptu\u011funu belirten K\u0131l\u0131\u00e7daro\u011flu, &#8220;Afrin ayr\u0131, Afrin&#8217;in merkezi ayr\u0131. Afrin&#8217;in merkezine girmenin hi\u00e7bir anlam\u0131 yoktur ve do\u011fru da de\u011fildir. Afrin&#8217;de belli bir alan i\u00e7inde T\u00fcrkiye&#8217;nin g\u00fcvenli\u011fini sa\u011flamak, oraya Suriyelileri yerle\u015ftirmek&#8230; \u0130dlib&#8217;de \u00f6yle yapt\u0131k.&#8221; ifadesini kulland\u0131.<\/p>\n<p>CHP Genel Ba\u015fkan\u0131 K\u0131l\u0131\u00e7daro\u011flu, buna d\u00fcnyan\u0131n da destek verdi\u011fini kaydetti.<\/p>\n<p>&#8220;Ben uyar\u0131m\u0131 yapm\u0131\u015f olay\u0131m&#8221;<br \/>\nCumhurba\u015fkan\u0131 Recep Tayyip Erdo\u011fan&#8217;\u0131 herkesin aldatt\u0131\u011f\u0131n\u0131 bir tek kendisinin aldatmad\u0131\u011f\u0131n\u0131 belirten K\u0131l\u0131\u00e7daro\u011flu, &#8220;ne s\u00f6ylediyse do\u011fru \u00e7\u0131kt\u0131\u011f\u0131n\u0131&#8221; savundu. <\/p>\n<p>F\u0131rat Kalkan\u0131 Harekat\u0131 ve Rakka&#8217;ya girilmesi konusunda s\u00f6ylediklerinde hakl\u0131 \u00e7\u0131kt\u0131\u011f\u0131n\u0131 ifade eden K\u0131l\u0131\u00e7daro\u011flu, &#8220;Ben uyar\u0131m\u0131 yapm\u0131\u015f olay\u0131m, o istiyorsa gitsin. H\u00fck\u00fcmeti y\u00f6neten o, ben de\u011filim ama tarih onu de\u011fil, beni hakl\u0131 \u00e7\u0131karacak.&#8221; diye konu\u015ftu. <\/p>\n<p>K\u0131l\u0131\u00e7daro\u011flu, egemen g\u00fc\u00e7lerin kar\u015f\u0131t gruplar\u0131 veya herhangi bir grubu silahland\u0131rmas\u0131n\u0131n hem Ortado\u011fu hem de T\u00fcrkiye i\u00e7in b\u00fcy\u00fck risk oldu\u011funa dikkati \u00e7ekerek, &#8220;B\u00fct\u00fcn samimi M\u00fcsl\u00fcmanlara sormak istiyorum, silahlar\u0131 veren kim, orada hayatlar\u0131n\u0131 kaybedenler kim? Silahlar\u0131 veren egemen g\u00fc\u00e7ler, hayatlar\u0131n\u0131 kaybedenler M\u00fcsl\u00fcmanlar. Neden? Bizim \u00fcst\u00fcm\u00fcze d\u00fc\u015fen temel g\u00f6rev \u015fu olmal\u0131, biz d\u00fcnyay\u0131, Amerika&#8217;y\u0131 uyarmal\u0131y\u0131z. Amerika PYD&#8217;ye ni\u00e7in destek veriyor, neden para veriyor, neden silah veriyor?&#8221; ifadelerini kulland\u0131.<\/p>\n<p>Genel Ba\u015fkan K\u0131l\u0131\u00e7daro\u011flu, &#8220;PYD ter\u00f6r \u00f6rg\u00fct\u00fcd\u00fcr m\u00fcd\u00fcr?&#8221; sorusuna &#8220;Evet&#8221; kar\u015f\u0131l\u0131\u011f\u0131n\u0131 verdi.<\/p>\n<p>Mahkeme karar\u0131na ra\u011fmen PYD ter\u00f6r \u00f6rg\u00fct\u00fc lideri Salih M\u00fcsl\u00fcm&#8217;\u00fcn Ankara&#8217;ya davet edildi\u011fini belirten K\u0131l\u0131\u00e7daro\u011flu, kendi a\u00e7\u0131klamas\u0131ndan sonra Salih M\u00fcsl\u00fcm&#8217;\u00fcn ter\u00f6r listesine al\u0131nd\u0131\u011f\u0131n\u0131 s\u00f6yledi.<\/p>\n<p>Salih M\u00fcsl\u00fcm&#8217;\u00fcn Ankara&#8217;ya geli\u015fine ili\u015fkin Erdo\u011fan&#8217;a soru sordu\u011funu an\u0131msatan K\u0131l\u0131\u00e7daro\u011flu, &#8220;Soruya cevap vermek yerine her t\u00fcrl\u00fc hakareti yapt\u0131.&#8221; \u015feklinde konu\u015ftu. <\/p>\n<p>&#8220;Salih M\u00fcsl\u00fcm&#8221; a\u00e7\u0131klamas\u0131 \u00fczerine AK Parti S\u00f6zc\u00fcs\u00fc Mahir \u00dcnal&#8217;\u0131n &#8220;Devlet i\u015fleri ayr\u0131d\u0131r, siyaset i\u015fleri ayr\u0131d\u0131r. Say\u0131n K\u0131l\u0131\u00e7daro\u011flu bu ikisini ay\u0131rt edemiyor.&#8221; s\u00f6zlerini sarf etti\u011finin hat\u0131rlat\u0131lmas\u0131 \u00fczerine K\u0131l\u0131\u00e7daro\u011flu, devlet ile h\u00fck\u00fcmetin ayr\u0131 oldu\u011funu, devlet ile siyasetin ayr\u0131 olmad\u0131\u011f\u0131n\u0131 s\u00f6yledi. <\/p>\n<p>Kemal K\u0131l\u0131\u00e7daro\u011flu, &#8220;Devlet siyaset \u00fczerine in\u015fa edilir. Mahir \u00dcnal onu da bilmiyor. Demek ona da anlatmak laz\u0131m. H\u00fck\u00fcmet ayr\u0131d\u0131r, devlet ayr\u0131d\u0131r. Devlet bakidir, h\u00fck\u00fcmet devleti y\u00f6netmek \u00fczere gelir.&#8221; de\u011ferlendirmesini yapt\u0131.<\/p>\n<p>ABD D\u0131\u015fi\u015fleri Bakan\u0131 Rex Tillerson&#8217;un T\u00fcrkiye&#8217;ye gelece\u011fi an\u0131msat\u0131larak, &#8220;ABD&#8217;nin T\u00fcrkiye&#8217;ye tavr\u0131 nas\u0131l olmal\u0131?&#8221; sorusuna K\u0131l\u0131\u00e7daro\u011flu, &#8220;T\u00fcrkiye en sert tepkiyi g\u00f6stermeli. PYD bir ter\u00f6r \u00f6rg\u00fct\u00fcd\u00fcr, ter\u00f6r \u00f6rg\u00fct\u00fcn\u00fc silahland\u0131ramazs\u0131n, benim s\u0131n\u0131rlar\u0131mda konu\u015fland\u0131ramazs\u0131n tepkisini vermeli. Bunu yaparsa, bu T\u00fcrkiye ile Amerika aras\u0131nda olu\u015fan b\u00fct\u00fcn ba\u011flar\u0131 kopar\u0131r. T\u00fcrkiye&#8217;nin \u00e7ok a\u00e7\u0131k ve net tav\u0131r koymas\u0131 laz\u0131m. Bu konuda al\u0131nacak her tavra, her t\u00fcrl\u00fc deste\u011fi veririz.&#8221; cevab\u0131n\u0131 verdi.<\/p>\n<p>&#8220;Suriye&#8217;nin bu hale gelmesinin ana sorumlusu Erdo\u011fan&#8221;<br \/>\n&#8220;Ortado\u011fu batakl\u0131\u011f\u0131na T\u00fcrkiye&#8217;yi sokmay\u0131n.&#8221; uyar\u0131s\u0131 yapt\u0131\u011f\u0131n\u0131 dile getiren K\u0131l\u0131\u00e7daro\u011flu, Suriye&#8217;nin bu hale gelmesinin ana sorumlusunun Cumhurba\u015fkan\u0131 Erdo\u011fan oldu\u011funu iddia etti. <\/p>\n<p>K\u0131l\u0131\u00e7daro\u011flu, &#8220;Silah g\u00f6nderdi. &#8217;24 saatte gidece\u011fiz, Emevi Camisi&#8217;nde namaz k\u0131laca\u011f\u0131z.&#8217; dedi. S\u00fcleyman \u015eah T\u00fcrbesi&#8217;ni ka\u00e7\u0131rmak zorunda kald\u0131. I\u015e\u0130D&#8217;in do\u011fmas\u0131na, El Nusra&#8217;n\u0131n do\u011fmas\u0131na sebep oldu.&#8221; ifadelerini kulland\u0131.<\/p>\n<p>Cumhurba\u015fkan\u0131 Erdo\u011fan&#8217;a, 2013&#8217;te Suriye sorununu \u00e7\u00f6zmek i\u00e7in bir konferans d\u00fczenlenmesi talebini i\u00e7eren bir mektup yazd\u0131\u011f\u0131n\u0131 aktaran K\u0131l\u0131\u00e7daro\u011flu, taraflar\u0131n kat\u0131lmas\u0131n\u0131 istedi\u011fi konferans talebinin kabul g\u00f6rmedi\u011fini, konferans yap\u0131lmad\u0131\u011f\u0131 i\u00e7in \u00e7\u00f6z\u00fcm \u00fcretilemedi\u011fini s\u00f6yledi.<\/p>\n<p>Cumhurba\u015fkan\u0131 Erdo\u011fan&#8217;\u0131n, eline bir milyondan fazla insan\u0131n kan\u0131n\u0131n bula\u015ft\u0131\u011f\u0131 Suriye Devlet Ba\u015fkan\u0131 Be\u015far Esed&#8217;le g\u00f6r\u00fc\u015fmek istemedi\u011finin an\u0131msat\u0131lmas\u0131 \u00fczerine K\u0131l\u0131\u00e7daro\u011flu, \u015funlar\u0131 kaydetti: <\/p>\n<p>&#8220;\u0130yi de So\u00e7i&#8217;de nas\u0131l g\u00f6r\u00fc\u015f\u00fcyorlar? Esad&#8217;\u0131n adamlar\u0131 orada. Bizimkiler de orada. Milleti kand\u0131rman\u0131n bir alemi yok ki, niye kand\u0131r\u0131yorsun? Sen Suriye&#8217;nin toprak b\u00fct\u00fcnl\u00fc\u011f\u00fcn\u00fc istiyor musun? \u0130stiyorsun. Suriye&#8217;de ter\u00f6r bitsin istiyor musun? \u0130stiyorsun. M\u00fcsl\u00fcman kan\u0131 akmas\u0131n diyor musun? Diyorsun. O zaman kiminle konu\u015facaks\u0131n. Birle\u015fmi\u015f Milletler&#8217;de kim temsil ediliyor? Suriye temsil ediliyor. Temsilcisi var m\u0131? Var. D\u00fcnyan\u0131n hemen hemen b\u00fct\u00fcn \u00fclkelerinde b\u00fcy\u00fckel\u00e7ilikleri var m\u0131? Var. Siyasette d\u00fc\u015fmanl\u0131k olmaz.&#8221;<\/p>\n<p>H\u00fck\u00fcmetin, dolayl\u0131 yollardan Esed y\u00f6netimiyle g\u00f6r\u00fc\u015ft\u00fc\u011f\u00fcn\u00fc iddia eden K\u0131l\u0131\u00e7daro\u011flu, &#8220;Zaten g\u00f6r\u00fc\u015f\u00fcyorlar, bakmay\u0131n. S\u00f6ylediklerinin tamam\u0131 yalan, zaten g\u00f6r\u00fc\u015f\u00fcyorlar. Kim dedi g\u00f6r\u00fc\u015fm\u00fcyorlar diye. Devleti y\u00f6neten en yetkili a\u011f\u0131zdan bana ifade edildi bu, zaten g\u00f6r\u00fc\u015f\u00fcyorlar.&#8221; diye konu\u015ftu.<\/p>\n<p>&#8220;Erken se\u00e7im olur mu?&#8221; sorusuna K\u0131l\u0131\u00e7daro\u011flu, se\u00e7imin b\u00fcy\u00fck bir ihtimalle zaman\u0131nda olaca\u011f\u0131 cevab\u0131n\u0131 verdi.<\/p>\n<p>&#8220;Bu bir ortak m\u00fccadeledir&#8221;<br \/>\nK\u0131l\u0131\u00e7daro\u011flu, se\u00e7im ittifak\u0131yla ilgili bir soruyu yan\u0131tlarken, kim demokrasiden, insan haklar\u0131ndan, kim adaletten, haktan, hukuktan yanaysa onunla ortak m\u00fccadele edeceklerini s\u00f6yledi. Kemal K\u0131l\u0131\u00e7daro\u011flu, \u015f\u00f6yle devam etti: <\/p>\n<p>&#8220;Buna a partisi b partisi ba\u011flam\u0131nda bakmak yanl\u0131\u015f. Bu bir ortak m\u00fccadeledir. Diyelim ki Ak\u015fener de bu \u015fekilde bir tav\u0131r tak\u0131n\u0131yor ve bunun m\u00fccadelesini yap\u0131yorsa biz de ayn\u0131 tavr\u0131 tak\u0131n\u0131p m\u00fccadeleyi yap\u0131yorsak&#8230; Referandumda ne yap\u0131ld\u0131? Her partinin ki\u015fili\u011fi, kimli\u011fi ayr\u0131yd\u0131 ama demokrasi konusunda ortak bir tav\u0131r vard\u0131. Benzer bir tablo \u00e7\u0131kacak ortaya, demokrasiye sahip \u00e7\u0131k\u0131lacak. \u015eu tablo netle\u015fmeden bir \u015fey s\u00f6ylemek i\u00e7in erken. Siyasi partiler aras\u0131nda i\u015f birli\u011fi nas\u0131l olacak? Bu daha netle\u015fmedi. Y\u00fczde 10 se\u00e7im baraj\u0131 duracak m\u0131? Netle\u015fmedi. Ger\u00e7i &#8216;baraj bundan sonra 50+1&#8217; oldu deniyor. 50+1 oldu\u011funa g\u00f6re partilerin tamam\u0131n\u0131 kapatmak laz\u0131m. Bunu ge\u00e7en bir parti yok. Bu tablo netle\u015fmeden, bu yasala\u015fmadan farkl\u0131 y\u00f6nlere \u00e7ekilebilecek bir yorumu do\u011fru bulmuyorum.&#8221; <\/p>\n<!-- Error, Advert is not available at this time due to schedule\/geolocation restrictions! -->\n<p>Kurultay&#8217;da Muharrem \u0130nce&#8217;nin &#8220;K\u00fcrtler do\u011fru s\u00f6yleyemez mi, niye \u00e7ekiniyoruz ki?&#8221; dedi\u011fi hat\u0131rlat\u0131larak, bir kayg\u0131s\u0131n\u0131n olup olmad\u0131\u011f\u0131 sorulan K\u0131l\u0131\u00e7daro\u011flu, &#8220;Niye kayg\u0131m\u0131z olsun, niye \u00e7ekinelim. Birisi do\u011fru s\u00f6yl\u00fcyorsa do\u011fru, yanl\u0131\u015f s\u00f6yl\u00fcyorsa yanl\u0131\u015f s\u00f6yl\u00fcyor diyece\u011fiz. Biz siyasetimizi kendi parti program\u0131m\u0131z \u00e7er\u00e7evesinde yapar\u0131z.&#8221; s\u00f6zlerini kulland\u0131. <\/p>\n<p>Genel Ba\u015fkan K\u0131l\u0131\u00e7daro\u011flu, &#8220;HDP&#8217;ye bakt\u0131\u011f\u0131n\u0131zda ne g\u00f6r\u00fcyorsunuz, nas\u0131l bir parti sizce?&#8221; sorusu \u00fczerine HDP&#8217;nin Siyasi Partiler Yasas\u0131&#8217;na g\u00f6re kurulmu\u015f, grubu bulunan, kendi siyasi g\u00f6r\u00fc\u015flerini a\u00e7\u0131klayan bir parti oldu\u011funu s\u00f6yledi. <\/p>\n<p>HDP ile ilgili, &#8220;Ter\u00f6r \u00f6rg\u00fct\u00fcyle aras\u0131na mesafe koyam\u0131yor&#8221; ele\u015ftirilerinin sorulmas\u0131 \u00fczerine de K\u0131l\u0131\u00e7daro\u011flu, &#8220;Benim, siyasi partiler ve ter\u00f6r konusundaki d\u00fc\u015f\u00fcncem \u00e7ok net. Hangi siyasi parti olursa olsun, ad\u0131 ne olursa olsun, her siyasi parti \u00e7ok a\u00e7\u0131k, \u00e7ok net, ter\u00f6r ve ter\u00f6r \u00f6rg\u00fctlerine kar\u015f\u0131 a\u00e7\u0131k ve net tavr\u0131n\u0131 ortaya koymal\u0131d\u0131r.&#8221; diye konu\u015ftu. <\/p>\n<p>K\u0131l\u0131\u00e7daro\u011flu, bu a\u00e7\u0131k tav\u0131r konmad\u0131\u011f\u0131 i\u00e7in pek \u00e7ok sorunun gelip T\u00fcrkiye&#8217;nin g\u00fcndemine oturdu\u011funu belirtti.<\/p>\n<p>FET\u00d6&#8217;n\u00fcn bir ter\u00f6r \u00f6rg\u00fct\u00fc oldu\u011funu vurgulayan K\u0131l\u0131\u00e7daro\u011flu, \u015funlar\u0131 kaydetti: <\/p>\n<p>&#8220;Bilmeyen mi var? H\u00fck\u00fcmeti defalarca uyard\u0131k, yanl\u0131\u015f yap\u0131yorsunuz diye. Orduyu, Milli E\u011fitim Bakanl\u0131\u011f\u0131n\u0131 teslim ettiler. Kim yapt\u0131? Bunlar yapt\u0131. \u00c7\u0131k\u0131p milletten \u00f6z\u00fcr dilediler mi? Hay\u0131r, \u00f6z\u00fcr dilemediler. Siyaseten bedelini de \u00f6demediler. B\u00f6yle bir ac\u0131 bir tabloyla kar\u015f\u0131 kar\u015f\u0131yay\u0131z. B\u00fct\u00fcn siyasi partiler olarak yapmam\u0131z gereken, ter\u00f6r \u00f6rg\u00fctlerine kar\u015f\u0131 a\u00e7\u0131k net tav\u0131r koymak. Bunun ad\u0131 PKK olur, YPG olur, FET\u00d6 olur, I\u015e\u0130D olur, El Nusra olur. Bak\u0131n El Nusra ter\u00f6r \u00f6rg\u00fct\u00fc m\u00fcd\u00fcr diye sordum, yar\u0131m a\u011f\u0131zla &#8216;Ter\u00f6r \u00f6rg\u00fct\u00fcd\u00fcr&#8217; dedi. Putin&#8217;le yapt\u0131\u011f\u0131 bir g\u00f6r\u00fc\u015fmeyi bas\u0131n mensuplar\u0131na anlat\u0131rken, &#8216;Putin bizden ricac\u0131 oldu El Nusra \u015fu b\u00f6lgeden \u00e7ekilir mi diye, bizde arkada\u015flar\u0131m\u0131za s\u00f6yledik El Nusra o b\u00f6lgeden \u00e7ekildi.&#8217; Ne demek bu? &#8216;Ter\u00f6r \u00f6rg\u00fct\u00fcyle bizim ili\u015fkimiz var.&#8217; demektir.&#8221; <\/p>\n<p>K\u0131l\u0131\u00e7daro\u011flu, 2019 ve sonras\u0131 i\u00e7in ne g\u00f6rd\u00fc\u011f\u00fcn\u00fcn sorulmas\u0131 \u00fczerine, hi\u00e7 kimsenin kayg\u0131lanmamas\u0131 gerekti\u011fini vurgulad\u0131. <\/p>\n<p>T\u00fcrkiye&#8217;nin \u00e7ok gerildi\u011fini ve bundan kurtulmas\u0131 gerekti\u011fini \u00f6ne s\u00fcren K\u0131l\u0131\u00e7daro\u011flu, s\u00f6zlerine &#8220;Bir ve beraber kalaca\u011f\u0131z hi\u00e7 kimsenin endi\u015fesi olmas\u0131n, biz g\u00fc\u00e7l\u00fc bir \u00fclkeyiz. Kurtulu\u015f Sava\u015f\u0131&#8217;n\u0131 verdik, dolay\u0131s\u0131yla hi\u00e7 kimsenin \u00fcmitsizli\u011fe kap\u0131lmas\u0131na gerek yok. Hi\u00e7 kimse en ufak endi\u015fe ya\u015famas\u0131n, biz \u00fclkemizi \u00e7a\u011fda\u015f uygarl\u0131\u011fa ta\u015f\u0131yaca\u011f\u0131z.&#8221; dedi. <\/p>\n<!-- Error, Advert is not available at this time due to schedule\/geolocation restrictions! -->\n","protected":false},"excerpt":{"rendered":"<p>CHP Genel Ba\u015fkan\u0131 Kemal K\u0131l\u0131\u00e7daro\u011flu, Fox TV&#8217;de \u0130smail K\u00fc\u00e7\u00fckkaya&#8217;n\u0131n sundu\u011fu canl\u0131 yay\u0131na kat\u0131ld\u0131, sorular\u0131 cevaplad\u0131. CHP Kurultay\u0131na y\u00f6nelik soru \u00fczerine, kurultayda 5 temel sorun alan\u0131n\u0131 ortaya koyduklar\u0131n\u0131 ve b\u00fct\u00fcn partililere 6 temel g\u00f6rev verdiklerini belirten K\u0131l\u0131\u00e7daro\u011flu, T\u00fcrkiye&#8217;nin gitti\u011fi yol, izledi\u011fi y\u00f6ntemle ilgili sorunlar\u0131n bulundu\u011funu ve bunlar\u0131n a\u015f\u0131lmas\u0131 gerekti\u011fini ifade etti. &#8220;T\u00fcrkiye&#8217;de T\u00fcrkiye&#8217;nin sorunlar\u0131n\u0131n en net &hellip;<\/p>\n","protected":false},"author":4,"featured_media":259125,"comment_status":"open","ping_status":"open","sticky":false,"template":"","format":"standard","meta":{"_acf_changed":false,"footnotes":""},"categories":[6155,5005,6202,349],"tags":[202512,5900,36702,5115,787],"class_list":["post-261489","post","type-post","status-publish","format-standard","has-post-thumbnail","hentry","category-gundem","category-manset","category-politika","category-son-dakika","tag-afrin","tag-fox-tv","tag-ismail-kucukkaya","tag-kemal-kilicdaroglu","tag-recep-tayyip-erdogan"],"acf":[],"_links":{"self":[{"href":"https:\/\/www.nationalturk.com\/tr\/wp-json\/wp\/v2\/posts\/261489","targetHints":{"allow":["GET"]}}],"collection":[{"href":"https:\/\/www.nationalturk.com\/tr\/wp-json\/wp\/v2\/posts"}],"about":[{"href":"https:\/\/www.nationalturk.com\/tr\/wp-json\/wp\/v2\/types\/post"}],"author":[{"embeddable":true,"href":"https:\/\/www.nationalturk.com\/tr\/wp-json\/wp\/v2\/users\/4"}],"replies":[{"embeddable":true,"href":"https:\/\/www.nationalturk.com\/tr\/wp-json\/wp\/v2\/comments?post=261489"}],"version-history":[{"count":0,"href":"https:\/\/www.nationalturk.com\/tr\/wp-json\/wp\/v2\/posts\/261489\/revisions"}],"wp:featuredmedia":[{"embeddable":true,"href":"https:\/\/www.nationalturk.com\/tr\/wp-json\/wp\/v2\/media\/259125"}],"wp:attachment":[{"href":"https:\/\/www.nationalturk.com\/tr\/wp-json\/wp\/v2\/media?parent=261489"}],"wp:term":[{"taxonomy":"category","embeddable":true,"href":"https:\/\/www.nationalturk.com\/tr\/wp-json\/wp\/v2\/categories?post=261489"},{"taxonomy":"post_tag","embeddable":true,"href":"https:\/\/www.nationalturk.com\/tr\/wp-json\/wp\/v2\/tags?post=261489"}],"curies":[{"name":"wp","href":"https:\/\/api.w.org\/{rel}","templated":true}]}}