{"id":261632,"date":"2018-02-16T17:06:37","date_gmt":"2018-02-16T14:06:37","guid":{"rendered":"http:\/\/www.nationalturk.com\/?p=261632"},"modified":"2024-08-21T17:48:34","modified_gmt":"2024-08-21T14:48:34","slug":"altan-kardesler-ve-ilicakin-cezasi-belli-oldu","status":"publish","type":"post","link":"https:\/\/www.nationalturk.com\/tr\/altan-kardesler-ve-ilicakin-cezasi-belli-oldu\/","title":{"rendered":"Altan karde\u015fler ve Il\u0131cak&#8217;\u0131n cezas\u0131 belli oldu"},"content":{"rendered":"<h2>FET\u00d6 kapsam\u0131nda yarg\u0131lanan Altan karde\u015fler ve Nazl\u0131 Il\u0131cak&#8217;\u0131n da aralar\u0131nda bulundu\u011fu tutuklu 6 san\u0131\u011fa a\u011f\u0131rla\u015ft\u0131r\u0131lm\u0131\u015f m\u00fcebbet hapis cezas\u0131 verildi.<\/h2>\n<p>Fetullah\u00e7\u0131 Ter\u00f6r \u00d6rg\u00fct\u00fc&#8217;n\u00fcn (FET\u00d6) 15 Temmuz 2016&#8217;daki darbe giri\u015fimini \u00f6nceden bildikleri iddias\u0131yla yarg\u0131lanan gazeteciler Mehmet Altan, Ahmet Altan ve Nazl\u0131 Il\u0131cak\u2019\u0131n da aralar\u0131nda bulundu\u011fu tutuklu 6 san\u0131\u011fa, a\u011f\u0131rla\u015ft\u0131r\u0131lm\u0131\u015f m\u00fcebbet hapis cezas\u0131 verildi.<\/p>\n<p>Silivri Ceza \u0130nfaz Kurumlar\u0131 Yerle\u015fkesi kar\u015f\u0131s\u0131nda yap\u0131lan binadaki duru\u015fmada, \u0130stanbul 26. A\u011f\u0131r Ceza Mahkemesi davaya ili\u015fkin karar\u0131n\u0131 a\u00e7\u0131klad\u0131. <\/p>\n<p>Mahkeme heyeti, san\u0131klar Ahmet Altan, Mehmet Altan, Nazl\u0131 Il\u0131cak, Fevzi Yaz\u0131c\u0131, \u015e\u00fckr\u00fc Tu\u011frul \u00d6z\u015feng\u00fcl ve Yakup \u015eim\u015fek\u2019in \u00fczerlerine at\u0131l\u0131 su\u00e7un sabit olmas\u0131 nedeniyle &#8220;cebir ve \u015fiddet kullanarak, T\u00fcrkiye Cumhuriyeti Anayasas\u0131&#8217;n\u0131n \u00f6ng\u00f6rd\u00fc\u011f\u00fc d\u00fczeni ortadan kald\u0131rmaya veya bu d\u00fczen yerine ba\u015fka bir d\u00fczen getirmeye veya bu d\u00fczenin fiilen uygulanmas\u0131n\u0131 \u00f6nlemeye te\u015febb\u00fcs etme&#8221; su\u00e7undan a\u011f\u0131rla\u015ft\u0131r\u0131lm\u0131\u015f m\u00fcebbet hapis cezas\u0131na \u00e7arpt\u0131r\u0131lmas\u0131na karar verdi.<\/p>\n<p>Mahkeme, san\u0131klar\u0131n \u00fczerlerine at\u0131l\u0131 su\u00e7un niteli\u011fi, a\u011f\u0131rl\u0131\u011f\u0131, san\u0131klar\u0131n yarg\u0131lama s\u0131ras\u0131ndaki tutum ve davran\u0131\u015flar\u0131, cezalar\u0131n\u0131n indirilmesinde hafifletici neden olmamas\u0131 nedeniyle verilen hapis cezas\u0131nda indirim uygulanmamas\u0131na h\u00fckmetti. <\/p>\n<p>San\u0131klar\u0131n, &#8220;TBMM&#8217;yi ortadan kald\u0131rmaya te\u015febb\u00fcs etme&#8221;, &#8220;H\u00fck\u00fcmeti ortadan kald\u0131rmaya te\u015febb\u00fcs etme&#8221; ve &#8220;ter\u00f6r \u00f6rg\u00fct\u00fc \u00fcyesi olma&#8221; su\u00e7lar\u0131n\u0131n verilen cezan\u0131n i\u00e7inde erimesi nedeniyle bu su\u00e7lardan karar verilmesine yer olmad\u0131\u011f\u0131na karar veren mahkeme, tutuksuz san\u0131k Tibet Murad Sanl\u0131man hakk\u0131nda &#8220;silahl\u0131 ter\u00f6r \u00f6rg\u00fct\u00fcne bilerek veya isteyerek yard\u0131m etme&#8221; su\u00e7undan dava a\u00e7\u0131lm\u0131\u015fsa da su\u00e7u i\u015fledi\u011fi sabit olmad\u0131\u011f\u0131ndan beraatine h\u00fckmetti.<\/p>\n<p>Mahkeme, Mehmet Altan&#8217;da ele ge\u00e7irilen 6 adet 1 dolar\u0131n saklanmas\u0131na karar vererek, san\u0131klar\u0131n tutukluluk hallerinin devam\u0131n\u0131 kararla\u015ft\u0131rd\u0131. <\/p>\n<p>\u00dcye hakim ise Mehmet Altan&#8217;\u0131n tutukluluk karar\u0131na muhalefet \u015ferhi koydu. <\/p>\n<!-- Error, Advert is not available at this time due to schedule\/geolocation restrictions! -->\n","protected":false},"excerpt":{"rendered":"<p>FET\u00d6 kapsam\u0131nda yarg\u0131lanan Altan karde\u015fler ve Nazl\u0131 Il\u0131cak&#8217;\u0131n da aralar\u0131nda bulundu\u011fu tutuklu 6 san\u0131\u011fa a\u011f\u0131rla\u015ft\u0131r\u0131lm\u0131\u015f m\u00fcebbet hapis cezas\u0131 verildi. Fetullah\u00e7\u0131 Ter\u00f6r \u00d6rg\u00fct\u00fc&#8217;n\u00fcn (FET\u00d6) 15 Temmuz 2016&#8217;daki darbe giri\u015fimini \u00f6nceden bildikleri iddias\u0131yla yarg\u0131lanan gazeteciler Mehmet Altan, Ahmet Altan ve Nazl\u0131 Il\u0131cak\u2019\u0131n da aralar\u0131nda bulundu\u011fu tutuklu 6 san\u0131\u011fa, a\u011f\u0131rla\u015ft\u0131r\u0131lm\u0131\u015f m\u00fcebbet hapis cezas\u0131 verildi. Silivri Ceza \u0130nfaz Kurumlar\u0131 &hellip;<\/p>\n","protected":false},"author":4,"featured_media":261633,"comment_status":"open","ping_status":"open","sticky":false,"template":"","format":"standard","meta":{"_acf_changed":false,"footnotes":""},"categories":[6155,5005,6667,349,6805],"tags":[5272,202856,197771,3667,18636,36950],"class_list":["post-261632","post","type-post","status-publish","format-standard","has-post-thumbnail","hentry","category-gundem","category-manset","category-medya","category-son-dakika","category-turkiye","tag-ahmet-altan","tag-feto","tag-mehmet-altan","tag-mehmet-simsek","tag-nazli-ilicak","tag-zaman"],"acf":[],"_links":{"self":[{"href":"https:\/\/www.nationalturk.com\/tr\/wp-json\/wp\/v2\/posts\/261632","targetHints":{"allow":["GET"]}}],"collection":[{"href":"https:\/\/www.nationalturk.com\/tr\/wp-json\/wp\/v2\/posts"}],"about":[{"href":"https:\/\/www.nationalturk.com\/tr\/wp-json\/wp\/v2\/types\/post"}],"author":[{"embeddable":true,"href":"https:\/\/www.nationalturk.com\/tr\/wp-json\/wp\/v2\/users\/4"}],"replies":[{"embeddable":true,"href":"https:\/\/www.nationalturk.com\/tr\/wp-json\/wp\/v2\/comments?post=261632"}],"version-history":[{"count":0,"href":"https:\/\/www.nationalturk.com\/tr\/wp-json\/wp\/v2\/posts\/261632\/revisions"}],"wp:featuredmedia":[{"embeddable":true,"href":"https:\/\/www.nationalturk.com\/tr\/wp-json\/wp\/v2\/media\/261633"}],"wp:attachment":[{"href":"https:\/\/www.nationalturk.com\/tr\/wp-json\/wp\/v2\/media?parent=261632"}],"wp:term":[{"taxonomy":"category","embeddable":true,"href":"https:\/\/www.nationalturk.com\/tr\/wp-json\/wp\/v2\/categories?post=261632"},{"taxonomy":"post_tag","embeddable":true,"href":"https:\/\/www.nationalturk.com\/tr\/wp-json\/wp\/v2\/tags?post=261632"}],"curies":[{"name":"wp","href":"https:\/\/api.w.org\/{rel}","templated":true}]}}