{"id":261751,"date":"2018-02-20T15:52:11","date_gmt":"2018-02-20T12:52:11","guid":{"rendered":"http:\/\/www.nationalturk.com\/?p=261751"},"modified":"2018-02-20T15:52:11","modified_gmt":"2018-02-20T12:52:11","slug":"galatasaray-olarak-aglak-ve-zirlak-degiliz","status":"publish","type":"post","link":"https:\/\/www.nationalturk.com\/tr\/galatasaray-olarak-aglak-ve-zirlak-degiliz\/","title":{"rendered":"&#8220;Galatasaray olarak a\u011flak ve z\u0131rlak de\u011filiz&#8221;"},"content":{"rendered":"<h2>Galatasaray Kul\u00fcb\u00fc Ba\u015fkan\u0131 Mustafa Cengiz, T\u00fcrk Telekom Arena&#8217;da Jeunesse Global ile yap\u0131lan sponsorluk anla\u015fmas\u0131nda, g\u00fcndeme dair sorular\u0131 yan\u0131tlad\u0131.<\/h2>\n<p>Sar\u0131-k\u0131rm\u0131z\u0131l\u0131 kul\u00fcb\u00fcn ba\u015fkan\u0131, hakemlerle ilgili taraftarlar\u0131n\u0131n ve camias\u0131n\u0131n tepkilerini \u00e7ok iyi bildiklerini anlatarak, \u015f\u00f6yle konu\u015ftu:<\/p>\n<p>&#8220;Buras\u0131 T\u00fcrkiye. Maalesef, Cenap \u015eahabettin&#8217;in dedi\u011fi gibi, &#8216;Bu \u00fclkede m\u00fctevaz\u0131 g\u00f6r\u00fcnmeyin, ger\u00e7ek san\u0131rlar.&#8217; Siz ne kadar efendi olursan\u0131z, asil cevap verirseniz, bu maalesef yanl\u0131\u015f de\u011ferlendiriliyor. Sizin efendili\u011finiz, kibar duru\u015funuz, zay\u0131fl\u0131k p\u0131s\u0131r\u0131kl\u0131k, \u00f6z\u00fcr dileyerek s\u00f6yl\u00fcyorum, yumu\u015fakl\u0131k olarak alg\u0131lan\u0131yor. Biz, Galatasaray olarak a\u011flak ve z\u0131rlak bir toplum de\u011filiz. Biz ma\u011flubiyeti de sinemize gururla \u00e7ekeriz. Genel bir sava\u015fta, k\u0131sa bir ma\u011flubiyetler alabiliriz. Biz Galatasaray\u0131z ve asla pes etmeyiz. Biz \u00e7arp\u0131\u015farak, vuru\u015farak \u00f6l\u00fcr\u00fcz. Biz Galatasaray\u0131z, haftada 2 deme\u00e7, 3 tane z\u0131rvalayan s\u00f6zler s\u00f6ylemeyiz. Hakemlerde art niyet g\u00f6rm\u00fcyoruz ancak ayn\u0131 hakem ayn\u0131 hatay\u0131 7 kere yap\u0131yorsa bunun anlam\u0131 insan hatas\u0131 de\u011filidir.&#8221;<\/p>\n<p>&#8220;Federasyonu, MHK&#8217;yi fanatik Fenerbah\u00e7eli y\u00f6netsin&#8221;<br \/>\nMustafa Cengiz, kim y\u00f6netirse y\u00f6netsin T\u00fcrkiye Futbol Federasyonu (TFF) ve Merkez Hakem Kurulu&#8217;nda (MHK) g\u00f6rev alanlar\u0131n tarafs\u0131z olmas\u0131 gerekti\u011fini vurgulayarak, \u015funlar\u0131 kaydetti:<\/p>\n<p>&#8220;Federasyon bizim federasyonumuz, MHK bizim komitemiz. Bas\u0131nda anlams\u0131z laflar var, &#8216;MHK Galatasarayl\u0131, TFF Be\u015fikta\u015fl\u0131.&#8217; diye. Federasyona da MHK&#8217;ye de fanatik Fenerbah\u00e7eli gelsin. En de\u011ferli rakibimiz olduklar\u0131 i\u00e7in s\u00f6yl\u00fcyorum. Bir insan tuttu\u011fu tak\u0131m ne olursa olsun objektif de\u011ferleri yerin alt\u0131na al\u0131yorsa &#8216;Yaz\u0131klar olsun.&#8217; deriz. Bu oyunda da olmay\u0131z, bu oyunu da bozar\u0131z.&#8221;<\/p>\n<p>&#8220;Hakemler t\u0131ra\u015f olurken aynaya baks\u0131n&#8221;<br \/>\nCengiz, hakemlerin adalet da\u011f\u0131t\u0131c\u0131 ki\u015filer olmad\u0131\u011f\u0131n\u0131 vurgulayarak, s\u00f6zlerini \u015f\u00f6yle s\u00fcrd\u00fcrd\u00fc:<\/p>\n<p>&#8220;Hakemlere sesleniyorum, l\u00fctfen t\u0131ra\u015f olurken aynaya bak\u0131n. Ma\u00e7lar\u0131 tekrar izleyip bak\u0131n. B\u00fct\u00fcn tart\u0131\u015fmal\u0131 pozisyonlar Galatasaray&#8217;\u0131n aleyhine yorumlan\u0131yor. Galatasaray&#8217;a \u00e7ok rahat kart \u00e7\u0131kar\u0131l\u0131yor, yan hakem \u00e7ok rahat m\u00fcdahale ediyor. E\u015fitlik olsun. T\u00fcrkiye&#8217;de hakemler yanl\u0131\u015f e\u011fitiliyor. Hakemlerden adalet bekliyorlar, yanl\u0131\u015f. Hakemler adalet da\u011f\u0131tamaz. Hakem tahkim demektir, g\u00f6zleyen demektir. \u0130ngilizcesi &#8216;Referee&#8217;, referanstan gelir. Sahada siz hakemi hakim olarak g\u00f6r\u00fcrseniz, bu tak\u0131ma yanl\u0131\u015f yapt\u0131m \u00f6b\u00fcr\u00fcne de yanl\u0131\u015f yapay\u0131m duygusuna kap\u0131l\u0131r. Hakemler hakim de\u011fildir. Hakem, g\u00f6rd\u00fc\u011f\u00fcn\u00fc \u00e7alan, kurallar\u0131 uygulayan egemendir. Hakemler kendilerini hakim zannetmesin, haklar\u0131m\u0131z\u0131 da yemesin. Galatasaray&#8217;\u0131n l\u00fctfen \u00f6n\u00fcn\u00fc kesmeyin. Herkese adil olun. Kimse mutlu de\u011fil. Galatasaray asla pes etmeyecektir.&#8221;<\/p>\n<p>MHK&#8217;nin kendi i\u00e7indeki sorunlarla ilgilenmediklerini anlatan ba\u015fkan Cengiz, &#8220;Yeter ki haks\u0131zl\u0131k yapmas\u0131nlar, objektif olsunlar. Toplumsal kanaat ve vicdan \u00f6nemlidir. Toplum vicdan\u0131nda, bir tak\u0131ma, gruba ve bir aileye haks\u0131zl\u0131k yap\u0131ld\u0131\u011f\u0131na inan\u0131l\u0131yorsa o vicdan sel olur haks\u0131zl\u0131k yapan\u0131 ezer.&#8221; de\u011ferlendirmesinde bulundu.<\/p>\n<!-- Error, Advert is not available at this time due to schedule\/geolocation restrictions! -->\n","protected":false},"excerpt":{"rendered":"<p>Galatasaray Kul\u00fcb\u00fc Ba\u015fkan\u0131 Mustafa Cengiz, T\u00fcrk Telekom Arena&#8217;da Jeunesse Global ile yap\u0131lan sponsorluk anla\u015fmas\u0131nda, g\u00fcndeme dair sorular\u0131 yan\u0131tlad\u0131. Sar\u0131-k\u0131rm\u0131z\u0131l\u0131 kul\u00fcb\u00fcn ba\u015fkan\u0131, hakemlerle ilgili taraftarlar\u0131n\u0131n ve camias\u0131n\u0131n tepkilerini \u00e7ok iyi bildiklerini anlatarak, \u015f\u00f6yle konu\u015ftu: &#8220;Buras\u0131 T\u00fcrkiye. Maalesef, Cenap \u015eahabettin&#8217;in dedi\u011fi gibi, &#8216;Bu \u00fclkede m\u00fctevaz\u0131 g\u00f6r\u00fcnmeyin, ger\u00e7ek san\u0131rlar.&#8217; Siz ne kadar efendi olursan\u0131z, asil cevap verirseniz, bu &hellip;<\/p>\n","protected":false},"author":4,"featured_media":261752,"comment_status":"open","ping_status":"open","sticky":false,"template":"","format":"standard","meta":{"_acf_changed":false,"footnotes":""},"categories":[6774,6155,5005,6194],"tags":[4114,7635,216068],"class_list":["post-261751","post","type-post","status-publish","format-standard","has-post-thumbnail","hentry","category-futbol","category-gundem","category-manset","category-spor","tag-galatasaray","tag-kasimpasa","tag-mustafa-cengiz"],"acf":[],"_links":{"self":[{"href":"https:\/\/www.nationalturk.com\/tr\/wp-json\/wp\/v2\/posts\/261751","targetHints":{"allow":["GET"]}}],"collection":[{"href":"https:\/\/www.nationalturk.com\/tr\/wp-json\/wp\/v2\/posts"}],"about":[{"href":"https:\/\/www.nationalturk.com\/tr\/wp-json\/wp\/v2\/types\/post"}],"author":[{"embeddable":true,"href":"https:\/\/www.nationalturk.com\/tr\/wp-json\/wp\/v2\/users\/4"}],"replies":[{"embeddable":true,"href":"https:\/\/www.nationalturk.com\/tr\/wp-json\/wp\/v2\/comments?post=261751"}],"version-history":[{"count":0,"href":"https:\/\/www.nationalturk.com\/tr\/wp-json\/wp\/v2\/posts\/261751\/revisions"}],"wp:featuredmedia":[{"embeddable":true,"href":"https:\/\/www.nationalturk.com\/tr\/wp-json\/wp\/v2\/media\/261752"}],"wp:attachment":[{"href":"https:\/\/www.nationalturk.com\/tr\/wp-json\/wp\/v2\/media?parent=261751"}],"wp:term":[{"taxonomy":"category","embeddable":true,"href":"https:\/\/www.nationalturk.com\/tr\/wp-json\/wp\/v2\/categories?post=261751"},{"taxonomy":"post_tag","embeddable":true,"href":"https:\/\/www.nationalturk.com\/tr\/wp-json\/wp\/v2\/tags?post=261751"}],"curies":[{"name":"wp","href":"https:\/\/api.w.org\/{rel}","templated":true}]}}