{"id":261909,"date":"2018-02-24T12:36:11","date_gmt":"2018-02-24T09:36:11","guid":{"rendered":"http:\/\/www.nationalturk.com\/?p=261909"},"modified":"2018-02-24T12:36:11","modified_gmt":"2018-02-24T09:36:11","slug":"samsundaki-kreste-cocuklara-tekmeli-dayak","status":"publish","type":"post","link":"https:\/\/www.nationalturk.com\/tr\/samsundaki-kreste-cocuklara-tekmeli-dayak\/","title":{"rendered":"Samsun&#8217;daki kre\u015fte \u00e7ocuklara tekmeli dayak!"},"content":{"rendered":"<h2>Samsun&#8217;un \u00c7ar\u015famba il\u00e7esi, Sungurlu Mahallesi\u2019ndeki \u00f6zel bir kre\u015fe yakla\u015f\u0131k 35 minik \u00f6\u011frenci, 4 \u00f6\u011fretmen taraf\u0131ndan aylarca \u015fiddete maruz kald\u0131. Bir \u00e7ocu\u011fun ailesine \u201cKre\u015fte \u00f6\u011fretmen bizi d\u00f6v\u00fcyor\u201d demesinin ard\u0131ndan aile durumu polise bildirdi.<\/h2>\n<p>Samsun\u2019da \u00f6zel bir kre\u015fte \u00f6\u011fretmenlerin minik \u00f6\u011frencilere uygulad\u0131\u011f\u0131 \u015fiddet olay\u0131nda, yeni g\u00f6r\u00fcnt\u00fcler ortaya \u00e7\u0131kt\u0131. G\u00f6r\u00fcnt\u00fclerde kad\u0131n \u00f6\u011fretmenin bir \u00e7ocu\u011fa defalarca \u015fiddet uygulamas\u0131na ra\u011fmen, minik \u00e7ocu\u011fun ona sar\u0131ld\u0131\u011f\u0131 g\u00f6r\u00fcl\u00fcyor. Ancak \u00f6\u011fretmen kendisine sar\u0131lan \u00e7ocu\u011fa tekrar tokat at\u0131yor. Di\u011fer g\u00f6r\u00fcnt\u00fclerde ise \u00f6\u011fretmenlerin \u00e7ocuklar\u0131 terlikle s\u0131ra daya\u011f\u0131na \u00e7ekti\u011fi ve itip kakt\u0131\u011f\u0131 g\u00f6r\u00fcl\u00fcyor.<\/p>\n<p>\u00c7ar\u015famba il\u00e7esi Sungurlu Mahallesi\u2019ndeki \u00f6zel bir kre\u015fe aileleri taraf\u0131ndan emanet edilen yakla\u015f\u0131k 35 minik \u00f6\u011frenci, 4 \u00f6\u011fretmen taraf\u0131ndan aylarca \u015fiddete maruz kald\u0131. Bir \u00e7ocu\u011fun ailesine \u201cKre\u015fte \u00f6\u011fretmen bizi d\u00f6v\u00fcyor\u201d demesinin ard\u0131ndan aile durumu polise ihbar etti.<\/p>\n<p>Bunun \u00fczerine \u00c7ar\u015famba \u0130l\u00e7e Emniyet M\u00fcd\u00fcrl\u00fc\u011f\u00fc \u00c7ocuk B\u00fcro Amirli\u011fi ekipleri kre\u015fe ait g\u00fcvenlik kamera kay\u0131tlar\u0131n\u0131 incelemeye ald\u0131. Polis g\u00fcvenlik kamera kay\u0131tlar\u0131n\u0131 inceledi\u011finde kan donduran g\u00f6r\u00fcnt\u00fcler buldu. G\u00f6r\u00fcnt\u00fclerde g\u00f6revlilerin, ya\u015flar\u0131 4 ila 6 aras\u0131nda olan k\u00fc\u00e7\u00fck \u00e7ocuklara \u015fiddet uygulad\u0131\u011f\u0131n\u0131 tespit eden ekipler, M.K.K, S.\u00d6., G.\u015e. ve S.K. isimli \u00f6\u011fretmenleri g\u00f6zalt\u0131na ald\u0131. G\u00f6zalt\u0131na al\u0131nd\u0131ktan sonra i\u015flemleri tamamlanarak adliyeye sevk edilen G.\u015e. ve S.\u00d6. tutuklan\u0131rken, M.K.K. ve S.K. ise adli kontrol \u015fart\u0131yla serbest b\u0131rak\u0131ld\u0131.<\/p>\n<p>\u00d6te yandan, skandal \u015fiddet olay\u0131n\u0131n ya\u015fand\u0131\u011f\u0131 kre\u015fte, yeni g\u00f6r\u00fcnt\u00fcler ortaya \u00e7\u0131kt\u0131. G\u00f6r\u00fcnt\u00fclerde kad\u0131n \u00f6\u011fretmenin bir \u00e7ocu\u011fa defalarca \u015fiddet uygulamas\u0131na ra\u011fmen, minik \u00e7ocu\u011fun ona sar\u0131ld\u0131\u011f\u0131 g\u00f6r\u00fcl\u00fcyor.<\/p>\n<p>Ancak \u00f6\u011fretmen kendisine sar\u0131lan \u00e7ocu\u011fa tekrar tokat at\u0131yor. Di\u011fer g\u00f6r\u00fcnt\u00fclerde ise \u00f6\u011fretmenlerin \u00e7ocuklar\u0131 terlikle s\u0131ra daya\u011f\u0131na \u00e7ekti\u011fi ve itip kakt\u0131\u011f\u0131 g\u00f6r\u00fcl\u00fcyor.<\/p>\n<span style=\"font-weight: bold; color: #f00;\">Error, group does not exist! Check your syntax! (ID: 104)<\/span>\n","protected":false},"excerpt":{"rendered":"<p>Samsun&#8217;un \u00c7ar\u015famba il\u00e7esi, Sungurlu Mahallesi\u2019ndeki \u00f6zel bir kre\u015fe yakla\u015f\u0131k 35 minik \u00f6\u011frenci, 4 \u00f6\u011fretmen taraf\u0131ndan aylarca \u015fiddete maruz kald\u0131. Bir \u00e7ocu\u011fun ailesine \u201cKre\u015fte \u00f6\u011fretmen bizi d\u00f6v\u00fcyor\u201d demesinin ard\u0131ndan aile durumu polise bildirdi. Samsun\u2019da \u00f6zel bir kre\u015fte \u00f6\u011fretmenlerin minik \u00f6\u011frencilere uygulad\u0131\u011f\u0131 \u015fiddet olay\u0131nda, yeni g\u00f6r\u00fcnt\u00fcler ortaya \u00e7\u0131kt\u0131. G\u00f6r\u00fcnt\u00fclerde kad\u0131n \u00f6\u011fretmenin bir \u00e7ocu\u011fa defalarca \u015fiddet uygulamas\u0131na ra\u011fmen, &hellip;<\/p>\n","protected":false},"author":9192198,"featured_media":261910,"comment_status":"open","ping_status":"open","sticky":false,"template":"","format":"standard","meta":{"_acf_changed":false,"footnotes":""},"categories":[6805],"tags":[141603,30323],"class_list":["post-261909","post","type-post","status-publish","format-standard","has-post-thumbnail","hentry","category-turkiye","tag-samsun-carsamba","tag-sungurlu"],"acf":[],"_links":{"self":[{"href":"https:\/\/www.nationalturk.com\/tr\/wp-json\/wp\/v2\/posts\/261909","targetHints":{"allow":["GET"]}}],"collection":[{"href":"https:\/\/www.nationalturk.com\/tr\/wp-json\/wp\/v2\/posts"}],"about":[{"href":"https:\/\/www.nationalturk.com\/tr\/wp-json\/wp\/v2\/types\/post"}],"author":[{"embeddable":true,"href":"https:\/\/www.nationalturk.com\/tr\/wp-json\/wp\/v2\/users\/9192198"}],"replies":[{"embeddable":true,"href":"https:\/\/www.nationalturk.com\/tr\/wp-json\/wp\/v2\/comments?post=261909"}],"version-history":[{"count":0,"href":"https:\/\/www.nationalturk.com\/tr\/wp-json\/wp\/v2\/posts\/261909\/revisions"}],"wp:featuredmedia":[{"embeddable":true,"href":"https:\/\/www.nationalturk.com\/tr\/wp-json\/wp\/v2\/media\/261910"}],"wp:attachment":[{"href":"https:\/\/www.nationalturk.com\/tr\/wp-json\/wp\/v2\/media?parent=261909"}],"wp:term":[{"taxonomy":"category","embeddable":true,"href":"https:\/\/www.nationalturk.com\/tr\/wp-json\/wp\/v2\/categories?post=261909"},{"taxonomy":"post_tag","embeddable":true,"href":"https:\/\/www.nationalturk.com\/tr\/wp-json\/wp\/v2\/tags?post=261909"}],"curies":[{"name":"wp","href":"https:\/\/api.w.org\/{rel}","templated":true}]}}