{"id":261912,"date":"2018-02-24T14:19:19","date_gmt":"2018-02-24T11:19:19","guid":{"rendered":"http:\/\/www.nationalturk.com\/?p=261912"},"modified":"2018-02-24T14:19:19","modified_gmt":"2018-02-24T11:19:19","slug":"fikret-orman-vardar-ovasi-calmak-bize-yakismaz","status":"publish","type":"post","link":"https:\/\/www.nationalturk.com\/tr\/fikret-orman-vardar-ovasi-calmak-bize-yakismaz\/","title":{"rendered":"Fikret Orman: Vardar Ovas\u0131 \u00e7almak bize yak\u0131\u015fmaz!"},"content":{"rendered":"<h2>Be\u015fikta\u015f Ba\u015fkan\u0131 Fikret Orman, bug\u00fcn yap\u0131lan Divan Kurulu&#8217;nda \u00f6nemli a\u00e7\u0131klamalarda bulundu. Fikret Orman, kul\u00fcb\u00fcn borcunun net olarak 1 milyon 710 bin TL oldu\u011funu a\u00e7\u0131klarken, ezeli rakipleri Fenerbah\u00e7e ile yar\u0131n oynayacaklar\u0131 ma\u00e7la ilgili, &#8220;Baz\u0131 arkada\u015flar\u0131m\u0131z &#8216;Vardar Ovas\u0131 kullanal\u0131m&#8217; diyor ama yak\u0131\u015f\u0131r m\u0131 bu bize&#8221; diye konu\u015ftu.<\/h2>\n<p>Be\u015fikta\u015f Ba\u015fkan\u0131 Fikret Orman, bug\u00fcn yap\u0131lan Divan Kurulu&#8217;nda \u00f6nemli a\u00e7\u0131klamalarda bulundu. Fikret Orman, kul\u00fcb\u00fcn borcunun net olarak 1 milyon 710 bin TL oldu\u011funu a\u00e7\u0131klarken, ezeli rakipleri Fenerbah\u00e7e ile yar\u0131n oynayacaklar\u0131 ma\u00e7la ilgili, &#8220;Baz\u0131 arkada\u015flar\u0131m\u0131z &#8216;Derbide gol m\u00fczi\u011fi olarak Vardar Ovas\u0131 kullanal\u0131m&#8217; diyor ama bunu kullanmak bize yak\u0131\u015fmaz&#8221;&#8221; diye konu\u015ftu.<\/p>\n<p>Be\u015fikta\u015f&#8217;\u0131n bug\u00fcn yap\u0131lan Divan Kurulu toplant\u0131s\u0131nda ba\u015fkan Fikret Orman \u00e7arp\u0131c\u0131 a\u00e7\u0131klamalarda bulundu.<\/p>\n<p>Siyah-beyazl\u0131 kul\u00fcb\u00fcn ba\u015fkan\u0131 Fikret Orman, kul\u00fcb\u00fcn net borcunun 1 milyon 710 bin TL s\u00f6yleyerek, &#8220;Ge\u00e7en y\u0131l futbol yat\u0131r\u0131mlar\u0131 \u015firketi kar etti. Herkese a\u00e7\u0131\u011f\u0131z. Bana ve arkada\u015flar\u0131ma insanlar \u00e7ok rahat ula\u015fabiliyor. Be\u015fikta\u015f&#8217;la ilgili bir fikri olan varsa gelsin bize s\u00f6ylesin. B\u00fct\u00e7eyi kontrol etmek i\u00e7in bir departman olu\u015fturmay\u0131 d\u00fc\u015f\u00fcn\u00fcyoruz. &#8220;dedi<\/p>\n<h3>&#8220;Bayern M\u00fcnih&#8217;e kar\u015f\u0131 \u015fanss\u0131z bir ma\u011flubiyet ald\u0131k&#8221;<\/h3>\n<p>Almanya&#8217;ya \u00e7ok umutlu gittiklerini s\u00f6yleyen ba\u015fkan Orman, &#8220;Yapacak bir \u015fey yok. \u00c7ok umutlu gittik ama \u015fanss\u0131zd\u0131k. Turu kaybedebiliriz ancak Bayern M\u00fcnih&#8217;i \u0130stanbul&#8217;da yenece\u011fimizi d\u00fc\u015f\u00fcn\u00fcyoruz. Biz de hocam\u0131z da \u00e7ok mutevaziyiz. Bu tak\u0131m stad\u0131 olmadan \u015fampiyon oldu. Ge\u00e7en sene 2. kez olduk. UEFA Avrupa Ligi&#8217;nde \u00e7eyrek finale \u00e7\u0131kt\u0131k, penalt\u0131larla elendik. Bu sezon \u015eampiyonlar Ligi&#8217;nde gruplardan lider \u00e7\u0131kt\u0131k. Biz bir ma\u011flubiyetle kar\u0131\u015facak bir kul\u00fcp de\u011filiz. Bir ma\u011flubiyetin ard\u0131ndan i\u00e7te de d\u0131\u015fta da bir \u015feyler ba\u015fl\u0131yor, g\u00f6r\u00fcyorum.&#8221; a\u00e7\u0131klamas\u0131n\u0131 yapt\u0131.<\/p>\n<p>Pazar g\u00fcn\u00fc ligin kaderini etkileyecek olan Fenerbah\u00e7e ma\u00e7\u0131 ile ilgili de d\u00fc\u015f\u00fcncelerini payla\u015fan Orman, &#8220;Yar\u0131n \u00e7ok \u00f6nemli bir ma\u00e7\u0131m\u0131z var. Bu ma\u00e7a \u00e7\u0131kmadan \u00f6nce son 2 sezonun \u015fampiyonu Be\u015fikta\u015f&#8217;\u0131 alk\u0131\u015flamam\u0131z gerekir. D\u00fcn \u015eenol Hocaya da s\u00f6yledim. Bizim sermayemiz d\u00fcr\u00fcstl\u00fck, emek, \u00e7al\u0131\u015fmad\u0131r.&#8221; \u015feklinde konu\u015ftu.<\/p>\n<h3>Fikret Orman: Vardar Ovas\u0131 \u00e7almak bize yak\u0131\u015fmaz<\/h3>\n<p>Ba\u015fkan Fikret Orman, yar\u0131nki ma\u00e7la ilgili olarak ayr\u0131ca, &#8220;Hafta sonu ma\u00e7 yapaca\u011f\u0131z, rakiplerimiz (Fenerbah\u00e7e) Bayern M\u00fcnih gol att\u0131ktan sonra kulland\u0131\u011f\u0131 m\u00fczi\u011fi kullan\u0131yor&#8230; Bunlar yak\u0131\u015fm\u0131yor. Baz\u0131 arkada\u015flar\u0131m\u0131z Vardar Ovas\u0131 m\u00fczi\u011fini kullanal\u0131m diyor ama yak\u0131\u015f\u0131r m\u0131 bu bize?&#8221; dedi.<\/p>\n<h4>&#8220;G\u00f6receksiniz yine \u015fampiyon olaca\u011f\u0131z&#8221;<\/h4>\n<p>&#8220;Be\u015fikta\u015f gidiyormu\u015f da hoca ar\u0131yormu\u015f! Biz ge\u00e7en sezon Metin Albayrak&#8217;la konu\u015fmu\u015fuz, hocay\u0131 g\u00f6ndermeye karar vermi\u015fiz&#8221; ifadelerini kullanan Orman, &#8220;Yahu Be\u015fikta\u015f&#8217;ta bizim oldu\u011fumuz d\u00f6nemde hangi s\u00f6zle\u015fmeyi bozduk biz? Slaven Bilic&#8217;le, Samet Aybaba&#8217;yla s\u00f6zle\u015fme yapt\u0131k sonuna kadar gittik. \u0130\u00e7imizde de ayr\u0131ca bunlar\u0131 k\u00f6p\u00fcrten insanlar var. \u015eenol G\u00fcne\u015f d\u00fcnyan\u0131n en \u00e7al\u0131\u015fkan en namuslu insan\u0131d\u0131r. \u015eenol hocam\u0131zla daha ge\u00e7enlerde 2 y\u0131ll\u0131k s\u00f6zle\u015fme imzalad\u0131k. Ay\u0131pt\u0131r yahu. Ay\u0131pt\u0131r. G\u00f6receksiniz bu sene yine \u015fampiyon olaca\u011f\u0131z.&#8221; ifadelerini kulland\u0131.<\/p>\n<p>&#8220;Akatlara m\u00fcthi\u015f tesis yapaca\u011f\u0131z&#8221;<\/p>\n<p>Tesisle\u015fme konusuna da de\u011finen Be\u015fikta\u015f Ba\u015fkan\u0131, &#8220;Senelik 4.5 milyon dolar kira kayb\u0131m\u0131z var. Yap\u0131lan baz\u0131 anla\u015fmalar TL&#8217;e endeksli yap\u0131ld\u0131\u011f\u0131 i\u00e7in oradan da zarar\u0131m\u0131z var. Oray\u0131 tekrar canland\u0131rmak i\u00e7in yat\u0131r\u0131m yapmam\u0131z \u015fart. Akatlar&#8217;da bir salon yapaca\u011f\u0131z. Resmi olarak izin almak \u00fczereyiz. M\u00fcthi\u015f bir tesis yapaca\u011f\u0131z oraya.&#8221; diyerek s\u00f6zlerini tamamlad\u0131.<\/p>\n<!-- Error, Advert is not available at this time due to schedule\/geolocation restrictions! -->\n","protected":false},"excerpt":{"rendered":"<p>Be\u015fikta\u015f Ba\u015fkan\u0131 Fikret Orman, bug\u00fcn yap\u0131lan Divan Kurulu&#8217;nda \u00f6nemli a\u00e7\u0131klamalarda bulundu. Fikret Orman, kul\u00fcb\u00fcn borcunun net olarak 1 milyon 710 bin TL oldu\u011funu a\u00e7\u0131klarken, ezeli rakipleri Fenerbah\u00e7e ile yar\u0131n oynayacaklar\u0131 ma\u00e7la ilgili, &#8220;Baz\u0131 arkada\u015flar\u0131m\u0131z &#8216;Vardar Ovas\u0131 kullanal\u0131m&#8217; diyor ama yak\u0131\u015f\u0131r m\u0131 bu bize&#8221; diye konu\u015ftu. Be\u015fikta\u015f Ba\u015fkan\u0131 Fikret Orman, bug\u00fcn yap\u0131lan Divan Kurulu&#8217;nda \u00f6nemli a\u00e7\u0131klamalarda &hellip;<\/p>\n","protected":false},"author":9192198,"featured_media":251107,"comment_status":"open","ping_status":"open","sticky":false,"template":"","format":"standard","meta":{"_acf_changed":false,"footnotes":""},"categories":[5005,349,6805],"tags":[10140,59086,13298,44401,37131,9735],"class_list":["post-261912","post","type-post","status-publish","format-standard","has-post-thumbnail","hentry","category-manset","category-son-dakika","category-turkiye","tag-bayern-munih","tag-besiktas-baskani","tag-besiktas-divan-kurulu","tag-fenerbahce-derbisi","tag-fikret-orman","tag-senol-gunes"],"acf":[],"_links":{"self":[{"href":"https:\/\/www.nationalturk.com\/tr\/wp-json\/wp\/v2\/posts\/261912","targetHints":{"allow":["GET"]}}],"collection":[{"href":"https:\/\/www.nationalturk.com\/tr\/wp-json\/wp\/v2\/posts"}],"about":[{"href":"https:\/\/www.nationalturk.com\/tr\/wp-json\/wp\/v2\/types\/post"}],"author":[{"embeddable":true,"href":"https:\/\/www.nationalturk.com\/tr\/wp-json\/wp\/v2\/users\/9192198"}],"replies":[{"embeddable":true,"href":"https:\/\/www.nationalturk.com\/tr\/wp-json\/wp\/v2\/comments?post=261912"}],"version-history":[{"count":0,"href":"https:\/\/www.nationalturk.com\/tr\/wp-json\/wp\/v2\/posts\/261912\/revisions"}],"wp:featuredmedia":[{"embeddable":true,"href":"https:\/\/www.nationalturk.com\/tr\/wp-json\/wp\/v2\/media\/251107"}],"wp:attachment":[{"href":"https:\/\/www.nationalturk.com\/tr\/wp-json\/wp\/v2\/media?parent=261912"}],"wp:term":[{"taxonomy":"category","embeddable":true,"href":"https:\/\/www.nationalturk.com\/tr\/wp-json\/wp\/v2\/categories?post=261912"},{"taxonomy":"post_tag","embeddable":true,"href":"https:\/\/www.nationalturk.com\/tr\/wp-json\/wp\/v2\/tags?post=261912"}],"curies":[{"name":"wp","href":"https:\/\/api.w.org\/{rel}","templated":true}]}}