{"id":262107,"date":"2018-03-01T14:01:48","date_gmt":"2018-03-01T11:01:48","guid":{"rendered":"http:\/\/www.nationalturk.com\/?p=262107"},"modified":"2023-07-28T22:55:33","modified_gmt":"2023-07-28T19:55:33","slug":"somurgeci-olsaydik-bu-soruyu-bana-fransizca-degil-turkce-sorardin","status":"publish","type":"post","link":"https:\/\/www.nationalturk.com\/tr\/somurgeci-olsaydik-bu-soruyu-bana-fransizca-degil-turkce-sorardin\/","title":{"rendered":"&#8220;S\u00f6m\u00fcrgeci olsayd\u0131k bu soruyu bana Frans\u0131zca de\u011fil T\u00fcrk\u00e7e sorard\u0131n&#8221;"},"content":{"rendered":"<h2>Cumhurba\u015fkan\u0131 Recep Tayyip Erdo\u011fan&#8217;\u0131n kendisine s\u00f6m\u00fcrgecilikle ilgili soru soran Cezayirli bir gazeteciye &#8220;E\u011fer T\u00fcrkiye s\u00f6m\u00fcrgeci olsayd\u0131 bu soruyu Frans\u0131zca de\u011fil T\u00fcrk\u00e7e sorard\u0131n\u0131z&#8221; dedi\u011fi iddia edildi. Habert\u00fcrk yazar\u0131 Fatih Altayl\u0131 da ger\u00e7ekle\u015fti\u011fi ifade edilen bu diyalogu k\u00f6\u015fesine ta\u015f\u0131d\u0131.<\/h2>\n<p>Cumhurba\u015fkan\u0131 Recep Tayyip Erdo\u011fan Afrika turu ba\u015flad\u0131. Moritanya, Senegal ve Mali&#8217;nin de programda oldu\u011fu ziyaretlerin ilki Cezayir&#8217;e ger\u00e7ekle\u015fti.<br \/>\nCezayirli mevkida\u015f\u0131 Cumhurba\u015fkan\u0131 Abdulaziz Buteflika ile bir araya gelen Erdo\u011fan&#8217;a bir gazetecinin Osmanl\u0131&#8217;y\u0131 kastederek &#8220;T\u00fcrkiye, Cezayir&#8217;i s\u00f6m\u00fcrge olarak m\u0131 g\u00f6r\u00fcyordu?&#8221; sorusunu y\u00f6neltti\u011fi ifade edildi.<\/p>\n<p>Katarl\u0131 Faysal el Kas\u0131m adl\u0131 gazetecinin iddias\u0131na g\u00f6re Erdo\u011fan bu soruya \u015fu ifadeyi kullanarka yan\u0131t verdi:<\/p>\n<p>&#8220;\u00d6yle olsayd\u0131, bu soruyu bana Frans\u0131zca de\u011fil T\u00fcrk\u00e7e sorard\u0131n.&#8221;<\/p>\n<p>Habert\u00fcrk yazar\u0131 Fatih Altayl\u0131 da konu hakk\u0131nda bug\u00fcn &#8220;S\u00f6m\u00fcrge terbiyesi&#8221; ba\u015fl\u0131kl\u0131 bir yaz\u0131 kaleme ald\u0131. Altayl\u0131&#8217;n\u0131n yaz\u0131s\u0131n\u0131n ilgili k\u0131sm\u0131 \u015f\u00f6yle:<\/p>\n<p>&#8220;CUMHURBA\u015eKANI Erdo\u011fan\u2019\u0131n Cezayir ziyaretinden \u00f6nce, Cezayirli bir \u201cyazar\u201d uzunca bir yaz\u0131 kaleme ald\u0131.<\/p>\n<p>Huffington Post da bu yaz\u0131y\u0131 yay\u0131nlad\u0131.<\/p>\n<p>\u201cCezayir\u2019e ho\u015f gelmediniz\u201d ba\u015fl\u0131kl\u0131 yaz\u0131 hayli a\u011f\u0131r bir Erdo\u011fan ele\u015ftirisiydi.<\/p>\n<p>Ancak yazar h\u0131z\u0131n\u0131 alamam\u0131\u015f, yaz\u0131s\u0131n\u0131 tarihi \u201cT\u00fcrkiye d\u00fc\u015fmanl\u0131\u011f\u0131\u201dna d\u00f6n\u00fc\u015ft\u00fcrm\u00fc\u015ft\u00fc.<\/p>\n<p>Erdo\u011fan elbette ele\u015ftirilebilir, bu ele\u015ftirinin s\u0131n\u0131rlar\u0131 \u00e7ok geni\u015f olabilir, ama bunu bir \u00fclkeye \u201csat\u0131r aralar\u0131na gizlenmi\u015f\u201d bir d\u00fc\u015fmanl\u0131\u011f\u0131n malzemesi yapmak hem ay\u0131pt\u0131r, hem haks\u0131zl\u0131kt\u0131r.<\/p>\n<p>Ama belli ki, bu durum Cezayir\u2019e \u00f6zg\u00fcn bir havay\u0131 yans\u0131t\u0131yor.<br \/>\n\u00c7\u00fcnk\u00fc d\u00fcn de Cezayirli bir gazeteci, Erdo\u011fan\u2019a \u201cT\u00fcrkler buray\u0131 i\u015fgal etmedi mi?\u201d diye sormu\u015f.<\/p>\n<p>Erdo\u011fan\u2019\u0131n yan\u0131t\u0131 g\u00fczel: \u201cE\u011fer \u00f6yle olsayd\u0131 siz bu soruyu bana Frans\u0131zca de\u011fil, T\u00fcrk\u00e7e soruyor olurdunuz.\u201d<\/p>\n<p>\u00d6yle ya, \u00e7ok de\u011fil 1960\u2019larda Cezayir\u2019den kanl\u0131 hatta \u00e7ok kanl\u0131 bir \u015fekilde \u00e7ekilen Fransa Cumhurba\u015fkan\u0131\u2019na b\u00f6yle bir soru sormay\u0131p da 500 y\u0131l \u00f6nce yap\u0131lan bir f\u00fctuhat\u0131n hesab\u0131n\u0131 sormaya kalk\u0131\u015fmak, ancak \u201cs\u00f6m\u00fcrge ayd\u0131n\u0131\u201d olman\u0131n derine i\u015flemi\u015f bir ruh hali haline d\u00f6n\u00fc\u015fmesiyle olabilir.<\/p>\n<p>Fransa\u2019n\u0131n Cezayir halk\u0131na ge\u00e7ti\u011fimiz y\u00fczy\u0131lda, modern zamanlarda yapt\u0131\u011f\u0131 zul\u00fcm ortadayken ve t\u00fcm Ma\u011frib\u2019e k\u00fclt\u00fcr\u00fcn\u00fc dayatm\u0131\u015fken Osmanl\u0131\u2019y\u0131 i\u015fgalci olarak nitelemek ne ayd\u0131nl\u0131kt\u0131r, ne yazarl\u0131kt\u0131r, ne de adaml\u0131kt\u0131r.<\/p>\n<p>\u0130ngiltere Hindistan\u2019da insanlar\u0131 toplar\u0131n \u00f6n\u00fcne ba\u011flay\u0131p \u00f6ld\u00fcr\u00fcrken, Fransa Cezayir\u2019i kana bularken, Bel\u00e7ika Afrika nehirlerini kan nehri haline getirirken Osmanl\u0131\u2019n\u0131n b\u00f6yle bir sicili yok.<\/p>\n<p>Galiba sorun da asl\u0131nda burada.<\/p>\n<p>Cellad\u0131na \u00e2\u015f\u0131k olan bu s\u00f6m\u00fcrge ayd\u0131nlar\u0131n\u0131n beyinleri \u00f6yle bir y\u0131kanm\u0131\u015f ki, \u00fczerinden bir ku\u015fak bile ge\u00e7memi\u015f sorunlu yak\u0131n ge\u00e7mi\u015fi hat\u0131rlamazlar, ama bilmedikleri uzak ge\u00e7mi\u015fin hesab\u0131n\u0131 sorarlar.<\/p>\n<p>Belli ki sadece kaynaklar\u0131 de\u011fil, beyinleri de s\u00f6m\u00fcr\u00fclm\u00fc\u015f bunlar\u0131n\u2026&#8221;<\/p>\n<!-- Error, Advert is not available at this time due to schedule\/geolocation restrictions! -->\n","protected":false},"excerpt":{"rendered":"<p>Cumhurba\u015fkan\u0131 Recep Tayyip Erdo\u011fan&#8217;\u0131n kendisine s\u00f6m\u00fcrgecilikle ilgili soru soran Cezayirli bir gazeteciye &#8220;E\u011fer T\u00fcrkiye s\u00f6m\u00fcrgeci olsayd\u0131 bu soruyu Frans\u0131zca de\u011fil T\u00fcrk\u00e7e sorard\u0131n\u0131z&#8221; dedi\u011fi iddia edildi. Habert\u00fcrk yazar\u0131 Fatih Altayl\u0131 da ger\u00e7ekle\u015fti\u011fi ifade edilen bu diyalogu k\u00f6\u015fesine ta\u015f\u0131d\u0131. Cumhurba\u015fkan\u0131 Recep Tayyip Erdo\u011fan Afrika turu ba\u015flad\u0131. Moritanya, Senegal ve Mali&#8217;nin de programda oldu\u011fu ziyaretlerin ilki Cezayir&#8217;e ger\u00e7ekle\u015fti. &hellip;<\/p>\n","protected":false},"author":4,"featured_media":262108,"comment_status":"open","ping_status":"open","sticky":false,"template":"","format":"standard","meta":{"_acf_changed":false,"footnotes":""},"categories":[763,220549],"tags":[4786,8248,221259,221260,42189,787,125395],"class_list":["post-262107","post","type-post","status-publish","format-standard","has-post-thumbnail","hentry","category-gunun-olayi","category-haber","tag-cezayir","tag-fatih-altayli","tag-fatih-altayli-yazilari","tag-fatih-altayli-yorum","tag-osmanli","tag-recep-tayyip-erdogan","tag-somurge"],"acf":[],"_links":{"self":[{"href":"https:\/\/www.nationalturk.com\/tr\/wp-json\/wp\/v2\/posts\/262107","targetHints":{"allow":["GET"]}}],"collection":[{"href":"https:\/\/www.nationalturk.com\/tr\/wp-json\/wp\/v2\/posts"}],"about":[{"href":"https:\/\/www.nationalturk.com\/tr\/wp-json\/wp\/v2\/types\/post"}],"author":[{"embeddable":true,"href":"https:\/\/www.nationalturk.com\/tr\/wp-json\/wp\/v2\/users\/4"}],"replies":[{"embeddable":true,"href":"https:\/\/www.nationalturk.com\/tr\/wp-json\/wp\/v2\/comments?post=262107"}],"version-history":[{"count":0,"href":"https:\/\/www.nationalturk.com\/tr\/wp-json\/wp\/v2\/posts\/262107\/revisions"}],"wp:featuredmedia":[{"embeddable":true,"href":"https:\/\/www.nationalturk.com\/tr\/wp-json\/wp\/v2\/media\/262108"}],"wp:attachment":[{"href":"https:\/\/www.nationalturk.com\/tr\/wp-json\/wp\/v2\/media?parent=262107"}],"wp:term":[{"taxonomy":"category","embeddable":true,"href":"https:\/\/www.nationalturk.com\/tr\/wp-json\/wp\/v2\/categories?post=262107"},{"taxonomy":"post_tag","embeddable":true,"href":"https:\/\/www.nationalturk.com\/tr\/wp-json\/wp\/v2\/tags?post=262107"}],"curies":[{"name":"wp","href":"https:\/\/api.w.org\/{rel}","templated":true}]}}