{"id":262147,"date":"2018-03-02T09:56:07","date_gmt":"2018-03-02T06:56:07","guid":{"rendered":"http:\/\/www.nationalturk.com\/?p=262147"},"modified":"2018-03-02T09:56:07","modified_gmt":"2018-03-02T06:56:07","slug":"avrupada-kutup-sogugu-can-almaya-devam-ediyor","status":"publish","type":"post","link":"https:\/\/www.nationalturk.com\/tr\/avrupada-kutup-sogugu-can-almaya-devam-ediyor\/","title":{"rendered":"Avrupa&#8217;da &#8220;kutup so\u011fu\u011fu&#8221; can almaya devam ediyor"},"content":{"rendered":"<h2>Avrupa genelini etkisi alt\u0131na alan &#8220;kutup&#8221; so\u011fu\u011fu etkisini s\u00fcrd\u00fcr\u00fcrken, dondurucu so\u011fuk ve buzlanman\u0131n sebep oldu\u011fu kazalarda Avrupa genelinde 35&#8217;den fazla ki\u015fi ya\u015fam\u0131n\u0131 yitirdi, bir\u00e7ok \u00fclkede okullar tatil edildi.<\/h2>\n<p>Sibirya \u00fczerinden Avrupa genelini etkisi alt\u0131na alan so\u011fuk hava, b\u00f6lgede devam ediyor.<\/p>\n<p>Yo\u011fun kar ya\u011f\u0131\u015f\u0131 ve buzlanma Avrupa&#8217;n\u0131n bir\u00e7ok \u00fclkesinde kara, deniz, demir ve hava yolu ula\u015f\u0131m\u0131nda aksamalara neden olurken, \u00fcniversiteler de dahil olmak \u00fczere okullar tatil edildi.<\/p>\n<p>\u0130ngiltere, \u0130sko\u00e7ya, Galler, H\u0131rvatistan ve \u0130sve\u00e7&#8217;te, hava ko\u015fullar\u0131n\u0131n hayati tehlike olu\u015fturdu\u011fu ve acilen harekete ge\u00e7ilmesi anlam\u0131na gelen k\u0131rm\u0131z\u0131, Fransa, \u0130spanya, Bel\u00e7ika da turuncu ve Hollanda&#8217;da da sar\u0131 alarm verildi.<\/p>\n<p>Dondurucu so\u011fuk ve buzlanman\u0131n sebep oldu\u011fu kazalar nedeniyle \u015fimdiye kadar Bel\u00e7ika, \u0130ngiltere, \u0130sko\u00e7ya, S\u0131rbistan, Slovenya, \u0130sve\u00e7, \u00c7ekya, \u0130spanya, Fransa ve Almanya&#8217;da 35&#8217;den fazla ki\u015fi ya\u015fam\u0131n\u0131 yitirdi.<\/p>\n<p>Kutup havas\u0131 hakim<br \/>\n\u0130ngiltere Meteoroloji Kurumundan yap\u0131lan a\u00e7\u0131klamada, hafta ba\u015f\u0131ndan beri t\u00fcm aday\u0131 etkisi alt\u0131na alan &#8220;Do\u011fu Canavar\u0131&#8221; adl\u0131 so\u011fuk hava dalgas\u0131n\u0131n bug\u00fcn Atlantik Okyanusu&#8217;ndan gelen &#8220;Emma F\u0131rt\u0131nas\u0131&#8221; ile birle\u015fti\u011fi ve adada daha fazla kar ile kuvvetli r\u00fczgarlara sebep oldu\u011fu bildirildi.<\/p>\n<p>\u0130ngiliz polisi, karayollar\u0131n\u0131n karla kaplanmas\u0131 ve yer yer ya\u015fanan buzlanma sebebiyle zincirleme trafik kazalar\u0131 ger\u00e7ekle\u015fti\u011fini, \u00e7ok say\u0131da arac\u0131n uzun saatler boyunca yollarda kald\u0131\u011f\u0131n\u0131 duyurarak, ko\u015fullar iyile\u015fene kadar acil servis g\u00f6revlileri d\u0131\u015f\u0131nda kimsenin direksiyon ba\u015f\u0131na ge\u00e7memesi gerekti\u011fini belirtti.<\/p>\n<p>G\u00fcnde yakla\u015f\u0131k 5 milyon ki\u015finin kulland\u0131\u011f\u0131 Londra metrosunda da aksamalar ya\u015fand\u0131. Bir\u00e7ok metro hatt\u0131n\u0131n sinyal kutular\u0131 don nedeniyle devre d\u0131\u015f\u0131 kald\u0131.<\/p>\n<p>Bel\u00e7ika Kraliyet Meteoroloji Enstit\u00fcs\u00fc de d\u00fcn\u00fcn 1901&#8217;den beri \u00fclkede ya\u015fanan en so\u011fuk g\u00fcn oldu\u011funu a\u00e7\u0131klad\u0131. \u00dclke genelinde en y\u00fcksek s\u0131cakl\u0131\u011f\u0131n eksi 2 oldu\u011fu tespit edilirken, Bel\u00e7ika&#8217;n\u0131n do\u011fusundaki Elsenborn kentinde hava s\u0131cakl\u0131\u011f\u0131n\u0131n eksi 18 dereceye kadar d\u00fc\u015ft\u00fc\u011f\u00fc belirtildi.<\/p>\n<p>Bel\u00e7ika&#8217;da turuncu alarma ge\u00e7ilirken, kuzeyden gelen &#8220;kutup havas\u0131n\u0131n&#8221; hava s\u0131cakl\u0131\u011f\u0131nda a\u015f\u0131r\u0131 d\u00fc\u015f\u00fc\u015fe neden olaca\u011f\u0131 uyar\u0131s\u0131nda bulundu.<\/p>\n<p>S\u0131\u011f\u0131nmac\u0131 anne donarak \u00f6ld\u00fc<br \/>\nHava s\u0131cakl\u0131\u011f\u0131n\u0131n s\u0131f\u0131r\u0131n alt\u0131nda 13 dereceye kadar d\u00fc\u015ft\u00fc\u011f\u00fc H\u0131rvatistan&#8217;da da \u00fclkenin kuzeybat\u0131s\u0131ndaki Delnice&#8217;de kar kal\u0131nl\u0131\u011f\u0131 172 santimetreye ula\u015ft\u0131. B\u00f6lge \u00fclkelerinden Bosna Hersek&#8217;te de d\u00fcn gece hava s\u0131cakl\u0131\u011f\u0131 s\u0131f\u0131r\u0131n alt\u0131nda 20 dereceye kadar indi.<\/p>\n<p>Hava s\u0131cakl\u0131\u011f\u0131n\u0131n s\u0131f\u0131r\u0131n alt\u0131nda 25 dereceye kadar d\u00fc\u015ft\u00fc\u011f\u00fc Slovenya&#8217;da ise d\u00fcn bir ki\u015finin Maribor \u015fehri yak\u0131nlar\u0131nda donarak \u00f6ld\u00fc\u011f\u00fc bildirildi. Yerel kaynaklara g\u00f6re, donmak \u00fczere bulunan ba\u015fka bir ki\u015finin de hayati riski s\u00fcr\u00fcyor.<\/p>\n<p>Avrupa&#8217;n\u0131n bu sene en so\u011fuk yeri eksi 40 derece ile \u0130sve\u00e7&#8217;in Kiruna kentine ba\u011fl\u0131 Nikkaluokta kasabas\u0131 olurken, Savsj\u00f6 kentinde bir s\u0131\u011f\u0131nmac\u0131 kad\u0131n\u0131n donarak \u00f6ld\u00fc\u011f\u00fc bildirildi.<\/p>\n<p>\u0130sve\u00e7 polisinin verdi\u011fi bilgiye g\u00f6re, 35 ya\u015f\u0131ndaki Burkina Faso vatanda\u015f\u0131 kad\u0131n ve iki \u00e7ocu\u011funun s\u0131\u011f\u0131nma ba\u015fvurusu reddedilince s\u0131\u011f\u0131nmac\u0131 kamp\u0131ndan ayr\u0131ld\u0131. Sokakta \u00e7ocuklar\u0131 ile kalan kad\u0131n\u0131n donarak \u00f6ld\u00fc\u011f\u00fc belirtildi. 8 ve 9 ya\u015f\u0131ndaki iki \u00e7o\u011fun da donmaktan son anda kurtar\u0131larak hastanede tedavi alt\u0131na al\u0131nd\u0131\u011f\u0131 kaydedildi.<\/p>\n<p>Macaristan Meteoroloji Genel M\u00fcd\u00fcrl\u00fc\u011f\u00fcnden yap\u0131lan a\u00e7\u0131klamada da en d\u00fc\u015f\u00fck s\u0131cakl\u0131\u011f\u0131n eksi 24,6 ile Satorhely kentinde \u00f6l\u00e7\u00fcld\u00fc\u011f\u00fc bildirildi.<\/p>\n<p>\u00c7ekya Meteoroloji Merkezinden yap\u0131lan a\u00e7\u0131klamada, \u00fclke genelinde hava s\u0131cakl\u0131\u011f\u0131n\u0131n eksi 15 ila 20 derece aras\u0131nda seyretti\u011fi so\u011fuk havan\u0131n cumartesi g\u00fcn\u00fcnden itibaren etkisini yitirmesinin beklendi\u011fi belirtildi.<\/p>\n<p>\u0130spanya i\u00e7in f\u0131rt\u0131na uyar\u0131s\u0131<br \/>\n\u0130spanya&#8217;y\u0131 etkisi alt\u0131na alan Emma F\u0131rt\u0131nas\u0131 nedeniyle, Malaga, Granada ve Sevilla kentlerindeki turuncu alarm durumu devam ederken, ba\u015fkent Madrid dahil \u00fclkenin bir \u00e7ok b\u00f6lgesinde ya\u011fmur g\u00f6r\u00fcld\u00fc. Yetkililer ayr\u0131ca 41 kent i\u00e7in f\u0131rt\u0131na uyas\u0131 yapt\u0131. F\u0131rt\u0131nan\u0131n \u0130spanya&#8217;y\u0131 terk edece\u011fi ancak ard\u0131ndan gelecek ya\u011fmurun gelecek hafta per\u015fembe g\u00fcn\u00fcne kadar \u00fclkenin baz\u0131 kesimlerinde etkisini g\u00f6sterece\u011fi kaydedildi.<\/p>\n<p>Fransa&#8217;da yakla\u015f\u0131k 2 bin arac\u0131n kar ve buzlanma nedeniyle gece boyu Montpellier kentinin yak\u0131nlar\u0131ndaki A9 otoyolunda mahsur kald\u0131\u011f\u0131 ve ara\u00e7lar\u0131n sabah saatlerine kadar kurtar\u0131lamad\u0131\u011f\u0131 belirtildi. Otoyolda mahsur kalan bir ki\u015fi, sosyal medyada payla\u015ft\u0131\u011f\u0131 mesajda, 13 saatte sadece 1 kilometre mesafe katedebildiklerini yazd\u0131.<\/p>\n<p>Ba\u015fkent Paris&#8217;in de i\u00e7inde oldu\u011fu Ile-de-France b\u00f6lgesinde baz\u0131 yollar\u0131n kar nedeniyle trafi\u011fe kapat\u0131ld\u0131\u011f\u0131 bildirildi. Fransa&#8217;n\u0131n yumu\u015fak iklimi ve turistik y\u00f6n\u00fcyle bilinen Montpellier ve Biarritz kentlerindeki havalimanlar\u0131nda ise hava ko\u015fullar\u0131 nedeniyle baz\u0131 u\u00e7u\u015flar iptal edildi.<\/p>\n<p>Evsizlere ge\u00e7ici bar\u0131nak<br \/>\nAvusturya genelinde eksi 14 derece seviyelerinde seyreden hava s\u0131cakl\u0131klar\u0131 d\u00fcn gece Vorarlberg eyaletinde eksi 32&#8217;ye d\u00fc\u015ft\u00fc.<\/p>\n<p>\u015eiddetli so\u011fuklar nedeniyle Avusturya&#8217;da d\u0131\u015far\u0131da ya\u015fayan evsizlere y\u00f6nelik, \u0130\u00e7i\u015fleri Bakanl\u0131\u011f\u0131ndan emniyet g\u00fc\u00e7lerine verilen talimatta, vatanda\u015flar\u0131n dondurucu so\u011fuklardan olumsuz etkilenmemesi i\u00e7in ge\u00e7ici bar\u0131naklar ba\u015fta olmak \u00fczere gerekti\u011fi takdirde s\u0131\u011f\u0131nmac\u0131 merkezlerine g\u00f6t\u00fcr\u00fclmesi belirtildi.<\/p>\n<p>So\u011fuk hava dalgas\u0131 Almanya&#8217;y\u0131 da etkisine ald\u0131. Almanya&#8217;n\u0131n kuzeyindeki Schleswig-Holstein eyaletinde yo\u011fun kar ya\u011f\u0131\u015f\u0131 sebebiyle baz\u0131 b\u00f6lgelerde okullar tatil edildi. \u00d6zellikle Flensburg ve Nieb\u00fcll kentlerinin \u00e7evre b\u00f6lgelerinde etkili olan yo\u011fun kar ve tipi trafikte aksamalara yol a\u00e7t\u0131. Bir \u00e7ok arac\u0131n yolda kald\u0131\u011f\u0131 bildirildi. Juist Adas\u0131&#8217;na gemi seferleri yap\u0131lamad\u0131.<\/p>\n<p>Kar ya\u011f\u0131\u015flar\u0131n\u0131n Kuzey-Ren Vestfalya ve Hessen eyaletlerinde beklendi\u011fi ifade edildi. Di\u011fer taraftan Almanya&#8217;da per\u015fembe sabah\u0131 da termometrelerin eksi 18 dereceye kadar d\u00fc\u015ft\u00fc\u011f\u00fc bildirildi. Termometreler ba\u015fkent Berlin&#8217;de eksi 12, M\u00fcnih&#8217;te eksi 11 ve Hamburg&#8217;da eksi 10 dereceyi g\u00f6sterirken, Erzgebirge Da\u011flar\u0131&#8217;nda ise eksi 18 derece olarak \u00f6l\u00e7\u00fcld\u00fc. Sal\u0131 gecesi Almanya&#8217;n\u0131n en y\u00fcksek da\u011f\u0131 Zugspitze&#8217;de termometre eksi 30,5 dereceyi g\u00f6stermi\u015fti.<\/p>\n<p>\u0130talya&#8217;n\u0131n Torino, Cuneo, Bologna, Parma, Reggio Emilia, Milano, Floransa ve Cenova kentlerinde yo\u011fun kar ya\u011f\u0131\u015f\u0131 g\u00f6r\u00fcl\u00fcrken, hava ve kara yolu ula\u015f\u0131m\u0131nda uzun s\u00fcreli aksamalar ya\u015fand\u0131.<\/p>\n<!-- Error, Advert is not available at this time due to schedule\/geolocation restrictions! -->\n","protected":false},"excerpt":{"rendered":"<p>Avrupa genelini etkisi alt\u0131na alan &#8220;kutup&#8221; so\u011fu\u011fu etkisini s\u00fcrd\u00fcr\u00fcrken, dondurucu so\u011fuk ve buzlanman\u0131n sebep oldu\u011fu kazalarda Avrupa genelinde 35&#8217;den fazla ki\u015fi ya\u015fam\u0131n\u0131 yitirdi, bir\u00e7ok \u00fclkede okullar tatil edildi. Sibirya \u00fczerinden Avrupa genelini etkisi alt\u0131na alan so\u011fuk hava, b\u00f6lgede devam ediyor. Yo\u011fun kar ya\u011f\u0131\u015f\u0131 ve buzlanma Avrupa&#8217;n\u0131n bir\u00e7ok \u00fclkesinde kara, deniz, demir ve hava yolu ula\u015f\u0131m\u0131nda &hellip;<\/p>\n","protected":false},"author":4,"featured_media":262148,"comment_status":"open","ping_status":"open","sticky":false,"template":"","format":"standard","meta":{"_acf_changed":false,"footnotes":""},"categories":[6770,6665,6155,5005,349],"tags":[195975,1457,1960,1091,1874,10,5691],"class_list":["post-262147","post","type-post","status-publish","format-standard","has-post-thumbnail","hentry","category-avrupa","category-dunya","category-gundem","category-manset","category-son-dakika","tag-avrupa","tag-belcika","tag-bosna-hersek","tag-hirvatistan","tag-ingiltere","tag-italya","tag-londra"],"acf":[],"_links":{"self":[{"href":"https:\/\/www.nationalturk.com\/tr\/wp-json\/wp\/v2\/posts\/262147","targetHints":{"allow":["GET"]}}],"collection":[{"href":"https:\/\/www.nationalturk.com\/tr\/wp-json\/wp\/v2\/posts"}],"about":[{"href":"https:\/\/www.nationalturk.com\/tr\/wp-json\/wp\/v2\/types\/post"}],"author":[{"embeddable":true,"href":"https:\/\/www.nationalturk.com\/tr\/wp-json\/wp\/v2\/users\/4"}],"replies":[{"embeddable":true,"href":"https:\/\/www.nationalturk.com\/tr\/wp-json\/wp\/v2\/comments?post=262147"}],"version-history":[{"count":0,"href":"https:\/\/www.nationalturk.com\/tr\/wp-json\/wp\/v2\/posts\/262147\/revisions"}],"wp:featuredmedia":[{"embeddable":true,"href":"https:\/\/www.nationalturk.com\/tr\/wp-json\/wp\/v2\/media\/262148"}],"wp:attachment":[{"href":"https:\/\/www.nationalturk.com\/tr\/wp-json\/wp\/v2\/media?parent=262147"}],"wp:term":[{"taxonomy":"category","embeddable":true,"href":"https:\/\/www.nationalturk.com\/tr\/wp-json\/wp\/v2\/categories?post=262147"},{"taxonomy":"post_tag","embeddable":true,"href":"https:\/\/www.nationalturk.com\/tr\/wp-json\/wp\/v2\/tags?post=262147"}],"curies":[{"name":"wp","href":"https:\/\/api.w.org\/{rel}","templated":true}]}}