{"id":262278,"date":"2018-03-05T11:22:08","date_gmt":"2018-03-05T08:22:08","guid":{"rendered":"http:\/\/www.nationalturk.com\/?p=262278"},"modified":"2018-03-05T11:22:08","modified_gmt":"2018-03-05T08:22:08","slug":"deniz-selin-unludag-eskrim-tarihine-gecti","status":"publish","type":"post","link":"https:\/\/www.nationalturk.com\/tr\/deniz-selin-unludag-eskrim-tarihine-gecti\/","title":{"rendered":"Deniz Selin \u00dcnl\u00fcda\u011f eskrim tarihine ge\u00e7ti"},"content":{"rendered":"<h2>Y\u0131ld\u0131zlar ve Gen\u00e7ler Avrupa Eskrim \u015eampiyonas\u0131&#8217;nda Avrupa \u015fampiyonu olan Deniz Selin \u00dcnl\u00fcda\u011f, 95 y\u0131ll\u0131k eskrim tarihinde kad\u0131nlarda bu ba\u015far\u0131y\u0131 elde eden ilk sporcu oldu.<\/h2>\n<p>Milli sporcu Deniz Selin \u00dcnl\u00fcda\u011f, Y\u0131ld\u0131zlar ve Gen\u00e7ler Avrupa Eskrim \u015eampiyonas\u0131&#8217;nda y\u0131ld\u0131z kad\u0131nlar k\u0131l\u0131\u00e7 kategorisinde Avrupa \u015fampiyonu oldu.<\/p>\n<p>Rusya\u2019n\u0131n Sochi kentinde d\u00fczenlenen \u015fampiyonada Deniz Selin, 95 y\u0131ll\u0131k eskrimin T\u00fcrkiye tarihinde \u0130brahim Ahmed Acar\u2019dan sonra ikinci, kad\u0131nlar kategorisinde ise ilk kez bu ba\u015far\u0131y\u0131 elde eden sporcu olarak tarihe ge\u00e7ti.<\/p>\n<p>Avrupa\u2019dan 56 sporcusunun kat\u0131ld\u0131\u011f\u0131 \u015fampiyonada eleme ma\u00e7lar\u0131ndan 9. s\u0131rada \u00e7\u0131kmay\u0131 ba\u015faran Deniz, son 64\u2019e ma\u00e7 yapmadan kald\u0131.<\/p>\n<p>Deniz Selin, son 32 turunda \u0130talyan Gaia Pia Carella\u2019y\u0131 15-7 yenerek son 16\u2019ya kalmay\u0131 ba\u015fard\u0131. Bu turda Rumen Felicia Jakob\u2019u 15-12 yenen milli sporcu, \u00e7eyrek finalde de Macar Valentina Nagy\u2019yi 15-9 ma\u011flup etti ve yar\u0131 finalde Darya Drozd\u2019nin rakibi oldu. Rus rakibini de 15-9 yenerek finale y\u00fckselen Deniz Selin, Bulgar Yoana \u0130lieva\u2019y\u0131 15-11 yenerek, k\u00fcrs\u00fcn\u00fcn ilk basama\u011f\u0131na \u00e7\u0131kt\u0131.<\/p>\n<p>Deniz Selin, T\u00fcrkiye eskrim tarihinde ilk 23 Ya\u015f Alt\u0131 Avrupa \u015eampiyonlu\u011funu elde eden kad\u0131n k\u0131l\u0131\u00e7 milli tak\u0131m\u0131nda da yer al\u0131yordu.<\/p>\n<p>T\u00fcrkiye Eskrim Federasyonu Ba\u015fkan\u0131 Murat Atal\u0131, eskrimde elde edilen ba\u015far\u0131lar\u0131n tesad\u00fcf olmad\u0131\u011f\u0131n\u0131 Deniz&#8217;in alt\u0131n madalyas\u0131yla yeniden ispat ettiklerini belirterek, &#8220;Bu tarihi Avrupa \u015fampiyonlu\u011funu Afrin yolundaki kahraman Mehmet\u00e7ik&#8217;e arma\u011fan ediyoruz.&#8221; dedi.<\/p>\n<p>Atal\u0131, AA muhabirine yapt\u0131\u011f\u0131 a\u00e7\u0131klamada, sab\u0131rla ve azimle \u00e7al\u0131\u015ft\u0131klar\u0131n\u0131 vurgulayarak, \u015funlar\u0131 s\u00f6yledi:<\/p>\n<p>&#8220;Milli sporcular\u0131m\u0131z T\u00fcrk eskriminde tarih yazmaya devam ediyor. Deniz de de\u011ferli antren\u00f6rlerimizle T\u00fcrkiye Olimpiyat Haz\u0131rl\u0131k Merkezinde yapm\u0131\u015f oldu\u011fu \u00e7al\u0131\u015fmalar\u0131n\u0131n kar\u015f\u0131l\u0131\u011f\u0131n\u0131 ald\u0131 ve \u00fclkemize ikinci kez Avrupa \u015fampiyonlu\u011fu ya\u015fatt\u0131.&#8221;<\/p>\n<p>Bakan Bak&#8217;tan tebrik<br \/>\nGen\u00e7lik ve Spor Bakan\u0131 Osman A\u015fk\u0131n Bak, yay\u0131mlad\u0131\u011f\u0131 mesajla milli eskrimci \u00dcnl\u00fcda\u011f\u2019\u0131 tebrik etti. <\/p>\n<p>Bak, mesaj\u0131nda, &#8220;\u00dcnl\u00fcda\u011f\u2019\u0131 tarihi ba\u015far\u0131s\u0131ndan dolay\u0131 kutluyorum. Milli sporcumuzun ba\u015far\u0131s\u0131 bizleri gururland\u0131rd\u0131.&#8221; ifadelerini kulland\u0131.<\/p>\n<!-- Error, Advert is not available at this time due to schedule\/geolocation restrictions! -->\n","protected":false},"excerpt":{"rendered":"<p>Y\u0131ld\u0131zlar ve Gen\u00e7ler Avrupa Eskrim \u015eampiyonas\u0131&#8217;nda Avrupa \u015fampiyonu olan Deniz Selin \u00dcnl\u00fcda\u011f, 95 y\u0131ll\u0131k eskrim tarihinde kad\u0131nlarda bu ba\u015far\u0131y\u0131 elde eden ilk sporcu oldu. Milli sporcu Deniz Selin \u00dcnl\u00fcda\u011f, Y\u0131ld\u0131zlar ve Gen\u00e7ler Avrupa Eskrim \u015eampiyonas\u0131&#8217;nda y\u0131ld\u0131z kad\u0131nlar k\u0131l\u0131\u00e7 kategorisinde Avrupa \u015fampiyonu oldu. Rusya\u2019n\u0131n Sochi kentinde d\u00fczenlenen \u015fampiyonada Deniz Selin, 95 y\u0131ll\u0131k eskrimin T\u00fcrkiye tarihinde \u0130brahim &hellip;<\/p>\n","protected":false},"author":4,"featured_media":262279,"comment_status":"open","ping_status":"open","sticky":false,"template":"","format":"standard","meta":{"_acf_changed":false,"footnotes":""},"categories":[6155,5005,6194],"tags":[85040],"class_list":["post-262278","post","type-post","status-publish","format-standard","has-post-thumbnail","hentry","category-gundem","category-manset","category-spor","tag-eskrim"],"acf":[],"_links":{"self":[{"href":"https:\/\/www.nationalturk.com\/tr\/wp-json\/wp\/v2\/posts\/262278","targetHints":{"allow":["GET"]}}],"collection":[{"href":"https:\/\/www.nationalturk.com\/tr\/wp-json\/wp\/v2\/posts"}],"about":[{"href":"https:\/\/www.nationalturk.com\/tr\/wp-json\/wp\/v2\/types\/post"}],"author":[{"embeddable":true,"href":"https:\/\/www.nationalturk.com\/tr\/wp-json\/wp\/v2\/users\/4"}],"replies":[{"embeddable":true,"href":"https:\/\/www.nationalturk.com\/tr\/wp-json\/wp\/v2\/comments?post=262278"}],"version-history":[{"count":0,"href":"https:\/\/www.nationalturk.com\/tr\/wp-json\/wp\/v2\/posts\/262278\/revisions"}],"wp:featuredmedia":[{"embeddable":true,"href":"https:\/\/www.nationalturk.com\/tr\/wp-json\/wp\/v2\/media\/262279"}],"wp:attachment":[{"href":"https:\/\/www.nationalturk.com\/tr\/wp-json\/wp\/v2\/media?parent=262278"}],"wp:term":[{"taxonomy":"category","embeddable":true,"href":"https:\/\/www.nationalturk.com\/tr\/wp-json\/wp\/v2\/categories?post=262278"},{"taxonomy":"post_tag","embeddable":true,"href":"https:\/\/www.nationalturk.com\/tr\/wp-json\/wp\/v2\/tags?post=262278"}],"curies":[{"name":"wp","href":"https:\/\/api.w.org\/{rel}","templated":true}]}}