{"id":262369,"date":"2018-03-07T10:24:44","date_gmt":"2018-03-07T07:24:44","guid":{"rendered":"http:\/\/www.nationalturk.com\/?p=262369"},"modified":"2018-03-07T10:24:44","modified_gmt":"2018-03-07T07:24:44","slug":"cumhurbaskanimiz-istanbulun-siluetini-bozduk-dedi-e-bunu-amerika-mi-yapti","status":"publish","type":"post","link":"https:\/\/www.nationalturk.com\/tr\/cumhurbaskanimiz-istanbulun-siluetini-bozduk-dedi-e-bunu-amerika-mi-yapti\/","title":{"rendered":"&#8220;Cumhurba\u015fkan\u0131m\u0131z \u2018\u0130stanbul\u2019un siluetini bozduk&#8217; dedi, e bunu Amerika m\u0131 yapt\u0131?&#8221;"},"content":{"rendered":"<h2>Eski TBMM Ba\u015fkan\u0131 Cemil \u00c7i\u00e7ek, AK Parti&#8217;de yap\u0131lan yanl\u0131\u015flar dile getirildi\u011finde yap\u0131lan &#8216;ihanet&#8217; ithamlar\u0131n\u0131n yanl\u0131\u015fl\u0131\u011f\u0131na dikkat \u00e7ekerken Cumhurba\u015fkan\u0131 Recep Tayyip Erdo\u011fan&#8217;\u0131n \u0130stanbul&#8217;un siluetine dair yapt\u0131\u011f\u0131 a\u00e7\u0131klamalar\u0131 hat\u0131rlatt\u0131 ve &#8220;Bunu kim yapt\u0131?&#8221; diye sordu.<\/h2>\n<p>Gazeteci \u0130brahim Haskolo\u011flu&#8217;nun program\u0131na konuk olan eski Meclis Ba\u015fkan\u0131 ve AK Parti Ankara Milletvekili Cemil \u00c7i\u00e7ek, partisi i\u00e7erisindeki &#8216;ihanet&#8217; s\u00f6ylemlerine dikkat \u00e7ekti.<br \/>\n\u0130ktidarlar\u0131ndan \u00f6nce do\u011fru, yanl\u0131\u015f ve eksik yap\u0131lanlar oldu\u011funa dikkat \u00e7eken \u00c7i\u00e7ek, &#8220;Bize d\u00fc\u015fen do\u011fru yap\u0131lanlar\u0131 devam ettirmek, yanl\u0131\u015f yap\u0131lanlar\u0131 d\u00fczeltmek. Bizim do\u011fru yapt\u0131\u011f\u0131m\u0131z i\u015fler var, yanl\u0131\u015f yapt\u0131klar\u0131m\u0131z var, eksik yapt\u0131klar\u0131m\u0131z var&#8221; dedi.<\/p>\n<p>&#8216;Yanl\u0131\u015f yapt\u0131k&#8217; diyebilmek i\u00e7in ki\u015filerin akl\u0131n\u0131 \u00f6ne \u00e7\u0131karmas\u0131 gerekti\u011fini ifade eden \u00c7i\u00e7ek, Cumhurba\u015fkan\u0131 Recep Tayyip Erdo\u011fan&#8217;\u0131n \u0130stanbul siluetine dair yapt\u0131\u011f\u0131 &#8220;Biz bu \u015fehrin k\u0131ymetini bilmedik, biz bu \u015fehre ihanet ettik, hala da ihanet ediyoruz, ben de bundan sorumluyum&#8221; ifadelerini hat\u0131rlatt\u0131.<\/p>\n<p>\u00c7i\u00e7ek, s\u00f6zlerinin devam\u0131nda \u015funlar\u0131 s\u00f6yledi:<br \/>\n&#8220;Cumhurba\u015fkan\u0131m\u0131z zaman zaman s\u00f6ylemiyor mu? &#8216;\u0130stanbul&#8217;un siluetini bozduk&#8217; diyor. E kim bozdu? Amerika m\u0131, Rusya m\u0131 bozdu? E demek ki biz dikkat etmedik. Burada bir k\u0131s\u0131m yanl\u0131\u015fl\u0131klar yapt\u0131k. E g\u00f6r\u00fcl\u00fcyor da zaten. Minare say\u0131s\u0131ndan fazla g\u00f6kdelen var. Demek ki yanl\u0131\u015f yapm\u0131\u015f\u0131z. E buna partici g\u00f6z\u00fcyle bakmaya gerek yok. Birisi bana \u015f\u00f6yle mi dedi, b\u00f6yle mi dedi\u2026&#8221;<\/p>\n<p>\u00c7i\u00e7ek, partisinde ele\u015ftiri yapanlara &#8216;ihanet etti&#8217; gibi ifadeler kullanan ki\u015filere de &#8220;\u0130hanet laf\u0131n\u0131 i\u015fporta mal\u0131 gibi kullanmamak laz\u0131m&#8221; diyerek tepki g\u00f6sterdi.<\/p>\n<!-- Error, Advert is not available at this time due to schedule\/geolocation restrictions! -->\n","protected":false},"excerpt":{"rendered":"<p>Eski TBMM Ba\u015fkan\u0131 Cemil \u00c7i\u00e7ek, AK Parti&#8217;de yap\u0131lan yanl\u0131\u015flar dile getirildi\u011finde yap\u0131lan &#8216;ihanet&#8217; ithamlar\u0131n\u0131n yanl\u0131\u015fl\u0131\u011f\u0131na dikkat \u00e7ekerken Cumhurba\u015fkan\u0131 Recep Tayyip Erdo\u011fan&#8217;\u0131n \u0130stanbul&#8217;un siluetine dair yapt\u0131\u011f\u0131 a\u00e7\u0131klamalar\u0131 hat\u0131rlatt\u0131 ve &#8220;Bunu kim yapt\u0131?&#8221; diye sordu. Gazeteci \u0130brahim Haskolo\u011flu&#8217;nun program\u0131na konuk olan eski Meclis Ba\u015fkan\u0131 ve AK Parti Ankara Milletvekili Cemil \u00c7i\u00e7ek, partisi i\u00e7erisindeki &#8216;ihanet&#8217; s\u00f6ylemlerine dikkat \u00e7ekti. &hellip;<\/p>\n","protected":false},"author":4,"featured_media":262370,"comment_status":"open","ping_status":"open","sticky":false,"template":"","format":"standard","meta":{"_acf_changed":false,"footnotes":""},"categories":[6155,5005,6202,349],"tags":[1887,9476,1080,1011,787],"class_list":["post-262369","post","type-post","status-publish","format-standard","has-post-thumbnail","hentry","category-gundem","category-manset","category-politika","category-son-dakika","tag-abd","tag-akp","tag-cemil-cicek","tag-istanbul","tag-recep-tayyip-erdogan"],"acf":[],"_links":{"self":[{"href":"https:\/\/www.nationalturk.com\/tr\/wp-json\/wp\/v2\/posts\/262369","targetHints":{"allow":["GET"]}}],"collection":[{"href":"https:\/\/www.nationalturk.com\/tr\/wp-json\/wp\/v2\/posts"}],"about":[{"href":"https:\/\/www.nationalturk.com\/tr\/wp-json\/wp\/v2\/types\/post"}],"author":[{"embeddable":true,"href":"https:\/\/www.nationalturk.com\/tr\/wp-json\/wp\/v2\/users\/4"}],"replies":[{"embeddable":true,"href":"https:\/\/www.nationalturk.com\/tr\/wp-json\/wp\/v2\/comments?post=262369"}],"version-history":[{"count":0,"href":"https:\/\/www.nationalturk.com\/tr\/wp-json\/wp\/v2\/posts\/262369\/revisions"}],"wp:featuredmedia":[{"embeddable":true,"href":"https:\/\/www.nationalturk.com\/tr\/wp-json\/wp\/v2\/media\/262370"}],"wp:attachment":[{"href":"https:\/\/www.nationalturk.com\/tr\/wp-json\/wp\/v2\/media?parent=262369"}],"wp:term":[{"taxonomy":"category","embeddable":true,"href":"https:\/\/www.nationalturk.com\/tr\/wp-json\/wp\/v2\/categories?post=262369"},{"taxonomy":"post_tag","embeddable":true,"href":"https:\/\/www.nationalturk.com\/tr\/wp-json\/wp\/v2\/tags?post=262369"}],"curies":[{"name":"wp","href":"https:\/\/api.w.org\/{rel}","templated":true}]}}