{"id":262387,"date":"2018-03-07T13:41:02","date_gmt":"2018-03-07T10:41:02","guid":{"rendered":"http:\/\/www.nationalturk.com\/?p=262387"},"modified":"2023-08-13T10:16:26","modified_gmt":"2023-08-13T07:16:26","slug":"turkiye-nufusunun-50-milyonu-fatih-terime-tazminat-odenmemesi-gerektigini-dusunuyor","status":"publish","type":"post","link":"https:\/\/www.nationalturk.com\/tr\/turkiye-nufusunun-50-milyonu-fatih-terime-tazminat-odenmemesi-gerektigini-dusunuyor\/","title":{"rendered":"&#8220;T\u00fcrkiye n\u00fcfusunun 50 milyonu, Fatih Terim&#8217;e tazminat \u00f6denmemesi gerekti\u011fini d\u00fc\u015f\u00fcn\u00fcyor&#8221;"},"content":{"rendered":"<h2>Teknik Direkt\u00f6r Fatih Terim ve TFF aras\u0131ndaki davada, TFF avukat\u0131, &#8220;N\u00fcfusun 50 milyonu TFF&#8217;nin Terim&#8217;e 13 milyon \u00f6denmesini istemiyor&#8221; derken; Terim&#8217;in avukat\u0131, &#8220;80 milyon da verdi\u011fi yanl\u0131\u015f kararlar nedeniyle TFF y\u00f6netiminin istifas\u0131n\u0131 istiyor&#8221; ifadelerini kulland\u0131.<\/h2>\n<p>Galatasaray Teknik Direkt\u00f6r\u00fc Fatih Terim&#8217;in, T\u00fcrkiye futbol direkt\u00f6rl\u00fc\u011f\u00fc s\u00f6zle\u015fmesinin tek tarafl\u0131 feshedildi\u011fi gerek\u00e7esiyle T\u00fcrkiye Futbol Federasyonu&#8217;na (TFF) a\u00e7t\u0131\u011f\u0131 12 milyon 950 bin liral\u0131k (3 milyon 500 bin avro) tazminat talepli icra takibine yap\u0131lan itirazla ilgili davan\u0131n duru\u015fmas\u0131nda, taraf avukatlar\u0131 aras\u0131nda ilgin\u00e7 diyaloglar ya\u015fand\u0131. <\/p>\n<p>\u0130stanbul 17. \u0130\u015f Mahkemesi&#8217;ndeki duru\u015fmada davac\u0131 Fatih Terim&#8217;i avukat\u0131 Rezan Ep\u00f6zdemir, daval\u0131 TFF&#8217;yi ise avukatlar H\u00fcseyin Karaahmeto\u011flu ve Alp Karaahmeto\u011flu temsil etti.<\/p>\n<p>Terim&#8217;in bordrolar\u0131 dosyada<br \/>\nDuru\u015fmada, \u00c7e\u015fme Cumhuriyet Ba\u015fsavc\u0131l\u0131\u011f\u0131&#8217;na yaz\u0131lan yaz\u0131ya cevap verildi\u011fi belirtilerek, &#8220;Kebab\u00e7\u0131 Selahattin&#8221; olarak bilinen Selahattin Aydo\u011fdu ile Fatih Terim aras\u0131nda ge\u00e7ti\u011fimiz y\u0131l \u00c7e\u015fme&#8217;de ya\u015fanan kavgayla ilgili a\u00e7\u0131lan soru\u015fturma dosyas\u0131 \u00f6rne\u011finin mahkemeye g\u00f6nderildi\u011fi tutana\u011fa ge\u00e7irildi.<\/p>\n<p>Daval\u0131 TFF&#8217;ye g\u00f6nderilen yaz\u0131lar do\u011frultusunda kurumun davac\u0131 Terim&#8217;in \u00e7al\u0131\u015ft\u0131\u011f\u0131 d\u00f6nemdeki bordrolar, icmal zarflar\u0131 ve denetleme kurulu raporlar\u0131n\u0131 mahkemeye g\u00f6nderdi\u011fi kaydedildi.<\/p>\n<p>S\u00f6z alan Terim&#8217;in avukat\u0131 Rezan Ep\u00f6zdemir, daval\u0131 taraf\u0131n tan\u0131k dinlenilmesi talebinin hukuki olmad\u0131\u011f\u0131n\u0131 savunarak, &#8220;Dosyaya giren belgelere g\u00f6re m\u00fcvekkilimin i\u015f akdinin 04 kodu ile hakl\u0131 neden belirtilmeksizin yap\u0131ld\u0131\u011f\u0131 ortadad\u0131r. Yaz\u0131l\u0131 belgeler mevcutken daval\u0131n\u0131n tan\u0131k dinletme talebinin, yarg\u0131lamay\u0131 uzatmay\u0131 ama\u00e7lad\u0131\u011f\u0131 i\u00e7in reddi gerekmektedir.&#8221; dedi.<\/p>\n<p>&#8220;T\u00fcrkiye&#8217;yi temsil eden bir insan gidip mekan basamaz&#8221;<br \/>\nDaval\u0131 TFF&#8217;nin avukatlar\u0131ndan H\u00fcseyin Karaahmeto\u011flu ise dosyaya sunduklar\u0131 fesih bildiriminde herhangi bir gerek\u00e7e belirtilmedi\u011fini hat\u0131rlatarak, &#8220;Ancak hakl\u0131 nedenle feshetti\u011fimiz, gerek davac\u0131n\u0131n soru\u015fturma dosyas\u0131ndaki beyanlar\u0131 gerekse y\u00f6netim kurulu yedek \u00fcyesine kar\u015f\u0131 (Selahattin Aydo\u011fdu) tutumundan pi\u015fman olmad\u0131\u011f\u0131na dair bas\u0131na verdi\u011fi beyanlar g\u00f6z \u00f6n\u00fcne al\u0131nd\u0131\u011f\u0131nda, futbol ailesi olarak davac\u0131n\u0131n i\u015f akdinin hakl\u0131 nedenle feshedildi\u011fi ortadad\u0131r. Tan\u0131k dinletme talebimizin kabul\u00fc gerekmektedir, savunma hakk\u0131m\u0131z k\u0131s\u0131tlanmamal\u0131d\u0131r.&#8221; diye konu\u015ftu.<\/p>\n<p>Karaahmeto\u011flu, TFF&#8217;nin tacir de\u011fil \u00f6zel stat\u00fcye sahip bir kurulu\u015f oldu\u011funu ve davac\u0131 avukat\u0131n\u0131n tan\u0131k dinletilmemesi konusunda \u00f6ne s\u00fcrd\u00fc\u011f\u00fc hususlar\u0131n ticari kurulu\u015flar\u0131 ba\u011flad\u0131\u011f\u0131n\u0131 da s\u00f6yledi.<\/p>\n<p>Fatih Terim&#8217;in 14 Temmuz&#8217;daki kavga olay\u0131ndan sonra &#8220;Gere\u011fini yapar\u0131m, pi\u015fman de\u011filim&#8221; dedi\u011fini hat\u0131rlatan Karaahmeto\u011flu, \u015f\u00f6yle devam etti:<\/p>\n<p>&#8220;Ama onun kar\u015f\u0131s\u0131nda da kocaman bir futbol ailesi var, futbol federasyonu var. Aile oldu\u011fu i\u00e7in futbol federasyonu da gere\u011fini yapar. B\u00f6yle bir \u015feyin gerek\u00e7esi olamaz. Terim, \u00f6nce &#8216;Ben tazminat istemiyorum&#8217; diye a\u00e7\u0131klama yap\u0131yor ancak daha sonra TFF aleyhine dava a\u00e7\u0131yor. Toplumsal bir tepki var. Medyada yer alan yorumcular\u0131n yazd\u0131klar\u0131 ve konu\u015fulanlar Terim&#8217;in haks\u0131zl\u0131\u011f\u0131 \u00fczerinedir. Davac\u0131 Terim&#8217;e \u00f6zel bir paye verildi. Davran\u0131\u015flar\u0131na ve toplumdaki duru\u015funa dikkat etmesi gerekir. Kurumun ba\u015f\u0131nda &#8216;T\u00fcrkiye&#8217; yaz\u0131yor. T\u00fcrkiye&#8217;yi temsil ediyor. T\u00fcrkiye&#8217;yi temsil eden bir insan gidip mekan basamaz. Biz toplum ad\u0131na hareket etti\u011fimiz i\u00e7in s\u00f6zle\u015fmesini feshettik. Davac\u0131 ayl\u0131k 1905 liraya k\u00f6kl\u00fc bir kurum olan Galatasaray ile s\u00f6zle\u015fme imzalam\u0131\u015ft\u0131r. Bu s\u00f6zle\u015fmeyi imzalay\u0131p sonra da TFF&#8217;den 13 milyon lira isteyeceksiniz, bu hi\u00e7 adil de\u011fil. Bunlar yanl\u0131\u015f hareketlerdir. Fatih Terim&#8217;in bu paray\u0131 almamas\u0131n\u0131 isteyen en az 55 milyon insan var. \u0130nsanlar\u0131n \u00e7o\u011fu bu paran\u0131n verilmemesi y\u00f6n\u00fcnde tepkilerini dile getiriyorlar. Bu paralar kolay paralar de\u011fil ama kalk\u0131p 13 milyon liray\u0131 isteyebiliyorsun.&#8221;<\/p>\n<p>&#8220;Daya\u011f\u0131 Selahattin Aydo\u011fdu yedi&#8221;<br \/>\nDaval\u0131 avukat\u0131n\u0131n bu beyanlar\u0131na kar\u015f\u0131l\u0131k tekrar s\u00f6z alan Terim&#8217;in Avukat\u0131 Rezan Ep\u00f6zdemir de \u00c7e\u015fme&#8217;de Selahattin Aydo\u011fdu&#8217;ya soru\u015fturma a\u00e7\u0131ld\u0131\u011f\u0131n\u0131 ancak olay\u0131n bu davayla ilgilisinin bulunmad\u0131\u011f\u0131n\u0131 belirterek, &#8220;Daval\u0131 avukat\u0131, &#8217;50 milyon insan paran\u0131n \u00f6denmemesini istiyor&#8217; diyor. Bu t\u00fcr ifadeler, mahkemeyi psikolojik etki alt\u0131na alma giri\u015fimleridir. Avukat\u0131n bu laflar\u0131na kar\u015f\u0131l\u0131k, &#8216;T\u00fcrkiye&#8217;de 80 milyon insan da TFF istifa diye ba\u011f\u0131r\u0131yor&#8217; denilebilir o halde. Biz de bunu mu diyelim, ne yani? Y\u00f6netim bu reaksiyonlara g\u00f6re mi hareket edecek? &#8221; ifadesini kulland\u0131.<\/p>\n<p>\u00c7e\u015fme&#8217;deki olayla ilgili de ilk kez ger\u00e7ekleri anlataca\u011f\u0131n\u0131 aktaran Ep\u00f6zdemir, Selahattin Aydo\u011fdu&#8217;nun m\u00fcvekkilinin annesine k\u00fcf\u00fcr etti\u011fini ve m\u00fcvekkilinin de sonraki s\u00fcre\u00e7te kendisini kaybetti\u011fini \u00f6ne s\u00fcrd\u00fc. Ep\u00f6zdemir, &#8220;Terim 3 saatte gidiyor oraya. &#8216;Vurdum&#8217; diyor zaten. Kabul ediyor vurdu\u011funu. Selahattin Aydo\u011fdu rapor al\u0131yor bununla ilgili ve \u015fikayet\u00e7i oluyor. Ama Aydo\u011fdu ertesi g\u00fcn \u00e7\u0131k bas\u0131n\u0131n kar\u015f\u0131s\u0131na, &#8216;Ben d\u00f6vd\u00fcm&#8217; diyor. T\u00fcrkiye&#8217;de hi\u00e7 kimse aile ve annelerine k\u00fcf\u00fcr edildi\u011finde tepkisiz kalmaz.&#8221; dedi.<\/p>\n<p>&#8220;Bas\u0131n mensuplar\u0131 hepsini yaz\u0131yor&#8221;<br \/>\nT\u00fcrkiye&#8217;de bir\u00e7ok ki\u015finin hakem kararlar\u0131ndan \u015fikayet\u00e7i oldu\u011funu vurgulayan Ep\u00f6zdemir&#8217;in, &#8220;O zaman, &#8216;TFF de istifa etsin&#8217; demek mi gerekir? TFF t\u00fczel ki\u015filiktir. Bas\u0131n mensuplar\u0131n\u0131n \u00f6n\u00fcnde bu \u015fekilde konu\u015fulmas\u0131 ho\u015f de\u011fil.&#8221; ifadesi \u00fczerine Hakim Ay\u015fe T\u00fcreli, &#8220;Bu beyanlar\u0131 zabta ge\u00e7miyorum.&#8221; dedi. Ep\u00f6zdemir de, &#8220;Beyan\u0131 zapta ge\u00e7miyorsunuz ama burada 9 bas\u0131n mensubu var, hepsi bunlar\u0131 yaz\u0131yor.&#8221; \u015feklinde konu\u015ftu.<\/p>\n<p>Davaya ili\u015fkin ara karar\u0131n\u0131 a\u00e7\u0131klayan mahkeme, dosya kapsam\u0131 ve uyu\u015fmazl\u0131\u011f\u0131n niteli\u011fi uyar\u0131nca daval\u0131 taraf\u0131ndan tan\u0131k dinletme talebini reddetti.<\/p>\n<p>Beyan dilek\u00e7elerinin incelenmesi i\u00e7in s\u00fcre veren mahkeme, duru\u015fmay\u0131 7 May\u0131s&#8217;a erteledi.<\/p>\n<p>Olay\u0131n geli\u015fimi<br \/>\nBir s\u00fcre \u00f6nce Galatasaray Kul\u00fcb\u00fc Teknik Direkt\u00f6rl\u00fc\u011f\u00fc&#8217;ne getirilen Fatih Terim&#8217;in, T\u00fcrkiye Futbol Direkt\u00f6r\u00fc olarak g\u00f6rev yapt\u0131\u011f\u0131 d\u00f6nem, damatlar\u0131 ve iki \u00f6zel korumas\u0131yla 16 Temmuz&#8217;da, \u00c7e\u015fme Ala\u00e7at\u0131&#8217;daki Y\u00fczevler Kebap\u00e7\u0131s\u0131&#8217;na giderek, mekan sahibi Selahattin Aydo\u011fdu&#8217;ya sald\u0131rd\u0131\u011f\u0131, daha sonra garsonlar\u0131n da kar\u0131\u015ft\u0131\u011f\u0131 b\u00fcy\u00fck bir kavga ya\u015fand\u0131\u011f\u0131 iddia edilmi\u015fti.<\/p>\n<p>Bu iddialar\u0131n haberlere konu olmas\u0131 ve Terim&#8217;in kavgayla ilgili 19 Temmuz&#8217;da, &#8220;Yine olsa yine yapar\u0131m&#8221; a\u00e7\u0131klamalar\u0131 \u00fczerine harekete ge\u00e7en TFF, 26 Temmuz&#8217;da Terim&#8217;in s\u00f6zle\u015fmesini tek tarafl\u0131 feshetti.<\/p>\n<p>Terim&#8217;in avukat\u0131 Rezan Ep\u00f6zdemir de taraflar aras\u0131nda 15 Kas\u0131m 2013&#8217;te imzalanan s\u00f6zle\u015fmenin haks\u0131z yere feshedildi\u011fi iddias\u0131yla s\u00f6zle\u015fmenin 6. maddesinden do\u011fan 3 milyon 500 bin avroluk (12 milyon 950 bin lira) erken fesih tazminat\u0131n\u0131n \u00f6denmesi talebiyle \u0130stanbul 19. \u0130cra M\u00fcd\u00fcrl\u00fc\u011f\u00fc&#8217;ne icra takibi ba\u015flatt\u0131.<\/p>\n<p>Bu talebe TFF avukatlar\u0131nca itiraz edilmesi \u00fczerine avukat Ep\u00f6zdemir, \u0130stanbul 17. \u0130\u015f Mahkemesi&#8217;ne &#8220;itiraz\u0131n iptali&#8221; davas\u0131 a\u00e7t\u0131.<\/p>\n<p>&#8220;Terim fedakarl\u0131kta bulundu; kuru sabitledik&#8221;<br \/>\nEp\u00f6zdemir dava dilek\u00e7esinde, &#8220;M\u00fcvekkilimin y\u0131ll\u0131k maa\u015f\u0131 primler hari\u00e7, net 3 milyon 500 bin avro olmas\u0131na ra\u011fmen, d\u00f6viz kurlar\u0131ndaki y\u00fckselme sebebiyle m\u00fcvekkil iyi niyet g\u00f6stererek fedakarl\u0131kta bulunmu\u015f ve kurun 3,70&#8217;e sabitlenmesini kabul etmi\u015ftir. An itibar\u0131yla avro kurunun 4,48 lira oldu\u011fu g\u00f6z \u00f6n\u00fcne al\u0131nd\u0131\u011f\u0131nda m\u00fcvekkilin yapt\u0131\u011f\u0131 fedakarl\u0131\u011f\u0131n boyutlar\u0131 daha iyi anla\u015f\u0131lacakt\u0131r.&#8221; ifadelerini kullanm\u0131\u015ft\u0131.<\/p>\n<!-- Error, Advert is not available at this time due to schedule\/geolocation restrictions! -->\n","protected":false},"excerpt":{"rendered":"<p>Teknik Direkt\u00f6r Fatih Terim ve TFF aras\u0131ndaki davada, TFF avukat\u0131, &#8220;N\u00fcfusun 50 milyonu TFF&#8217;nin Terim&#8217;e 13 milyon \u00f6denmesini istemiyor&#8221; derken; Terim&#8217;in avukat\u0131, &#8220;80 milyon da verdi\u011fi yanl\u0131\u015f kararlar nedeniyle TFF y\u00f6netiminin istifas\u0131n\u0131 istiyor&#8221; ifadelerini kulland\u0131. Galatasaray Teknik Direkt\u00f6r\u00fc Fatih Terim&#8217;in, T\u00fcrkiye futbol direkt\u00f6rl\u00fc\u011f\u00fc s\u00f6zle\u015fmesinin tek tarafl\u0131 feshedildi\u011fi gerek\u00e7esiyle T\u00fcrkiye Futbol Federasyonu&#8217;na (TFF) a\u00e7t\u0131\u011f\u0131 12 milyon &hellip;<\/p>\n","protected":false},"author":69742,"featured_media":259575,"comment_status":"open","ping_status":"open","sticky":false,"template":"","format":"standard","meta":{"_acf_changed":false,"footnotes":""},"categories":[6774,6155,5005,349,6194],"tags":[5891,213804,4114,13272,6477],"class_list":["post-262387","post","type-post","status-publish","format-standard","has-post-thumbnail","hentry","category-futbol","category-gundem","category-manset","category-son-dakika","category-spor","tag-fatih-terim","tag-fatih-terim-tazminat","tag-galatasaray","tag-rezan-epozdemir","tag-tff"],"acf":[],"_links":{"self":[{"href":"https:\/\/www.nationalturk.com\/tr\/wp-json\/wp\/v2\/posts\/262387","targetHints":{"allow":["GET"]}}],"collection":[{"href":"https:\/\/www.nationalturk.com\/tr\/wp-json\/wp\/v2\/posts"}],"about":[{"href":"https:\/\/www.nationalturk.com\/tr\/wp-json\/wp\/v2\/types\/post"}],"author":[{"embeddable":true,"href":"https:\/\/www.nationalturk.com\/tr\/wp-json\/wp\/v2\/users\/69742"}],"replies":[{"embeddable":true,"href":"https:\/\/www.nationalturk.com\/tr\/wp-json\/wp\/v2\/comments?post=262387"}],"version-history":[{"count":0,"href":"https:\/\/www.nationalturk.com\/tr\/wp-json\/wp\/v2\/posts\/262387\/revisions"}],"wp:featuredmedia":[{"embeddable":true,"href":"https:\/\/www.nationalturk.com\/tr\/wp-json\/wp\/v2\/media\/259575"}],"wp:attachment":[{"href":"https:\/\/www.nationalturk.com\/tr\/wp-json\/wp\/v2\/media?parent=262387"}],"wp:term":[{"taxonomy":"category","embeddable":true,"href":"https:\/\/www.nationalturk.com\/tr\/wp-json\/wp\/v2\/categories?post=262387"},{"taxonomy":"post_tag","embeddable":true,"href":"https:\/\/www.nationalturk.com\/tr\/wp-json\/wp\/v2\/tags?post=262387"}],"curies":[{"name":"wp","href":"https:\/\/api.w.org\/{rel}","templated":true}]}}