{"id":262553,"date":"2018-03-10T20:27:05","date_gmt":"2018-03-10T17:27:05","guid":{"rendered":"http:\/\/www.nationalturk.com\/?p=262553"},"modified":"2018-03-10T20:27:05","modified_gmt":"2018-03-10T17:27:05","slug":"cenk-tosun-bir-acildi-pir-acildi-yildiz-futbolcu-bu-haftayi-da-bos-gecmedi","status":"publish","type":"post","link":"https:\/\/www.nationalturk.com\/tr\/cenk-tosun-bir-acildi-pir-acildi-yildiz-futbolcu-bu-haftayi-da-bos-gecmedi\/","title":{"rendered":"Cenk Tosun bir a\u00e7\u0131ld\u0131 pir a\u00e7\u0131ld\u0131! Y\u0131ld\u0131z futbolcu bu haftay\u0131 da bo\u015f ge\u00e7medi"},"content":{"rendered":"<h2>Premier Lig ekiplerinden Everton formas\u0131 giyen Cenk Tosun, \u0130ngiltere&#8217;de gollerine devam ediyor. Y\u0131ld\u0131z futbolcu, ligdeki ikinci gol\u00fcn\u00fc Brighton kar\u015f\u0131s\u0131nda kaydetti.<\/h2>\n<p>\u0130ngiltere Premier Lig 30. haftas\u0131nda milli futbolcu Cenk Tosun&#8217;un formas\u0131n\u0131 giydi\u011fi Everton Brighton&#8217;u konuk etti. Milli y\u0131ld\u0131z\u0131n ilk 11\u2019de ba\u015flad\u0131\u011f\u0131 ma\u00e7ta Cenk Tosun g\u00fczel oyununu bir de golle s\u00fcsledi.<\/p>\n<p>\u0130lk yar\u0131s\u0131 gols\u00fcz beraberlikle ge\u00e7ilen kar\u015f\u0131la\u015fman\u0131n 60. dakikas\u0131nda Brightonlu Gaetan Bong&#8217;un kendi kalesine att\u0131\u011f\u0131 golle Everton 1-0 \u00f6ne ge\u00e7erken 76&#8217;da Cenk Tosun skoru 2-0&#8217;a getiren isim oldu.<\/p>\n<h3>\u0130\u015fte Cenk Tosun&#8217;un Gol\u00fc &#8211; Video<\/h3>\n<p><video controls=\"controls\" width=\"710\" height=\"320\"><source src=\"http:\/\/www.nationalturk.com\/tr\/wp-content\/uploads\/2018\/03\/cenk-tosun-everton-gol.mp4\" \/><source src=\"movie.ogg\" type=\"video\/ogg\" \/><\/video><br \/>\nKar\u015f\u0131la\u015fman\u0131n\u0131 88. dakikas\u0131nda Wayne Rooney&#8217;in ka\u00e7\u0131rd\u0131\u011f\u0131 penalt\u0131 vuru\u015funun ard\u0131ndan gol olmay\u0131nca m\u00fccadele Everton&#8217;\u0131n 2-0&#8217;l\u0131k galibiyeti ile sona erdi.<\/p>\n<h4>\u0130lk gol\u00fcn\u00fc ge\u00e7en hafta kaydetmi\u015fti<\/h4>\n<p>Cenk Tosun, ge\u00e7ti\u011fimiz hafta Burnley kar\u015f\u0131s\u0131nda Premier lig kariyerindeki ilk gol\u00fcn\u00fc atm\u0131\u015ft\u0131. Everton, o ma\u00e7tan ma\u011flup ayr\u0131lm\u0131\u015ft\u0131.<\/p>\n<!-- Error, Advert is not available at this time due to schedule\/geolocation restrictions! -->\n","protected":false},"excerpt":{"rendered":"<p>Premier Lig ekiplerinden Everton formas\u0131 giyen Cenk Tosun, \u0130ngiltere&#8217;de gollerine devam ediyor. Y\u0131ld\u0131z futbolcu, ligdeki ikinci gol\u00fcn\u00fc Brighton kar\u015f\u0131s\u0131nda kaydetti.<\/p>\n","protected":false},"author":3,"featured_media":262556,"comment_status":"open","ping_status":"open","sticky":false,"template":"","format":"standard","meta":{"_acf_changed":false,"footnotes":""},"categories":[6774,5005,6194],"tags":[60805,19019,21330],"class_list":["post-262553","post","type-post","status-publish","format-standard","has-post-thumbnail","hentry","category-futbol","category-manset","category-spor","tag-cenk-tosun","tag-everton","tag-premier-lig"],"acf":[],"_links":{"self":[{"href":"https:\/\/www.nationalturk.com\/tr\/wp-json\/wp\/v2\/posts\/262553","targetHints":{"allow":["GET"]}}],"collection":[{"href":"https:\/\/www.nationalturk.com\/tr\/wp-json\/wp\/v2\/posts"}],"about":[{"href":"https:\/\/www.nationalturk.com\/tr\/wp-json\/wp\/v2\/types\/post"}],"author":[{"embeddable":true,"href":"https:\/\/www.nationalturk.com\/tr\/wp-json\/wp\/v2\/users\/3"}],"replies":[{"embeddable":true,"href":"https:\/\/www.nationalturk.com\/tr\/wp-json\/wp\/v2\/comments?post=262553"}],"version-history":[{"count":0,"href":"https:\/\/www.nationalturk.com\/tr\/wp-json\/wp\/v2\/posts\/262553\/revisions"}],"wp:featuredmedia":[{"embeddable":true,"href":"https:\/\/www.nationalturk.com\/tr\/wp-json\/wp\/v2\/media\/262556"}],"wp:attachment":[{"href":"https:\/\/www.nationalturk.com\/tr\/wp-json\/wp\/v2\/media?parent=262553"}],"wp:term":[{"taxonomy":"category","embeddable":true,"href":"https:\/\/www.nationalturk.com\/tr\/wp-json\/wp\/v2\/categories?post=262553"},{"taxonomy":"post_tag","embeddable":true,"href":"https:\/\/www.nationalturk.com\/tr\/wp-json\/wp\/v2\/tags?post=262553"}],"curies":[{"name":"wp","href":"https:\/\/api.w.org\/{rel}","templated":true}]}}