{"id":262684,"date":"2018-03-13T11:55:17","date_gmt":"2018-03-13T08:55:17","guid":{"rendered":"http:\/\/www.nationalturk.com\/?p=262684"},"modified":"2018-03-13T11:55:17","modified_gmt":"2018-03-13T08:55:17","slug":"117-milyar-dolarlik-anlasmaya-trump-engeli","status":"publish","type":"post","link":"https:\/\/www.nationalturk.com\/tr\/117-milyar-dolarlik-anlasmaya-trump-engeli\/","title":{"rendered":"117 milyar dolarl\u0131k anla\u015fmaya Trump engeli"},"content":{"rendered":"<h2>ABD Ba\u015fkan\u0131 Donald Trump, ABD&#8217;li \u00e7ip \u00fcreticisi Qualcomm&#8217;un Singapur merkezli Broadcom firmas\u0131 taraf\u0131ndan 117 milyar dolara sat\u0131n al\u0131nmas\u0131n\u0131 engelleyecek ba\u015fkanl\u0131k karar\u0131n\u0131 imzalad\u0131.<\/h2>\n<p>Beyaz Saray&#8217;dan yap\u0131lan yaz\u0131l\u0131 a\u00e7\u0131klamada, iki firma aras\u0131ndaki sat\u0131\u015f s\u00fcrecini do\u011frudan ilgilendiren bir karar kamuoyu ile payla\u015f\u0131ld\u0131.<\/p>\n<p>Buna g\u00f6re Trump, &#8216;ulusal g\u00fcvenlik&#8217; gerek\u00e7elerine at\u0131f yapt\u0131\u011f\u0131 ba\u015fkanl\u0131k karar\u0131nda s\u00f6z konusu sat\u0131\u015f\u0131n uygun olmad\u0131\u011f\u0131n\u0131 vurgulad\u0131. Kararda Trump&#8217;\u0131n, &#8220;Broadcom ve ortaklar\u0131n\u0131n, ABD&#8217;nin ulusal g\u00fcvenli\u011fini zaafa u\u011fratabilecek ad\u0131mlar atabilece\u011fine y\u00f6nelik yeteri kadar sa\u011flam kan\u0131t bulunmaktad\u0131r&#8221; ifadesine yer verildi.<\/p>\n<p>Ger\u00e7ekle\u015fmesi halinde teknoloji tarihinin en b\u00fcy\u00fck anla\u015fmas\u0131 olaca\u011f\u0131 belirtilen s\u00fcrecin \u00f6n\u00fcn\u00fc kapatan kararda, Qualcomm&#8217;un sat\u0131\u015f\u0131n\u0131n yasakland\u0131\u011f\u0131 kaydedildi.<\/p>\n<p>Karara itiraz eden Broadcom y\u00f6neticileri ise s\u00f6z konusu anla\u015fman\u0131n &#8216;ABD&#8217;nin ulusal g\u00fcvenli\u011fini herhangi bir \u015fekilde tehdit etmedi\u011fini&#8217; savundu.<\/p>\n<p>\u0130lk olarak ABD&#8217;de kurulan ancak 2016 y\u0131l\u0131nda Avago firmas\u0131na sat\u0131larak Singapur merkezli olarak yeniden yap\u0131lanan firma, Qualcomm&#8217;u sat\u0131n alarak \u00f6zellikle mobil teknolojiler ve \u00e7ip \u00fcretimi alan\u0131nda d\u00fcnyan\u0131n en \u00f6nemli oyuncular\u0131 aras\u0131nda daha da \u00fcst s\u0131ralara t\u0131rmanmak istiyordu.<\/p>\n<!-- Error, Advert is not available at this time due to schedule\/geolocation restrictions! -->\n","protected":false},"excerpt":{"rendered":"<p>ABD Ba\u015fkan\u0131 Donald Trump, ABD&#8217;li \u00e7ip \u00fcreticisi Qualcomm&#8217;un Singapur merkezli Broadcom firmas\u0131 taraf\u0131ndan 117 milyar dolara sat\u0131n al\u0131nmas\u0131n\u0131 engelleyecek ba\u015fkanl\u0131k karar\u0131n\u0131 imzalad\u0131. Beyaz Saray&#8217;dan yap\u0131lan yaz\u0131l\u0131 a\u00e7\u0131klamada, iki firma aras\u0131ndaki sat\u0131\u015f s\u00fcrecini do\u011frudan ilgilendiren bir karar kamuoyu ile payla\u015f\u0131ld\u0131. Buna g\u00f6re Trump, &#8216;ulusal g\u00fcvenlik&#8217; gerek\u00e7elerine at\u0131f yapt\u0131\u011f\u0131 ba\u015fkanl\u0131k karar\u0131nda s\u00f6z konusu sat\u0131\u015f\u0131n uygun olmad\u0131\u011f\u0131n\u0131 vurgulad\u0131. &hellip;<\/p>\n","protected":false},"author":4,"featured_media":262685,"comment_status":"open","ping_status":"open","sticky":false,"template":"","format":"standard","meta":{"_acf_changed":false,"footnotes":""},"categories":[6768,6769,6665,6155,5005,349],"tags":[1887,2936,214066,199658,1248],"class_list":["post-262684","post","type-post","status-publish","format-standard","has-post-thumbnail","hentry","category-amerika","category-asya","category-dunya","category-gundem","category-manset","category-son-dakika","tag-abd","tag-beyaz-saray","tag-broadcom","tag-donald-trump","tag-singapur"],"acf":[],"_links":{"self":[{"href":"https:\/\/www.nationalturk.com\/tr\/wp-json\/wp\/v2\/posts\/262684","targetHints":{"allow":["GET"]}}],"collection":[{"href":"https:\/\/www.nationalturk.com\/tr\/wp-json\/wp\/v2\/posts"}],"about":[{"href":"https:\/\/www.nationalturk.com\/tr\/wp-json\/wp\/v2\/types\/post"}],"author":[{"embeddable":true,"href":"https:\/\/www.nationalturk.com\/tr\/wp-json\/wp\/v2\/users\/4"}],"replies":[{"embeddable":true,"href":"https:\/\/www.nationalturk.com\/tr\/wp-json\/wp\/v2\/comments?post=262684"}],"version-history":[{"count":0,"href":"https:\/\/www.nationalturk.com\/tr\/wp-json\/wp\/v2\/posts\/262684\/revisions"}],"wp:featuredmedia":[{"embeddable":true,"href":"https:\/\/www.nationalturk.com\/tr\/wp-json\/wp\/v2\/media\/262685"}],"wp:attachment":[{"href":"https:\/\/www.nationalturk.com\/tr\/wp-json\/wp\/v2\/media?parent=262684"}],"wp:term":[{"taxonomy":"category","embeddable":true,"href":"https:\/\/www.nationalturk.com\/tr\/wp-json\/wp\/v2\/categories?post=262684"},{"taxonomy":"post_tag","embeddable":true,"href":"https:\/\/www.nationalturk.com\/tr\/wp-json\/wp\/v2\/tags?post=262684"}],"curies":[{"name":"wp","href":"https:\/\/api.w.org\/{rel}","templated":true}]}}