{"id":262862,"date":"2018-03-16T11:50:24","date_gmt":"2018-03-16T08:50:24","guid":{"rendered":"http:\/\/www.nationalturk.com\/?p=262862"},"modified":"2018-03-16T11:51:38","modified_gmt":"2018-03-16T08:51:38","slug":"sessizlik-bayrami-balayi-adasi-balide-hayat-duracak","status":"publish","type":"post","link":"https:\/\/www.nationalturk.com\/tr\/sessizlik-bayrami-balayi-adasi-balide-hayat-duracak\/","title":{"rendered":"Sessizlik Bayram\u0131 ! Balay\u0131 Adas\u0131 Bali&#8217;de Hayat Duracak"},"content":{"rendered":"<h2>Endonezya&#8217;n\u0131n d\u00fcnyaca \u00fcnl\u00fc balay\u0131 adas\u0131 Bali&#8217;de Sessizlik Bayram\u0131 nedeniyle hayat duracak! \u0130\u015fte Detaylar&#8230;<\/h2>\n<p>Muhte\u015fem do\u011fas\u0131yla tam bir cazibe merkezi olan Endonezya&#8217;n\u0131n <strong>Bali Adas\u0131,<\/strong> Hindular\u0131n &#8220;sessizlik bayram\u0131&#8221; nedeniyle sessizli\u011fe b\u00fcr\u00fcnecek. Nyepi olarak bilinen <strong>sessizlik bayram\u0131<\/strong> kutlamalar\u0131 kapsam\u0131nda yar\u0131n 24 saat s\u00fcreyle turistler dahil kimse soka\u011fa \u00e7\u0131kmayacak.<\/p>\n<p>\u015eeytan\u0131n yery\u00fcz\u00fcne ini\u015fini simgeledi\u011fine inan\u0131lan Nyepi kutlamalar\u0131nda Hindular, k\u00f6t\u00fc \u015fans ve u\u011fursuzluklar\u0131 kovmak i\u00e7in konu\u015fma, e\u011flenme ve elektrik kullan\u0131m\u0131 gibi g\u00fcnl\u00fck ya\u015fam aktivitelerinden bir g\u00fcn s\u00fcreyle uzak duruyorlar.<\/p>\n<p>D\u00fcnyan\u0131n d\u00f6rt bir yan\u0131ndan gelen balay\u0131 \u00e7iftlerini a\u011f\u0131rlayan Bali Adas\u0131nda, ayd\u0131nlanma mumlarla sa\u011flanacak. Acil durumlar i\u00e7inse adadaki hastane gibi baz\u0131 kamu kurumlar\u0131 hizmet verecek.<\/p>\n<p>Bali Adas\u0131nda ya\u015fayan Hindular, k\u00f6t\u00fc d\u00fc\u015f\u00fcnce ve duygulardan ar\u0131nd\u0131klar\u0131na inand\u0131klar\u0131 <strong>Nyepi<\/strong> g\u00fcn\u00fcn\u00fc, yeni y\u0131la giri\u015f olarak kabul ediyor.<\/p>\n<!-- Error, Advert is not available at this time due to schedule\/geolocation restrictions! -->\n","protected":false},"excerpt":{"rendered":"<p>Endonezya&#8217;n\u0131n d\u00fcnyaca \u00fcnl\u00fc balay\u0131 adas\u0131 Bali&#8217;de Sessizlik Bayram\u0131 nedeniyle hayat duracak! \u0130\u015fte Detaylar&#8230;<\/p>\n","protected":false},"author":3,"featured_media":262865,"comment_status":"open","ping_status":"open","sticky":false,"template":"","format":"standard","meta":{"_acf_changed":false,"footnotes":""},"categories":[6665,6671,339,6662],"tags":[141,16,4314],"class_list":["post-262862","post","type-post","status-publish","format-standard","has-post-thumbnail","hentry","category-dunya","category-seyahat","category-turizm","category-yasam","tag-balayi","tag-bali","tag-endonezya"],"acf":[],"_links":{"self":[{"href":"https:\/\/www.nationalturk.com\/tr\/wp-json\/wp\/v2\/posts\/262862","targetHints":{"allow":["GET"]}}],"collection":[{"href":"https:\/\/www.nationalturk.com\/tr\/wp-json\/wp\/v2\/posts"}],"about":[{"href":"https:\/\/www.nationalturk.com\/tr\/wp-json\/wp\/v2\/types\/post"}],"author":[{"embeddable":true,"href":"https:\/\/www.nationalturk.com\/tr\/wp-json\/wp\/v2\/users\/3"}],"replies":[{"embeddable":true,"href":"https:\/\/www.nationalturk.com\/tr\/wp-json\/wp\/v2\/comments?post=262862"}],"version-history":[{"count":0,"href":"https:\/\/www.nationalturk.com\/tr\/wp-json\/wp\/v2\/posts\/262862\/revisions"}],"wp:featuredmedia":[{"embeddable":true,"href":"https:\/\/www.nationalturk.com\/tr\/wp-json\/wp\/v2\/media\/262865"}],"wp:attachment":[{"href":"https:\/\/www.nationalturk.com\/tr\/wp-json\/wp\/v2\/media?parent=262862"}],"wp:term":[{"taxonomy":"category","embeddable":true,"href":"https:\/\/www.nationalturk.com\/tr\/wp-json\/wp\/v2\/categories?post=262862"},{"taxonomy":"post_tag","embeddable":true,"href":"https:\/\/www.nationalturk.com\/tr\/wp-json\/wp\/v2\/tags?post=262862"}],"curies":[{"name":"wp","href":"https:\/\/api.w.org\/{rel}","templated":true}]}}