{"id":263280,"date":"2018-03-26T10:14:44","date_gmt":"2018-03-26T07:14:44","guid":{"rendered":"http:\/\/www.nationalturk.com\/?p=263280"},"modified":"2018-03-26T10:14:44","modified_gmt":"2018-03-26T07:14:44","slug":"avmde-yangin-53-olu","status":"publish","type":"post","link":"https:\/\/www.nationalturk.com\/tr\/avmde-yangin-53-olu\/","title":{"rendered":"AVM&#8217;de yang\u0131n: 53 \u00f6l\u00fc"},"content":{"rendered":"<h2>Rusya\u2019n\u0131n orta g\u00fcney kesimindeki Kemerovo \u015fehrinde bulunan al\u0131\u015fveri\u015f merkezinde \u00e7\u0131kan yang\u0131nda 53 ki\u015fi \u00f6ld\u00fc.<\/h2>\n<p>Rusya Soru\u015fturma Komitesi, \u015fehir merkezinde bulunan al\u0131\u015fveri\u015f merkezinde \u00e7\u0131kan yang\u0131nda 53 ki\u015finin \u00f6ld\u00fc\u011f\u00fcn\u00fc, 48 ki\u015finin yaraland\u0131\u011f\u0131n\u0131 a\u00e7\u0131klad\u0131. \u00d6lenler aras\u0131nda \u00e7ocuklar da bulunuyor. <\/p>\n<p>AVM&#8217;de bulunan 16 ki\u015fiden haber al\u0131namad\u0131\u011f\u0131 aktar\u0131ld\u0131. <\/p>\n<p>4 ki\u015fi g\u00f6zalt\u0131na al\u0131nd\u0131<br \/>\nKomite, yang\u0131n\u0131n ba\u015flad\u0131\u011f\u0131 d\u00fckkan\u0131n kirac\u0131s\u0131 ve AVM i\u015fletme m\u00fcd\u00fcr\u00fcn\u00fcn de aralar\u0131nda bulundu\u011fu 4 ki\u015finin g\u00f6zalt\u0131na al\u0131nd\u0131\u011f\u0131n\u0131 duyurdu. <\/p>\n<p>D\u00fcn AVM&#8217;nin en \u00fcst kat\u0131nda sinema salonlar\u0131 ve \u00e7ocuk oyun alanlar\u0131n\u0131n yer ald\u0131\u011f\u0131 k\u0131s\u0131mda hen\u00fcz bilinmeyen bir sebepten yang\u0131n \u00e7\u0131km\u0131\u015ft\u0131.<\/p>\n<h3>Bakan \u00c7avu\u015fo\u011flu&#8217;ndan Rusya&#8217;ya ba\u015fsa\u011fl\u0131\u011f\u0131 mesaj\u0131<\/h3>\n<p>D\u0131\u015fi\u015fleri Bakan\u0131 Mevl\u00fct \u00c7avu\u015fo\u011flu, Rusya&#8217;da bir al\u0131\u015fveri\u015f merkezinde \u00e7\u0131kan yang\u0131n nedeniyle ya\u015fam\u0131n\u0131 yitirenler i\u00e7in Rus halk\u0131na taziyelerini iletti.<\/p>\n<p>Bakan \u00c7avu\u015fo\u011flu, Twitter hesab\u0131ndan yapt\u0131\u011f\u0131 a\u00e7\u0131klamada, Rusya&#8217;n\u0131n Kemerovo kentinde \u00e7\u0131kan yang\u0131nda \u00e7ok say\u0131da insan\u0131n hayat\u0131n\u0131 kaybetmesinden \u00fcz\u00fcnt\u00fc duydu\u011funu belirtti. <\/p>\n<p>&#8220;Rus halk\u0131na ve devletine ba\u015fsa\u011fl\u0131\u011f\u0131, yang\u0131nda yak\u0131nlar\u0131n\u0131 kaybedenlere sab\u0131r dilerim.&#8221; ifadelerini kullanan \u00c7avu\u015fo\u011flu, Rusya D\u0131\u015fi\u015fleri Bakanl\u0131\u011f\u0131n\u0131n Twitter hesab\u0131n\u0131 da mesaj\u0131na ekledi. <\/p>\n<!-- Error, Advert is not available at this time due to schedule\/geolocation restrictions! -->\n","protected":false},"excerpt":{"rendered":"<p>Rusya\u2019n\u0131n orta g\u00fcney kesimindeki Kemerovo \u015fehrinde bulunan al\u0131\u015fveri\u015f merkezinde \u00e7\u0131kan yang\u0131nda 53 ki\u015fi \u00f6ld\u00fc. Rusya Soru\u015fturma Komitesi, \u015fehir merkezinde bulunan al\u0131\u015fveri\u015f merkezinde \u00e7\u0131kan yang\u0131nda 53 ki\u015finin \u00f6ld\u00fc\u011f\u00fcn\u00fc, 48 ki\u015finin yaraland\u0131\u011f\u0131n\u0131 a\u00e7\u0131klad\u0131. \u00d6lenler aras\u0131nda \u00e7ocuklar da bulunuyor. AVM&#8217;de bulunan 16 ki\u015fiden haber al\u0131namad\u0131\u011f\u0131 aktar\u0131ld\u0131. 4 ki\u015fi g\u00f6zalt\u0131na al\u0131nd\u0131 Komite, yang\u0131n\u0131n ba\u015flad\u0131\u011f\u0131 d\u00fckkan\u0131n kirac\u0131s\u0131 ve AVM i\u015fletme &hellip;<\/p>\n","protected":false},"author":4,"featured_media":263281,"comment_status":"open","ping_status":"open","sticky":false,"template":"","format":"standard","meta":{"_acf_changed":false,"footnotes":""},"categories":[763,349],"tags":[49088,721,10612],"class_list":["post-263280","post","type-post","status-publish","format-standard","has-post-thumbnail","hentry","category-gunun-olayi","category-son-dakika","tag-mevlut-cavusoglu","tag-rusya","tag-rusya-yangin"],"acf":[],"_links":{"self":[{"href":"https:\/\/www.nationalturk.com\/tr\/wp-json\/wp\/v2\/posts\/263280","targetHints":{"allow":["GET"]}}],"collection":[{"href":"https:\/\/www.nationalturk.com\/tr\/wp-json\/wp\/v2\/posts"}],"about":[{"href":"https:\/\/www.nationalturk.com\/tr\/wp-json\/wp\/v2\/types\/post"}],"author":[{"embeddable":true,"href":"https:\/\/www.nationalturk.com\/tr\/wp-json\/wp\/v2\/users\/4"}],"replies":[{"embeddable":true,"href":"https:\/\/www.nationalturk.com\/tr\/wp-json\/wp\/v2\/comments?post=263280"}],"version-history":[{"count":0,"href":"https:\/\/www.nationalturk.com\/tr\/wp-json\/wp\/v2\/posts\/263280\/revisions"}],"wp:featuredmedia":[{"embeddable":true,"href":"https:\/\/www.nationalturk.com\/tr\/wp-json\/wp\/v2\/media\/263281"}],"wp:attachment":[{"href":"https:\/\/www.nationalturk.com\/tr\/wp-json\/wp\/v2\/media?parent=263280"}],"wp:term":[{"taxonomy":"category","embeddable":true,"href":"https:\/\/www.nationalturk.com\/tr\/wp-json\/wp\/v2\/categories?post=263280"},{"taxonomy":"post_tag","embeddable":true,"href":"https:\/\/www.nationalturk.com\/tr\/wp-json\/wp\/v2\/tags?post=263280"}],"curies":[{"name":"wp","href":"https:\/\/api.w.org\/{rel}","templated":true}]}}