{"id":263378,"date":"2018-03-27T19:33:18","date_gmt":"2018-03-27T16:33:18","guid":{"rendered":"http:\/\/www.nationalturk.com\/?p=263378"},"modified":"2018-03-27T19:33:18","modified_gmt":"2018-03-27T16:33:18","slug":"yillara-meydan-okuyan-naomi-campbell-yilin-moda-ikonu-secildi","status":"publish","type":"post","link":"https:\/\/www.nationalturk.com\/tr\/yillara-meydan-okuyan-naomi-campbell-yilin-moda-ikonu-secildi\/","title":{"rendered":"Y\u0131llara meydan okuyan Naomi Campbell y\u0131l\u0131n moda ikonu se\u00e7ildi"},"content":{"rendered":"<h2>Y\u0131llar ge\u00e7tik\u00e7e daha da g\u00fczelle\u015fen d\u00f6nemin en \u00fcnl\u00fc modellerinden Naomi Campbell, y\u0131l\u0131n moda ikonu se\u00e7ildi.<\/h2>\n<p>Amerika Moda Tasar\u0131mc\u0131lar\u0131 Konseyi (CFDA) taraf\u0131ndan organize edilen etkinlikte y\u0131l\u0131n moda ikonu \u00f6d\u00fcl\u00fc Naomi Campbell \u2018a verilecek. 4 Haziran\u2019da ger\u00e7ekle\u015fecek t\u00f6renle Efsane model\u00a0<strong>Naomi Campbell<\/strong>, kariyerinin en \u00f6nemli \u00f6d\u00fcllerinden birine sahip olacak.<\/p>\n<figure id=\"attachment_263382\" aria-describedby=\"caption-attachment-263382\" style=\"width: 550px\" class=\"wp-caption alignnone\"><img loading=\"lazy\" decoding=\"async\" class=\"size-full wp-image-263382\" src=\"http:\/\/www.nationalturk.com\/tr\/wp-content\/uploads\/2018\/03\/naomi-campbell-moda.jpg\" alt=\"Y\u0131llara meydan okuyan Naomi Campbell moda ikonu se\u00e7ildi\" width=\"550\" height=\"654\" title=\"\" srcset=\"https:\/\/www.nationalturk.com\/tr\/wp-content\/uploads\/2018\/03\/naomi-campbell-moda.jpg 550w, https:\/\/www.nationalturk.com\/tr\/wp-content\/uploads\/2018\/03\/naomi-campbell-moda-420x500.jpg 420w\" sizes=\"auto, (max-width: 550px) 100vw, 550px\" \/><figcaption id=\"caption-attachment-263382\" class=\"wp-caption-text\">Y\u0131l\u0131n moda ikonu se\u00e7ilen Naomi Campbell<\/figcaption><\/figure>\n<p>90\u2019l\u0131 y\u0131llara damga vuran Naomi Campbell, lay\u0131k g\u00f6r\u00fcld\u00fc\u011f\u00fc moda ikonu \u00f6d\u00fcl\u00fcn\u00fcn haberini ald\u0131\u011f\u0131n\u0131 \u00e7ok mutlu oldu\u011funu belirtti.<\/p>\n<!-- Error, Advert is not available at this time due to schedule\/geolocation restrictions! -->\n<p>\u201cCFDA taraf\u0131ndan Y\u0131l\u0131n\u00a0<strong>Moda<\/strong>\u00a0\u0130konu \u00d6d\u00fcl\u00fc\u2019ne lay\u0131k g\u00f6r\u00fclmek ger\u00e7ekten onurdur\u201d diyen 48 ya\u015f\u0131ndaki Naomi Campbell, Vogue\u2019a verdi\u011fi deme\u00e7te, \u201cBu sekt\u00f6rde b\u00fcy\u00fcd\u00fcm ve beni destekleyen, kariyerim boyunca yan\u0131mda olan Amerikan moda tasar\u0131mc\u0131lar\u0131na sonsuza dek minnettar\u0131m\u201d dedi.<\/p>\n<figure id=\"attachment_263381\" aria-describedby=\"caption-attachment-263381\" style=\"width: 550px\" class=\"wp-caption alignnone\"><img loading=\"lazy\" decoding=\"async\" class=\"size-full wp-image-263381\" src=\"http:\/\/www.nationalturk.com\/tr\/wp-content\/uploads\/2018\/03\/naomi-campbell-instagram.jpg\" alt=\"Y\u0131llara meydan okuyan Naomi Campbell moda ikonu se\u00e7ildi\" width=\"550\" height=\"679\" title=\"\" srcset=\"https:\/\/www.nationalturk.com\/tr\/wp-content\/uploads\/2018\/03\/naomi-campbell-instagram.jpg 550w, https:\/\/www.nationalturk.com\/tr\/wp-content\/uploads\/2018\/03\/naomi-campbell-instagram-405x500.jpg 405w\" sizes=\"auto, (max-width: 550px) 100vw, 550px\" \/><figcaption id=\"caption-attachment-263381\" class=\"wp-caption-text\">Y\u0131l\u0131n moda ikonu se\u00e7ilen Naomi Campbell<\/figcaption><\/figure>\n<p>Moda ikonu \u00f6d\u00fcl\u00fcn\u00fc daha \u00f6nceki y\u0131llarda Rihanna, Beyonce, David Bowie, Pharrell Williams ve Kate Moss gibi d\u00fcnyaca \u00fcnl\u00fc isimler alm\u0131\u015ft\u0131.<\/p>\n<!-- Error, Advert is not available at this time due to schedule\/geolocation restrictions! -->\n","protected":false},"excerpt":{"rendered":"<p>Y\u0131llar ge\u00e7tik\u00e7e daha da g\u00fczelle\u015fen d\u00f6nemin en \u00fcnl\u00fc modellerinden Naomi Campbell, y\u0131l\u0131n moda ikonu se\u00e7ildi.<\/p>\n","protected":false},"author":3,"featured_media":263379,"comment_status":"open","ping_status":"open","sticky":false,"template":"","format":"standard","meta":{"_acf_changed":false,"footnotes":""},"categories":[6232,6229,67944],"tags":[195944,2479],"class_list":["post-263378","post","type-post","status-publish","format-standard","has-post-thumbnail","hentry","category-magazin","category-moda","category-yurtdisi-magazin-haberleri","tag-moda","tag-naomi-campbell"],"acf":[],"_links":{"self":[{"href":"https:\/\/www.nationalturk.com\/tr\/wp-json\/wp\/v2\/posts\/263378","targetHints":{"allow":["GET"]}}],"collection":[{"href":"https:\/\/www.nationalturk.com\/tr\/wp-json\/wp\/v2\/posts"}],"about":[{"href":"https:\/\/www.nationalturk.com\/tr\/wp-json\/wp\/v2\/types\/post"}],"author":[{"embeddable":true,"href":"https:\/\/www.nationalturk.com\/tr\/wp-json\/wp\/v2\/users\/3"}],"replies":[{"embeddable":true,"href":"https:\/\/www.nationalturk.com\/tr\/wp-json\/wp\/v2\/comments?post=263378"}],"version-history":[{"count":0,"href":"https:\/\/www.nationalturk.com\/tr\/wp-json\/wp\/v2\/posts\/263378\/revisions"}],"wp:featuredmedia":[{"embeddable":true,"href":"https:\/\/www.nationalturk.com\/tr\/wp-json\/wp\/v2\/media\/263379"}],"wp:attachment":[{"href":"https:\/\/www.nationalturk.com\/tr\/wp-json\/wp\/v2\/media?parent=263378"}],"wp:term":[{"taxonomy":"category","embeddable":true,"href":"https:\/\/www.nationalturk.com\/tr\/wp-json\/wp\/v2\/categories?post=263378"},{"taxonomy":"post_tag","embeddable":true,"href":"https:\/\/www.nationalturk.com\/tr\/wp-json\/wp\/v2\/tags?post=263378"}],"curies":[{"name":"wp","href":"https:\/\/api.w.org\/{rel}","templated":true}]}}