{"id":263384,"date":"2018-03-27T19:44:39","date_gmt":"2018-03-27T16:44:39","guid":{"rendered":"http:\/\/www.nationalturk.com\/?p=263384"},"modified":"2018-03-27T19:44:39","modified_gmt":"2018-03-27T16:44:39","slug":"irandaki-ucak-kazasinin-havadaki-gorgu-tanigi-o-anlari-anlatti","status":"publish","type":"post","link":"https:\/\/www.nationalturk.com\/tr\/irandaki-ucak-kazasinin-havadaki-gorgu-tanigi-o-anlari-anlatti\/","title":{"rendered":"\u0130ran&#8217;daki u\u00e7ak kazas\u0131n\u0131n havadaki g\u00f6rg\u00fc tan\u0131\u011f\u0131 o anlar\u0131 anlatt\u0131"},"content":{"rendered":"<h2>11 ki\u015fiye mezar olan Ba\u015faran Holding\u2019e ait \u00f6zel jetin d\u00fc\u015fme an\u0131na \u015fahit olan s\u00fcrpriz bir tan\u0131k ortaya \u00e7\u0131kt\u0131.<\/h2>\n<p>Mina Ba\u015faran ve arkada\u015flar\u0131n\u0131n hayat\u0131n\u0131 kaybetti\u011fi Ba\u015faran Holding\u2019e ait \u00f6zel jetin d\u00fc\u015fme an\u0131yla ilgili s\u00fcrpriz bir tan\u0131k ortaya \u00e7\u0131kt\u0131. Ba\u015faran Holding\u2018e ait \u00f6zel jet, Dubai\u2019den \u0130stanbul\u2019a d\u00f6n\u00fc\u015f\u00fc s\u0131ras\u0131nda \u0130ran s\u0131n\u0131rlar\u0131 i\u00e7erisinde d\u00fc\u015fm\u00fc\u015f ve 11 gen\u00e7 kad\u0131n ya\u015fam\u0131n\u0131 yitirmi\u015fti. T\u00fcrkiye\u2019yi yasa bo\u011fan kazayla ilgili s\u00fcrpriz bir geli\u015fme ya\u015fand\u0131.<\/p>\n<h3>\u0130ran&#8217;daki u\u00e7ak kazas\u0131n\u0131n havadaki g\u00f6rg\u00fc tan\u0131\u011f\u0131 o anlar\u0131 anlatt\u0131<\/h3>\n<p>Mina Ba\u015faran ve 7 arkada\u015f\u0131 ile 3 m\u00fcrettebata mezar olan feci kazaya bir T\u00fcrk Hava Yollar\u0131 (THY) pilotu tan\u0131k oldu. Ayn\u0131 saatte \u0130ran \u00fczerinde bulunan THY u\u00e7a\u011f\u0131n\u0131n pilotunun, \u201cjeti g\u00f6rd\u00fcm, normal seyrediyordu. Birden g\u00f6zden kayboldu\u201d dedi\u011fi \u00f6\u011frenildi.<\/p>\n<p>Kazayla ilgili olarak pilotla daha ayr\u0131nt\u0131l\u0131 bir g\u00f6r\u00fc\u015fme yap\u0131laca\u011f\u0131 belirtildi.<\/p>\n<!-- Error, Advert is not available at this time due to schedule\/geolocation restrictions! -->\n","protected":false},"excerpt":{"rendered":"<p>11 ki\u015fiye mezar olan Ba\u015faran Holding\u2019e ait \u00f6zel jetin d\u00fc\u015fme an\u0131na \u015fahit olan s\u00fcrpriz bir tan\u0131k ortaya \u00e7\u0131kt\u0131.<\/p>\n","protected":false},"author":3,"featured_media":263386,"comment_status":"open","ping_status":"open","sticky":false,"template":"","format":"standard","meta":{"_acf_changed":false,"footnotes":""},"categories":[6232,6805,6662],"tags":[216672,1981,216671,1862,52059],"class_list":["post-263384","post","type-post","status-publish","format-standard","has-post-thumbnail","hentry","category-magazin","category-turkiye","category-yasam","tag-basaran-holding","tag-iran","tag-mina-basaran","tag-thy","tag-ucak"],"acf":[],"_links":{"self":[{"href":"https:\/\/www.nationalturk.com\/tr\/wp-json\/wp\/v2\/posts\/263384","targetHints":{"allow":["GET"]}}],"collection":[{"href":"https:\/\/www.nationalturk.com\/tr\/wp-json\/wp\/v2\/posts"}],"about":[{"href":"https:\/\/www.nationalturk.com\/tr\/wp-json\/wp\/v2\/types\/post"}],"author":[{"embeddable":true,"href":"https:\/\/www.nationalturk.com\/tr\/wp-json\/wp\/v2\/users\/3"}],"replies":[{"embeddable":true,"href":"https:\/\/www.nationalturk.com\/tr\/wp-json\/wp\/v2\/comments?post=263384"}],"version-history":[{"count":0,"href":"https:\/\/www.nationalturk.com\/tr\/wp-json\/wp\/v2\/posts\/263384\/revisions"}],"wp:featuredmedia":[{"embeddable":true,"href":"https:\/\/www.nationalturk.com\/tr\/wp-json\/wp\/v2\/media\/263386"}],"wp:attachment":[{"href":"https:\/\/www.nationalturk.com\/tr\/wp-json\/wp\/v2\/media?parent=263384"}],"wp:term":[{"taxonomy":"category","embeddable":true,"href":"https:\/\/www.nationalturk.com\/tr\/wp-json\/wp\/v2\/categories?post=263384"},{"taxonomy":"post_tag","embeddable":true,"href":"https:\/\/www.nationalturk.com\/tr\/wp-json\/wp\/v2\/tags?post=263384"}],"curies":[{"name":"wp","href":"https:\/\/api.w.org\/{rel}","templated":true}]}}