{"id":263589,"date":"2018-04-02T12:07:39","date_gmt":"2018-04-02T09:07:39","guid":{"rendered":"http:\/\/www.nationalturk.com\/?p=263589"},"modified":"2018-04-02T12:07:39","modified_gmt":"2018-04-02T09:07:39","slug":"pasaport-ve-ehliyetlerde-yeni-donem-basladi","status":"publish","type":"post","link":"https:\/\/www.nationalturk.com\/tr\/pasaport-ve-ehliyetlerde-yeni-donem-basladi\/","title":{"rendered":"Pasaport ve ehliyetlerde yeni d\u00f6nem ba\u015flad\u0131"},"content":{"rendered":"<h2>\u0130stanbul Valisi Vasip \u015eahin, pasaport ve s\u00fcr\u00fcc\u00fc belgelerinin n\u00fcfus m\u00fcd\u00fcrl\u00fcklerinden verilmeye ba\u015flanmas\u0131n\u0131n vatanda\u015f\u0131n hizmet alma noktas\u0131ndaki memnuniyetini art\u0131raca\u011f\u0131n\u0131 belirtti.<\/h2>\n<p>\u015eahin, \u0130stanbul B\u00fcy\u00fck\u015fehir Belediye Ba\u015fkan\u0131 Mevl\u00fct Uysal ile Ba\u015fak\u015fehir Kaymakaml\u0131\u011f\u0131 i\u00e7inde hizmet veren Ba\u015fak\u015fehir N\u00fcfus M\u00fcd\u00fcrl\u00fc\u011f\u00fc&#8217;nde, ilk kez n\u00fcfus m\u00fcd\u00fcrl\u00fcklerinde verilmeye ba\u015flanacak pasaport ve s\u00fcr\u00fcc\u00fc belgelerinin da\u011f\u0131t\u0131m\u0131 t\u00f6renine kat\u0131ld\u0131.<\/p>\n<p>Randevu alan ve i\u015flemleri i\u00e7in s\u0131ra bekleyen vatanda\u015flarla bir s\u00fcre sohbet eden \u015eahin, daha sonra memurlardan bilgi ald\u0131. <\/p>\n<p>Burada gazetecilere a\u00e7\u0131klamalarda bulunan \u015eahin, s\u00fcr\u00fcc\u00fc belgeleri ve pasaportlar\u0131n tanzimi, ba\u015fvurular\u0131n\u0131n al\u0131nmas\u0131 ve teslim g\u00f6revinin 2 Nisan&#8217;dan itibaren N\u00fcfus ve Vatanda\u015fl\u0131k \u0130\u015fleri Genel M\u00fcd\u00fcrl\u00fc\u011f\u00fc&#8217;ne devredildi\u011fini hat\u0131rlatt\u0131.<\/p>\n<p>Bu d\u00fczenleme ile emniyetin i\u015f y\u00fck\u00fcn\u00fcn azalt\u0131lmas\u0131n\u0131n ve asli i\u015flerine d\u00f6nmelerinin ama\u00e7land\u0131\u011f\u0131n\u0131 anlatan \u015eahin, &#8220;\u00c7\u00fcnk\u00fc bu idari bir i\u015ftir, asayi\u015f ya da g\u00fcvenli\u011fe matuf olmay\u0131p daha \u00e7ok idari bir i\u015flemdir. Dolay\u0131s\u0131yla bunu emniyetten al\u0131p, N\u00fcfus ve Vatanda\u015fl\u0131k \u0130\u015fleri Genel M\u00fcd\u00fcrl\u00fc\u011f\u00fc&#8217;ne vermekle emniyetteki i\u015f y\u00fck\u00fc azalt\u0131lm\u0131\u015f olacak.&#8221; dedi. <\/p>\n<p>Kimlik belgesi gibi \u00e7ok \u00f6nemli bir belgeyi \u00fcretmek ve bunun kay\u0131tlar\u0131n\u0131 tutmakla g\u00f6revli olan N\u00fcfus ve Vatanda\u015fl\u0131k \u0130\u015fleri Genel M\u00fcd\u00fcrl\u00fc\u011f\u00fc&#8217;n\u00fcn buna paralel yine belge niteli\u011fine haiz pasaportlar\u0131n ve s\u00fcr\u00fcc\u00fc belgelerinin de verilmesi g\u00f6revini \u00fcstlendi\u011fini dile getiren \u015eahin, \u015funlar\u0131 kaydetti:<\/p>\n<p>&#8220;Bunlar bir arada, kay\u0131tlar\u0131 ve evraklar\u0131 itibar\u0131yla da birbirini destekler nitelikteki belgeler. Dolay\u0131s\u0131yla burada vatanda\u015flar\u0131m\u0131z geldi\u011fi zaman daha h\u0131zl\u0131, daha i\u015flem say\u0131s\u0131 azalt\u0131lm\u0131\u015f bir prosed\u00fcrle taleplerine k\u0131sa zamanda ula\u015fm\u0131\u015f olacaklar. Burada kimli\u011fin ortak verileri, parmak izinden di\u011fer belgelere kadar b\u00fct\u00fcn veriler ayn\u0131 anda kullan\u0131lm\u0131\u015f olacak. Vatanda\u015f\u0131m\u0131z\u0131n hizmet alma noktas\u0131ndaki memnuniyeti artacakt\u0131r.&#8221;<\/p>\n<p>\u0130stanbul Valisi \u015eahin, bu ge\u00e7i\u015f s\u00fcrecinde herhangi bir aksakl\u0131k ya\u015fanmamas\u0131 i\u00e7in emniyet m\u00fcd\u00fcrl\u00fcklerinde bir ehliyet ve bir pasaport b\u00f6l\u00fcm\u00fcnde g\u00f6revli iki polisin il\u00e7e n\u00fcfus m\u00fcd\u00fcrl\u00fcklerinde g\u00f6revlendirildi\u011fini bildirdi.<\/p>\n<p>Resmi, hizmet ve hususi pasaportlar\u0131n il n\u00fcfus ve vatanda\u015fl\u0131k i\u015fleri m\u00fcd\u00fcrl\u00fcklerinden, di\u011fer umumi pasaportlar\u0131n il\u00e7e n\u00fcfus m\u00fcd\u00fcrl\u00fcklerinden temin edilece\u011fini belirten \u015eahin, &#8220;Vatanda\u015flar\u0131m\u0131z bu ayr\u0131ma dikkat ederlerse farkl\u0131 farkl\u0131 yerlere giderek zaman kaybetmemi\u015f olurlar. Ama\u00e7 da buydu zaten.&#8221; diye konu\u015ftu. <\/p>\n<p>\u0130l n\u00fcfus m\u00fcd\u00fcrl\u00fckleri emrine ge\u00e7en y\u0131l 350 personel takviyesi yap\u0131ld\u0131\u011f\u0131n\u0131 hat\u0131rlatan \u015eahin, &#8220;Buna uygun altyap\u0131lar olu\u015fturuldu. Belki ilk g\u00fcnler birtak\u0131m yo\u011funluklar ya\u015fan\u0131yor olsa da vatanda\u015flar\u0131m\u0131z buradan daha h\u0131zl\u0131 ve daha kolay eri\u015filebilir hizmet almaya devam edecektir.&#8221; ifadelerini kulland\u0131.  <\/p>\n<!-- Error, Advert is not available at this time due to schedule\/geolocation restrictions! -->\n","protected":false},"excerpt":{"rendered":"<p>\u0130stanbul Valisi Vasip \u015eahin, pasaport ve s\u00fcr\u00fcc\u00fc belgelerinin n\u00fcfus m\u00fcd\u00fcrl\u00fcklerinden verilmeye ba\u015flanmas\u0131n\u0131n vatanda\u015f\u0131n hizmet alma noktas\u0131ndaki memnuniyetini art\u0131raca\u011f\u0131n\u0131 belirtti. \u015eahin, \u0130stanbul B\u00fcy\u00fck\u015fehir Belediye Ba\u015fkan\u0131 Mevl\u00fct Uysal ile Ba\u015fak\u015fehir Kaymakaml\u0131\u011f\u0131 i\u00e7inde hizmet veren Ba\u015fak\u015fehir N\u00fcfus M\u00fcd\u00fcrl\u00fc\u011f\u00fc&#8217;nde, ilk kez n\u00fcfus m\u00fcd\u00fcrl\u00fcklerinde verilmeye ba\u015flanacak pasaport ve s\u00fcr\u00fcc\u00fc belgelerinin da\u011f\u0131t\u0131m\u0131 t\u00f6renine kat\u0131ld\u0131. Randevu alan ve i\u015flemleri i\u00e7in s\u0131ra bekleyen &hellip;<\/p>\n","protected":false},"author":4,"featured_media":263590,"comment_status":"open","ping_status":"open","sticky":false,"template":"","format":"standard","meta":{"_acf_changed":false,"footnotes":""},"categories":[763,349],"tags":[53310,45510],"class_list":["post-263589","post","type-post","status-publish","format-standard","has-post-thumbnail","hentry","category-gunun-olayi","category-son-dakika","tag-ehliyet","tag-pasaport"],"acf":[],"_links":{"self":[{"href":"https:\/\/www.nationalturk.com\/tr\/wp-json\/wp\/v2\/posts\/263589","targetHints":{"allow":["GET"]}}],"collection":[{"href":"https:\/\/www.nationalturk.com\/tr\/wp-json\/wp\/v2\/posts"}],"about":[{"href":"https:\/\/www.nationalturk.com\/tr\/wp-json\/wp\/v2\/types\/post"}],"author":[{"embeddable":true,"href":"https:\/\/www.nationalturk.com\/tr\/wp-json\/wp\/v2\/users\/4"}],"replies":[{"embeddable":true,"href":"https:\/\/www.nationalturk.com\/tr\/wp-json\/wp\/v2\/comments?post=263589"}],"version-history":[{"count":0,"href":"https:\/\/www.nationalturk.com\/tr\/wp-json\/wp\/v2\/posts\/263589\/revisions"}],"wp:featuredmedia":[{"embeddable":true,"href":"https:\/\/www.nationalturk.com\/tr\/wp-json\/wp\/v2\/media\/263590"}],"wp:attachment":[{"href":"https:\/\/www.nationalturk.com\/tr\/wp-json\/wp\/v2\/media?parent=263589"}],"wp:term":[{"taxonomy":"category","embeddable":true,"href":"https:\/\/www.nationalturk.com\/tr\/wp-json\/wp\/v2\/categories?post=263589"},{"taxonomy":"post_tag","embeddable":true,"href":"https:\/\/www.nationalturk.com\/tr\/wp-json\/wp\/v2\/tags?post=263589"}],"curies":[{"name":"wp","href":"https:\/\/api.w.org\/{rel}","templated":true}]}}