{"id":263592,"date":"2018-04-02T13:32:57","date_gmt":"2018-04-02T10:32:57","guid":{"rendered":"http:\/\/www.nationalturk.com\/?p=263592"},"modified":"2018-04-02T13:32:57","modified_gmt":"2018-04-02T10:32:57","slug":"can-dundar-icin-flas-gelisme","status":"publish","type":"post","link":"https:\/\/www.nationalturk.com\/tr\/can-dundar-icin-flas-gelisme\/","title":{"rendered":"Can D\u00fcndar i\u00e7in fla\u015f geli\u015fme"},"content":{"rendered":"<h2>M\u0130T t\u0131rlar\u0131n\u0131n durdurulmas\u0131na ili\u015fkin davan\u0131n firari san\u0131\u011f\u0131 Can D\u00fcndar hakk\u0131nda g\u0131yabi tutuklama karar\u0131 ve k\u0131rm\u0131z\u0131 b\u00fclten \u00e7\u0131kar\u0131lmas\u0131na karar verildi.<\/h2>\n<p>\u0130stanbul 14. A\u011f\u0131r Ceza Mahkemesi, M\u0130T t\u0131rlar\u0131n\u0131n durdurulmas\u0131na ili\u015fkin gizli kalmas\u0131 gereken bilgi ve foto\u011fraflara gazetede yer verdi\u011fi gerek\u00e7esiyle \u00e7arpt\u0131r\u0131ld\u0131\u011f\u0131 5 y\u0131l 10 ay hapis cezas\u0131 Yarg\u0131tay&#8217;ca bozulan eski Cumhuriyet Gazetesi Genel Yay\u0131n Y\u00f6netmeni Can D\u00fcndar hakk\u0131nda g\u0131yabi tutuklama ve k\u0131rm\u0131z\u0131 b\u00fclten \u00e7\u0131kar\u0131lmas\u0131na, iade i\u015flemlerinin yap\u0131lmas\u0131na karar verdi.<\/p>\n<p>Yarg\u0131tay 16. Ceza Dairesi&#8217;nin, M\u0130T t\u0131rlar\u0131n\u0131n durdurulmas\u0131na ili\u015fkin gizli kalmas\u0131 gereken bilgi ve foto\u011fraflara gazetede yer verdikleri gerek\u00e7esiyle &#8220;gizli belge ve bilgileri a\u00e7\u0131klamak&#8221; su\u00e7undan Can D\u00fcndar&#8217;a 5 y\u0131l 10 ay, Ankara temsilcisi Erdem G\u00fcl&#8217;e 5 y\u0131l hapis cezas\u0131 veren yerel mahkeme karar\u0131n\u0131 bozmas\u0131n\u0131n ard\u0131ndan dava dosyas\u0131, \u0130stanbul 14. A\u011f\u0131r Ceza Mahkemesi&#8217;ne ula\u015ft\u0131.<\/p>\n<p>Mahkeme heyeti, davaya ili\u015fkin haz\u0131rlad\u0131\u011f\u0131 tensip tutana\u011f\u0131nda, san\u0131k Can D\u00fcndar&#8217;\u0131n kovu\u015fturman\u0131n sonu\u00e7suz kalmas\u0131n\u0131 sa\u011flamak amac\u0131yla yurt d\u0131\u015f\u0131nda bulundu\u011funu ve bu nedenle kendisine ula\u015f\u0131lamad\u0131\u011f\u0131n\u0131 belirterek, D\u00fcndar&#8217;\u0131n g\u0131yaben tutuklanmas\u0131na karar verdi.<\/p>\n<p>San\u0131k D\u00fcndar hakk\u0131nda k\u0131rm\u0131z\u0131 b\u00fclten \u00e7\u0131kar\u0131lmas\u0131na da h\u00fckmeden heyet, san\u0131\u011f\u0131n Bel\u00e7ika&#8217;dan iadesi prosed\u00fcr\u00fcne esas olmak \u00fczere Adalet Bakanl\u0131\u011f\u0131 ile yaz\u0131\u015fma yap\u0131lmas\u0131n\u0131 karara ba\u011flad\u0131. <\/p>\n<p>Heyet, Yarg\u0131tay&#8217;\u0131n bozma ilam\u0131nda bahsi ge\u00e7en Cumhuriyet gazetesinde s\u00f6z konusu haberin \u00e7\u0131kmas\u0131n\u0131n ard\u0131ndan Suriye Arap Cumhuriyeti Birle\u015fmi\u015f Milletler Daimi Temsilcili\u011fi taraf\u0131ndan G\u00fcvenlik Konseyi Ba\u015fkan\u0131 ve Genel Sekreteri&#8217;ne sunulan 5 Haziran 2015 tarihli, T\u00fcrkiye Cumhuriyeti H\u00fck\u00fcmeti&#8217;ni \u015fikayet eden \u00f6zde\u015f mektubun bir \u00f6rne\u011fi ile varsa terc\u00fcmesinin Yarg\u0131tay 16. Ceza Dairesi&#8217;nden istenmesine, ayr\u0131ca mektup ve terc\u00fcmesinin ara\u015ft\u0131r\u0131larak varsa birer \u00f6rne\u011finin g\u00f6nderilmesi i\u00e7in D\u0131\u015fi\u015fleri Bakanl\u0131\u011f\u0131&#8217;na da yaz\u0131 yaz\u0131lmas\u0131na karar verdi.<\/p>\n<p>Heyet, ilk duru\u015fman\u0131n da 7 May\u0131s&#8217;ta yap\u0131lmas\u0131n\u0131 oy birli\u011fiyle kararla\u015ft\u0131rd\u0131.<\/p>\n<p>Yarg\u0131tay&#8217;\u0131n bozma ilam\u0131<br \/>\nYarg\u0131tay 16. Ceza Dairesi, M\u0130T t\u0131rlar\u0131n\u0131n durdurulmas\u0131na ili\u015fkin gizli kalmas\u0131 gereken bilgi ve foto\u011fraflara gazetede yer verdikleri gerek\u00e7esiyle &#8220;gizli belge ve bilgileri a\u00e7\u0131klamak&#8221; su\u00e7undan eski Cumhuriyet Gazetesi Genel Yay\u0131n Y\u00f6netmeni Can D\u00fcndar&#8217;a 5 y\u0131l 10 ay, Ankara temsilcisi Erdem G\u00fcl&#8217;e 5 y\u0131l hapis cezas\u0131 veren yerel mahkeme karar\u0131n\u0131 bozmu\u015ftu.<\/p>\n<p>Daire, D\u00fcndar hakk\u0131nda 15 y\u0131ldan 20 y\u0131la kadar hapis cezas\u0131 \u00f6ng\u00f6ren &#8220;gizli kalmas\u0131 gereken bilgileri casusluk maksad\u0131yla temin etme&#8221; su\u00e7undan h\u00fck\u00fcm kurulmas\u0131 gerekti\u011fine karar vermi\u015fti.<\/p>\n<p>Kararda, &#8220;Gazeteci olan san\u0131klar\u0131n, devletin g\u00fcvenli\u011fi veya i\u00e7 veya d\u0131\u015f siyasal yararlar\u0131 gere\u011fi, niteli\u011fi bak\u0131m\u0131ndan gizli kalmas\u0131 gerekli bilgileri temin ederek bas\u0131n yoluyla a\u00e7\u0131klamak suretiyle h\u00fck\u00fcmeti gerek i\u00e7 kamuoyunda gerekse uluslararas\u0131 alanda &#8216;ter\u00f6re destek veren \u00fclke&#8217; konumuna d\u00fc\u015f\u00fcrmek istedikleri a\u00e7\u0131k ise de eylemlerinin maddi cebir i\u00e7ermemesi ve ama\u00e7 su\u00e7 bak\u0131m\u0131ndan elveri\u015fli eylem kapsam\u0131nda bulunmamas\u0131 nedeniyle m\u00fcsnet su\u00e7u olu\u015fturmayaca\u011f\u0131 y\u00f6n\u00fcndeki mahkeme karar\u0131nda isabetsizlik bulunmamaktad\u0131r.&#8221; denilmi\u015fti.<\/p>\n<p>Haberlere konu yap\u0131lan bilgi ve belgelerin niteli\u011fi itibar\u0131yla &#8220;devlet s\u0131rr\u0131&#8221; olarak kabul\u00fcnde isabetsizlik bulunmad\u0131\u011f\u0131 belirtilen kararda, san\u0131klar\u0131n ceza ald\u0131\u011f\u0131 &#8220;Devletin g\u00fcvenli\u011fi veya i\u00e7 veya d\u0131\u015f siyasal yararlar\u0131 gere\u011fi, niteli\u011fi bak\u0131m\u0131ndan gizli kalmas\u0131 gerekli bilgilerin &#8216;siyasal veya askeri casusluk&#8217; maksad\u0131yla a\u00e7\u0131klanmas\u0131&#8221; su\u00e7unun niteli\u011fi itibar\u0131yla bas\u0131n yoluyla i\u015flenen bir su\u00e7 oldu\u011fu vurgulanm\u0131\u015ft\u0131.<\/p>\n<p>S\u00f6z konusu su\u00e7a ili\u015fkin 5187 Say\u0131l\u0131 Kanun uyar\u0131nca 4 ay i\u00e7inde dava a\u00e7\u0131lmas\u0131 gerekti\u011fi ancak davan\u0131n 4 ayl\u0131k hak d\u00fc\u015f\u00fcr\u00fcc\u00fc s\u00fcreden sonra a\u00e7\u0131ld\u0131\u011f\u0131 anlat\u0131lan kararda, bu nedenle d\u00fc\u015fme karar\u0131 verilmesi gerekti\u011fi belirtilerek, bu su\u00e7tan kurulan mahkumiyet h\u00fckm\u00fcn\u00fcn bozuldu\u011fu bildirilmi\u015fti.<\/p>\n<p>Kararda, Can D\u00fcndar hakk\u0131nda, T\u00fcrk Ceza Kanunu&#8217;nun (TCK) 328. maddesinde d\u00fczenlenen ve 15 y\u0131ldan 20 y\u0131la kadar hapis cezas\u0131 \u00f6ng\u00f6ren, &#8220;Devletin g\u00fcvenli\u011fi veya i\u00e7 veya d\u0131\u015f siyasal yararlar\u0131 bak\u0131m\u0131ndan niteli\u011fi itibar\u0131yla gizli kalmas\u0131 gereken bilgileri, siyasal veya askeri casusluk maksad\u0131yla temin etme&#8221; su\u00e7undan h\u00fck\u00fcm kurulmas\u0131 gerekti\u011fi belirtilmi\u015fti.<\/p>\n<p>Kararda \u015fu ifadelere yer verilmi\u015fti:<\/p>\n<p>&#8220;Cumhuriyet gazetesinin 29 May\u0131s 2015 tarihli n\u00fcshas\u0131nda, devletin g\u00fcvenli\u011fi veya siyasal yararlar\u0131 bak\u0131m\u0131ndan devlet s\u0131rr\u0131 niteli\u011findeki bilgileri yay\u0131mlamak suretiyle a\u00e7\u0131klanmas\u0131ndan sonra, Suriye Birle\u015fmi\u015f Milletler Daimi Temsilcili\u011fi taraf\u0131ndan G\u00fcvenlik Konseyi Ba\u015fkan\u0131 ve Genel Sekreteri&#8217;ne 5 Haziran 2015 tarihli, T\u00fcrkiye Cumhuriyeti H\u00fck\u00fcmeti&#8217;ni \u015fikayet eden \u00f6zde\u015f mektup sundu\u011funun da anla\u015f\u0131lmas\u0131 kar\u015f\u0131s\u0131nda, an\u0131lan bilgileri do\u011frudan siyasal casusluk kast\u0131 ile temin etti\u011finin kabul\u00fc gerekebilece\u011finden ve eyleminin bu haliyle bas\u0131n yoluyla i\u015flenmesi de m\u00fcmk\u00fcn olmayan TCK 328. maddesinde d\u00fczenlenen su\u00e7u olu\u015fturabilece\u011fi g\u00f6zetilerek, bu belgenin D\u0131\u015fi\u015fleri Bakanl\u0131\u011f\u0131&#8217;ndan temini ile 5271 Say\u0131l\u0131 CMK&#8217;n\u0131n 217. maddesi gere\u011fince taraflara okunup tart\u0131\u015f\u0131lmas\u0131ndan sonra san\u0131\u011f\u0131n hukuki durumunun tayin ve takdiri gerekir.&#8221;<\/p>\n<p>Kararda, Erdem G\u00fcl&#8217;\u00fcn bu su\u00e7a y\u00f6nelik durumuna ili\u015fkin de\u011ferlendirmede ise &#8220;Devlet s\u0131rr\u0131 niteli\u011findeki gizli bilgileri hususi gayretle temin etti\u011fine veya san\u0131k Can D\u00fcndar&#8217;\u0131n eylemine i\u015ftirak etti\u011fine dair cezaland\u0131r\u0131lmas\u0131na yeterli, kesin ve inand\u0131r\u0131c\u0131 delil elde edilemedi\u011finden, ispat edilemeyen su\u00e7tan beraatine karar verilmesi gerekir.&#8221; ifadelerine yer verilmi\u015fti.<\/p>\n<p>&#8220;Devlet s\u0131rr\u0131&#8221; oldu\u011fu kabul edilen bilgilerin kayna\u011f\u0131n\u0131, kanunla M\u0130T&#8217;e verilen g\u00f6rev ve yetkiler uyar\u0131nca yap\u0131ld\u0131\u011f\u0131 bildirilen bir faaliyetin olu\u015fturdu\u011fu anlat\u0131lan kararda, olayla ilgili Ayd\u0131nl\u0131k gazetesinin 21 Ocak 2014 tarihli n\u00fcshas\u0131nda &#8220;\u0130\u015fte TIR&#8217;daki Cephane&#8221; ba\u015fl\u0131kl\u0131 haberde baz\u0131 iddialara yer verildi\u011fi an\u0131msat\u0131lm\u0131\u015ft\u0131. Kararda, Can D\u00fcndar&#8217;\u0131n ikrar\u0131 ve incelenen a\u00e7\u0131klama i\u00e7eriklerine g\u00f6re, san\u0131klar taraf\u0131ndan yay\u0131mlanan g\u00f6r\u00fcnt\u00fclerin, Ayd\u0131nl\u0131k gazetesinde yay\u0131mlanan haberle ilgili oldu\u011fu fakat baz\u0131 g\u00f6r\u00fcnt\u00fclerin tamamen farkl\u0131l\u0131k ta\u015f\u0131d\u0131\u011f\u0131 belirtilmi\u015fti.<\/p>\n<p>Kararda, Cumhuriyet gazetesinde san\u0131klar taraf\u0131ndan yap\u0131lan haberde, \u00f6nceden yay\u0131mlanan haberlere at\u0131f yap\u0131lmad\u0131\u011f\u0131 gibi tamamen farkl\u0131 nitelikte ve faaliyetle ilgili t\u00fcm ayr\u0131nt\u0131lar\u0131 i\u00e7eren, kayna\u011f\u0131ndan edinildi\u011fi intiba\u0131n\u0131 uyand\u0131ran bilgi ve belgelere yer verildi\u011fi ifade edilmi\u015fti.<\/p>\n<!-- Error, Advert is not available at this time due to schedule\/geolocation restrictions! -->\n","protected":false},"excerpt":{"rendered":"<p>M\u0130T t\u0131rlar\u0131n\u0131n durdurulmas\u0131na ili\u015fkin davan\u0131n firari san\u0131\u011f\u0131 Can D\u00fcndar hakk\u0131nda g\u0131yabi tutuklama karar\u0131 ve k\u0131rm\u0131z\u0131 b\u00fclten \u00e7\u0131kar\u0131lmas\u0131na karar verildi. \u0130stanbul 14. A\u011f\u0131r Ceza Mahkemesi, M\u0130T t\u0131rlar\u0131n\u0131n durdurulmas\u0131na ili\u015fkin gizli kalmas\u0131 gereken bilgi ve foto\u011fraflara gazetede yer verdi\u011fi gerek\u00e7esiyle \u00e7arpt\u0131r\u0131ld\u0131\u011f\u0131 5 y\u0131l 10 ay hapis cezas\u0131 Yarg\u0131tay&#8217;ca bozulan eski Cumhuriyet Gazetesi Genel Yay\u0131n Y\u00f6netmeni Can D\u00fcndar &hellip;<\/p>\n","protected":false},"author":4,"featured_media":263593,"comment_status":"open","ping_status":"open","sticky":false,"template":"","format":"standard","meta":{"_acf_changed":false,"footnotes":""},"categories":[6155,5005,6667,349,6805],"tags":[13755,182524,15899],"class_list":["post-263592","post","type-post","status-publish","format-standard","has-post-thumbnail","hentry","category-gundem","category-manset","category-medya","category-son-dakika","category-turkiye","tag-can-dundar","tag-mit-tirlari","tag-yargitay"],"acf":[],"_links":{"self":[{"href":"https:\/\/www.nationalturk.com\/tr\/wp-json\/wp\/v2\/posts\/263592","targetHints":{"allow":["GET"]}}],"collection":[{"href":"https:\/\/www.nationalturk.com\/tr\/wp-json\/wp\/v2\/posts"}],"about":[{"href":"https:\/\/www.nationalturk.com\/tr\/wp-json\/wp\/v2\/types\/post"}],"author":[{"embeddable":true,"href":"https:\/\/www.nationalturk.com\/tr\/wp-json\/wp\/v2\/users\/4"}],"replies":[{"embeddable":true,"href":"https:\/\/www.nationalturk.com\/tr\/wp-json\/wp\/v2\/comments?post=263592"}],"version-history":[{"count":0,"href":"https:\/\/www.nationalturk.com\/tr\/wp-json\/wp\/v2\/posts\/263592\/revisions"}],"wp:featuredmedia":[{"embeddable":true,"href":"https:\/\/www.nationalturk.com\/tr\/wp-json\/wp\/v2\/media\/263593"}],"wp:attachment":[{"href":"https:\/\/www.nationalturk.com\/tr\/wp-json\/wp\/v2\/media?parent=263592"}],"wp:term":[{"taxonomy":"category","embeddable":true,"href":"https:\/\/www.nationalturk.com\/tr\/wp-json\/wp\/v2\/categories?post=263592"},{"taxonomy":"post_tag","embeddable":true,"href":"https:\/\/www.nationalturk.com\/tr\/wp-json\/wp\/v2\/tags?post=263592"}],"curies":[{"name":"wp","href":"https:\/\/api.w.org\/{rel}","templated":true}]}}