{"id":263770,"date":"2018-04-05T12:18:18","date_gmt":"2018-04-05T09:18:18","guid":{"rendered":"http:\/\/www.nationalturk.com\/?p=263770"},"modified":"2018-04-05T12:18:18","modified_gmt":"2018-04-05T09:18:18","slug":"fikret-orman-demba-bayi-onumuzdeki-sezon-besiktasta-gormek-istiyoruz","status":"publish","type":"post","link":"https:\/\/www.nationalturk.com\/tr\/fikret-orman-demba-bayi-onumuzdeki-sezon-besiktasta-gormek-istiyoruz\/","title":{"rendered":"Fikret Orman: Demba Ba&#8217;y\u0131 \u00f6n\u00fcm\u00fczdeki sezon Be\u015fikta\u015f&#8217;ta g\u00f6rmek istiyoruz"},"content":{"rendered":"<h2>Be\u015fikta\u015f Ba\u015fkan\u0131 Fikret Orman, G\u00f6ztepe formas\u0131 giyen Demba Ba\u2019y\u0131 \u00f6n\u00fcm\u00fczdeki sezon transfer etmek istediklerini s\u00f6yledi. Hafta sonu Be\u015fikta\u015f\u2019\u0131n G\u00f6ztepe ile oynayacak olmas\u0131 nedeniyle bu a\u00e7\u0131klama sosyal medyada b\u00fcy\u00fck yank\u0131 buldu.<\/h2>\n<p>G\u00fcndeme ili\u015fkin a\u00e7\u0131klamalarda bulunan Fikret Orman, S\u00fcper Lig\u2019in 28. haftas\u0131nda G\u00f6ztepe formas\u0131yla ilk defa Be\u015fikta\u015f kar\u015f\u0131s\u0131na \u00e7\u0131kacak olan eski futbolcular\u0131 Demba Ba i\u00e7in, &#8220;\u00c7ok \u00f6nemli bir oyuncu, biz de onun Be\u015fikta\u015f&#8217;ta oynamas\u0131n\u0131 istiyoruz. Demba Ba&#8217;n\u0131n kontrat\u0131 bitiyor, \u00f6n\u00fcm\u00fczdeki sezon Be\u015fikta\u015f&#8217;ta oynamas\u0131n\u0131 istiyorum. Bu hafta G\u00f6ztepe ile oynayaca\u011f\u0131z, \u015fimdi bunu konu\u015fmak olmaz. Demba Ba, Be\u015fikta\u015f&#8217;\u0131n evlad\u0131. Sezon sonu geldi\u011fi zaman Demba Ba&#8217;n\u0131n transferine bakaca\u011f\u0131z&#8221; \u015feklinde konu\u015ftu.<\/p>\n<p>Hafta sonunda Be\u015fikta\u015f\u2019\u0131n G\u00f6ztepe\u2019yle oynayacak olmas\u0131 nedeniyle Fikret Orman\u2019\u0131n bu a\u00e7\u0131klamalar\u0131 en basit ifadeyle \u201czamans\u0131z\u201d olarak yorumlan\u0131rken rakip tak\u0131mlar\u0131n taraftarlar\u0131 ise sosyal medyada daha sert ele\u015ftirilerde bulundu.<\/p>\n<!-- Error, Advert is not available at this time due to schedule\/geolocation restrictions! -->\n","protected":false},"excerpt":{"rendered":"<p>Be\u015fikta\u015f Ba\u015fkan\u0131 Fikret Orman, G\u00f6ztepe formas\u0131 giyen Demba Ba\u2019y\u0131 \u00f6n\u00fcm\u00fczdeki sezon transfer etmek istediklerini s\u00f6yledi. Hafta sonu Be\u015fikta\u015f\u2019\u0131n G\u00f6ztepe ile oynayacak olmas\u0131 nedeniyle bu a\u00e7\u0131klama sosyal medyada b\u00fcy\u00fck yank\u0131 buldu. G\u00fcndeme ili\u015fkin a\u00e7\u0131klamalarda bulunan Fikret Orman, S\u00fcper Lig\u2019in 28. haftas\u0131nda G\u00f6ztepe formas\u0131yla ilk defa Be\u015fikta\u015f kar\u015f\u0131s\u0131na \u00e7\u0131kacak olan eski futbolcular\u0131 Demba Ba i\u00e7in, &#8220;\u00c7ok \u00f6nemli &hellip;<\/p>\n","protected":false},"author":4,"featured_media":263771,"comment_status":"open","ping_status":"open","sticky":false,"template":"","format":"standard","meta":{"_acf_changed":false,"footnotes":""},"categories":[6774,6155,5005,6194],"tags":[1748,102651,37131],"class_list":["post-263770","post","type-post","status-publish","format-standard","has-post-thumbnail","hentry","category-futbol","category-gundem","category-manset","category-spor","tag-besiktas","tag-demba-ba","tag-fikret-orman"],"acf":[],"_links":{"self":[{"href":"https:\/\/www.nationalturk.com\/tr\/wp-json\/wp\/v2\/posts\/263770","targetHints":{"allow":["GET"]}}],"collection":[{"href":"https:\/\/www.nationalturk.com\/tr\/wp-json\/wp\/v2\/posts"}],"about":[{"href":"https:\/\/www.nationalturk.com\/tr\/wp-json\/wp\/v2\/types\/post"}],"author":[{"embeddable":true,"href":"https:\/\/www.nationalturk.com\/tr\/wp-json\/wp\/v2\/users\/4"}],"replies":[{"embeddable":true,"href":"https:\/\/www.nationalturk.com\/tr\/wp-json\/wp\/v2\/comments?post=263770"}],"version-history":[{"count":0,"href":"https:\/\/www.nationalturk.com\/tr\/wp-json\/wp\/v2\/posts\/263770\/revisions"}],"wp:featuredmedia":[{"embeddable":true,"href":"https:\/\/www.nationalturk.com\/tr\/wp-json\/wp\/v2\/media\/263771"}],"wp:attachment":[{"href":"https:\/\/www.nationalturk.com\/tr\/wp-json\/wp\/v2\/media?parent=263770"}],"wp:term":[{"taxonomy":"category","embeddable":true,"href":"https:\/\/www.nationalturk.com\/tr\/wp-json\/wp\/v2\/categories?post=263770"},{"taxonomy":"post_tag","embeddable":true,"href":"https:\/\/www.nationalturk.com\/tr\/wp-json\/wp\/v2\/tags?post=263770"}],"curies":[{"name":"wp","href":"https:\/\/api.w.org\/{rel}","templated":true}]}}