{"id":264129,"date":"2018-04-13T13:53:57","date_gmt":"2018-04-13T10:53:57","guid":{"rendered":"http:\/\/www.nationalturk.com\/?p=264129"},"modified":"2018-04-13T13:53:57","modified_gmt":"2018-04-13T10:53:57","slug":"mhpyle-ortak-aday-gosterecegimizi-hic-sanmiyorum","status":"publish","type":"post","link":"https:\/\/www.nationalturk.com\/tr\/mhpyle-ortak-aday-gosterecegimizi-hic-sanmiyorum\/","title":{"rendered":"&#8220;MHP&#8217;yle ortak aday g\u00f6sterece\u011fimizi hi\u00e7 sanm\u0131yorum&#8221;"},"content":{"rendered":"<h2>AKP Genel Ba\u015fkan Yard\u0131mc\u0131s\u0131 Hayati Yaz\u0131c\u0131, yerel se\u00e7imde MHP&#8217;yle ortak aday g\u00f6stereceklerini sanmad\u0131\u011f\u0131n\u0131 s\u00f6yledi.<\/h2>\n<p>CNN T\u00fcrk&#8217;te g\u00fcndeme ili\u015fkin olarak a\u00e7\u0131klamalarda bulunan Yaz\u0131c\u0131&#8217;ya &#8220;Yerel se\u00e7imde MHP ile ortak aday olur mu&#8221; diye soruldu. Yaz\u0131c\u0131, &#8220;Hi\u00e7 sanm\u0131yorum. Ortak aday demeyelim. Yerel se\u00e7imler i\u00e7in ittifak d\u00fczenlemesi yok&#8221; yan\u0131t\u0131n\u0131 verdi.<\/p>\n<p>Cumhurba\u015fkanl\u0131\u011f\u0131 se\u00e7imine ili\u015fkin yeni d\u00f6zenlemeler yap\u0131laca\u011f\u0131n\u0131 anlatan Yaz\u0131c\u0131, &#8220;Adayl\u0131klar\u0131 d\u00fczenleyen 20-25 maddelik yeni bir paket Meclis&#8217;e gelebilir. En \u00f6nemli iki konu 100 bin se\u00e7men nas\u0131l bildirilecek. Aday olacak ki\u015fi hem milletvekili hem cumhurba\u015fkan\u0131 aday\u0131 olabilecek mi? Bizim d\u00fc\u015f\u00fcncemiz a\u011f\u0131rl\u0131kl\u0131 olarak cumhurba\u015fkan\u0131 aday\u0131 olan ki\u015finin milletvekili aday\u0131 olmamas\u0131 y\u00f6n\u00fcnde. Bun konu yapaca\u011f\u0131m\u0131z \u00e7al\u0131\u015fma sonnuda yaz\u0131ya d\u00f6k\u00fclecek&#8221; diye konu\u015ftu.<\/p>\n<p>Yaz\u0131c\u0131, uyum yasas\u0131na g\u00f6re bir ki\u015finin hem cumhurba\u015fkan\u0131 hem de milletvekili aday\u0131 olamayaca\u011f\u0131n\u0131 belirterek, &#8220;\u0130ki yere ayn\u0131 anda aday olma, sistemin mant\u0131\u011f\u0131na ayk\u0131r\u0131&#8221; dedi.<\/p>\n<!-- Error, Advert is not available at this time due to schedule\/geolocation restrictions! -->\n","protected":false},"excerpt":{"rendered":"<p>AKP Genel Ba\u015fkan Yard\u0131mc\u0131s\u0131 Hayati Yaz\u0131c\u0131, yerel se\u00e7imde MHP&#8217;yle ortak aday g\u00f6stereceklerini sanmad\u0131\u011f\u0131n\u0131 s\u00f6yledi. CNN T\u00fcrk&#8217;te g\u00fcndeme ili\u015fkin olarak a\u00e7\u0131klamalarda bulunan Yaz\u0131c\u0131&#8217;ya &#8220;Yerel se\u00e7imde MHP ile ortak aday olur mu&#8221; diye soruldu. Yaz\u0131c\u0131, &#8220;Hi\u00e7 sanm\u0131yorum. Ortak aday demeyelim. Yerel se\u00e7imler i\u00e7in ittifak d\u00fczenlemesi yok&#8221; yan\u0131t\u0131n\u0131 verdi. Cumhurba\u015fkanl\u0131\u011f\u0131 se\u00e7imine ili\u015fkin yeni d\u00f6zenlemeler yap\u0131laca\u011f\u0131n\u0131 anlatan Yaz\u0131c\u0131, &#8220;Adayl\u0131klar\u0131 &hellip;<\/p>\n","protected":false},"author":4,"featured_media":264130,"comment_status":"open","ping_status":"open","sticky":false,"template":"","format":"standard","meta":{"_acf_changed":false,"footnotes":""},"categories":[6155,5005,6202,349],"tags":[9476,74573,10829,108518],"class_list":["post-264129","post","type-post","status-publish","format-standard","has-post-thumbnail","hentry","category-gundem","category-manset","category-politika","category-son-dakika","tag-akp","tag-akp-mhp","tag-mhp","tag-yerel-secimler"],"acf":[],"_links":{"self":[{"href":"https:\/\/www.nationalturk.com\/tr\/wp-json\/wp\/v2\/posts\/264129","targetHints":{"allow":["GET"]}}],"collection":[{"href":"https:\/\/www.nationalturk.com\/tr\/wp-json\/wp\/v2\/posts"}],"about":[{"href":"https:\/\/www.nationalturk.com\/tr\/wp-json\/wp\/v2\/types\/post"}],"author":[{"embeddable":true,"href":"https:\/\/www.nationalturk.com\/tr\/wp-json\/wp\/v2\/users\/4"}],"replies":[{"embeddable":true,"href":"https:\/\/www.nationalturk.com\/tr\/wp-json\/wp\/v2\/comments?post=264129"}],"version-history":[{"count":0,"href":"https:\/\/www.nationalturk.com\/tr\/wp-json\/wp\/v2\/posts\/264129\/revisions"}],"wp:featuredmedia":[{"embeddable":true,"href":"https:\/\/www.nationalturk.com\/tr\/wp-json\/wp\/v2\/media\/264130"}],"wp:attachment":[{"href":"https:\/\/www.nationalturk.com\/tr\/wp-json\/wp\/v2\/media?parent=264129"}],"wp:term":[{"taxonomy":"category","embeddable":true,"href":"https:\/\/www.nationalturk.com\/tr\/wp-json\/wp\/v2\/categories?post=264129"},{"taxonomy":"post_tag","embeddable":true,"href":"https:\/\/www.nationalturk.com\/tr\/wp-json\/wp\/v2\/tags?post=264129"}],"curies":[{"name":"wp","href":"https:\/\/api.w.org\/{rel}","templated":true}]}}