{"id":264132,"date":"2018-04-13T14:49:58","date_gmt":"2018-04-13T11:49:58","guid":{"rendered":"http:\/\/www.nationalturk.com\/?p=264132"},"modified":"2018-04-13T15:02:48","modified_gmt":"2018-04-13T12:02:48","slug":"olmaz-denilen-her-sey-oluyor-zulfu-livanelinin-romanini-satir-satir-kopyaladi","status":"publish","type":"post","link":"https:\/\/www.nationalturk.com\/tr\/olmaz-denilen-her-sey-oluyor-zulfu-livanelinin-romanini-satir-satir-kopyaladi\/","title":{"rendered":"Olmaz denilen her \u015fey oluyor! Z\u00fclf\u00fc Livaneli&#8217;nin roman\u0131n\u0131 sat\u0131r sat\u0131r kopyalad\u0131!"},"content":{"rendered":"<h2>Z\u00fclf\u00fc Livaneli&#8217;nin 500 binden fazla satan Karde\u015fimin Hik\u00e2yesi adl\u0131 roman\u0131n\u0131n Nur\u015fen Karayan\u0131z taraf\u0131ndan karakter isimleri de\u011fi\u015ftirilerek sat\u0131r sat\u0131r kopyaland\u0131\u011f\u0131 ve K\u0131yamet \u00c7i\u00e7e\u011fi ad\u0131yla yay\u0131nland\u0131\u011f\u0131 ortaya \u00e7\u0131kt\u0131.<\/h2>\n<p>H\u00fcrriyet&#8217;ten \u0130hsan Y\u0131lmaz&#8217;\u0131n k\u00f6\u015fesine ta\u015f\u0131d\u0131\u011f\u0131 ( 13 Nisan) konuda, K\u0131yamet \u00c7i\u00e7e\u011fi olarak tekrar piyasa s\u00fcrd\u00fcrd\u00fc\u011f\u00fc kitapta Livaneli&#8217;nin \u00f6yk\u00fcs\u00fcnden farkl\u0131 olarak birka\u00e7 c\u00fcmle, birka\u00e7 b\u00f6l\u00fcm bulunuyor.<\/p>\n<p>\u0130hsan Y\u0131lmaz k\u00f6\u015fe yaz\u0131s\u0131nda \u015fu ifadeleri kulland\u0131:<\/p>\n<p>&#8220;Z\u00fclf\u00fc Livaneli\u2019nin \u2018Karde\u015fimin Hik\u00e2yesi\u2019 adl\u0131 roman\u0131 2013 y\u0131l\u0131nda yay\u0131mlanm\u0131\u015ft\u0131. Okuru \u00e7ok sevdi ve sat\u0131\u015f\u0131 500 bini ge\u00e7ti. Konusu, anlat\u0131m\u0131 ve kurgusuyla ger\u00e7ekten iyi bir Livaneli roman\u0131yd\u0131.<\/p>\n<p>Roman\u0131n yay\u0131nc\u0131s\u0131 Do\u011fan Kitap\u2019\u0131n edit\u00f6rlerinden Tan\u0131l Ya\u015far gitti\u011fi bir kitap\u00e7\u0131da yeni yazarlar\u0131n kitaplar\u0131n\u0131 kar\u0131\u015ft\u0131r\u0131rken olduk\u00e7a tan\u0131d\u0131k c\u00fcmlelerle kar\u015f\u0131la\u015fm\u0131\u015f.<\/p>\n<p>Nursen Karayan\u0131z\u2019\u0131n bu y\u0131l\u0131n ba\u015flar\u0131nda Kariyer Yay\u0131nlar\u0131\u2019ndan \u00e7\u0131km\u0131\u015f roman\u0131 \u2018K\u0131yamet \u00c7i\u00e7e\u011fi\u2019ymi\u015f bu.<\/p>\n<p>Roman\u0131n sayfalar\u0131nda ilerledik\u00e7e Z\u00fclf\u00fc Livaneli\u2019nin \u2018Karde\u015fimin Hik\u00e2yesi\u2019nin i\u00e7inde bulmu\u015f kendini Ya\u015far. Farkl\u0131 bir yazar ad\u0131, farkl\u0131 bir kapak ama c\u00fcmleler Z\u00fclf\u00fc Livaneli\u2019nin.&#8221;<\/p>\n<h3><a href=\"http:\/\/www.hurriyet.com.tr\/yazarlar\/ihsan-yilmaz\/zulfu-livanelinin-romanini-caldilar-40803394\" target=\"_blank\" rel=\"noopener\">\u0130hsan Y\u0131lmaz&#8217;\u0131n yaz\u0131s\u0131n\u0131n tamam\u0131 i\u00e7in t\u0131klay\u0131n<\/a><\/h3>\n<p><img loading=\"lazy\" decoding=\"async\" src=\"http:\/\/www.nationalturk.com\/tr\/wp-content\/uploads\/2018\/04\/nursen-karayaniz.jpg\" alt=\"\" width=\"800\" height=\"435\" class=\"alignnone size-full wp-image-264135\" title=\"\"><\/p>\n<h4>Z\u00fclf\u00fc Livaneli&#8217;den \u00e7al\u0131nt\u0131 kitab\u0131n tan\u0131t\u0131m yaz\u0131s\u0131 \u015f\u00f6yle;<\/h4>\n<p>\u201cAd\u0131n S\u0131zl\u0131yor Y\u00fcre\u011fimde \u015fiir kitab\u0131 ve \u2018Tuana\u2019dan Mina\u2019ya Kabuksuz Yara\u2019 adl\u0131 roman\u0131yla tan\u0131nan gen\u00e7 yazar Karayan\u0131z, \u2018K\u0131yamet \u00c7i\u00e7e\u011fi\u2019 ile kendini ispatlad\u0131. Ordulu yazar\u0131n bu yeni kitab\u0131 kapak tasar\u0131m\u0131ndan i\u00e7erik edit\u00f6rl\u00fc\u011f\u00fcne kadar tam bir profesyonel \u00e7al\u0131\u015fma.\u201d<\/p>\n<p>Yazar hakk\u0131nda ge\u00e7mi\u015fte de ba\u015fkalar\u0131n\u0131n kitab\u0131n\u0131 tekrar yay\u0131nlad\u0131\u011f\u0131na dair iddialar var. Kitab\u0131 basan Do\u011fan Kitap&#8217;\u0131n yetkililerinin hukuki s\u00fcreci ba\u015flatt\u0131\u011f\u0131 \u00f6\u011frenildi.<\/p>\n<h5>Z\u00fclf\u00fc Livaneli&#8217;den ilk a\u00e7\u0131klama<\/h5>\n<p>S\u00f6zc\u00fc.com.tr\u2019ye a\u00e7\u0131klama yapan Z\u00fclf\u00fc Livaneli, kitab\u0131n\u0131n kopyalanmas\u0131yla ilgili \u015funlar\u0131 s\u00f6yledi: <\/p>\n<p>\u201cVallahi ben haberi g\u00f6r\u00fcnce \u00e7ok \u015fa\u015f\u0131rd\u0131m. Bu kadar\u0131 da hi\u00e7 olmaz diye d\u00fc\u015f\u00fcn\u00fcyordum. Kimsenin de ba\u015f\u0131na gelmemi\u015ftir d\u00fcnyada. \u00dclkenin geldi\u011fi noktay\u0131 da g\u00f6steriyor galiba. Hi\u00e7bir \u00f6l\u00e7\u00fc kalmam\u0131\u015f. O gen\u00e7 karde\u015fimiz ke\u015fke esinlenerek yazsayd\u0131. Kendisi de yazabilirdi. Ona da \u00fcz\u00fcld\u00fcm, ne l\u00fczum var? Niye yapt\u0131\u011f\u0131n\u0131 bilmiyorum, kendisini de tan\u0131m\u0131yorum. Ben \u015fimdi \u2018Z\u00fclf\u00fc Livaneli bu kitab\u0131 \u00e7ald\u0131\u2019 derler diye korkmaya ba\u015flad\u0131m (G\u00fcl\u00fcyor). Bu olay, \u00fclkede de\u011fer \u00f6l\u00e7\u00fctlerinin, de\u011fer yarg\u0131lar\u0131n\u0131n sars\u0131ld\u0131\u011f\u0131n\u0131 g\u00f6steriyor. Referanslar\u0131m\u0131z\u0131 kaybettik. K\u00fc\u00e7\u00fck olaylarda hep bunlar\u0131 g\u00f6r\u00fcyoruz. Bu yine ufak bir \u015fey. O kadar b\u00fcy\u00fck su\u00e7lar i\u015fleniyor ki memlekette. Kitap ayn\u0131 d\u00f6nemde Rus\u00e7a\u2019ya \u00e7evrildi. Rusya\u2019da gayet b\u00fcy\u00fck bir tan\u0131t\u0131m yap\u0131ld\u0131 medyada. Onlar, bir harfe bile dikkat ederek, \u00e7eviri yap\u0131yorlar. Bizde de b\u00f6yle oluyor.&#8221;<\/p>\n<h6>Nur\u015fen Karayan\u0131z: Tek ilham kayna\u011f\u0131m Allah<\/h6>\n<p>\u00c7al\u0131nt\u0131 kitab\u0131n sahibi Nur\u015fen Karayan\u0131z, 2017 y\u0131l\u0131nda verdi\u011fi bir r\u00f6portajda K\u0131yamet \u00c7i\u00e7e\u011fi hakk\u0131nda \u015funlar\u0131 s\u00f6ylemi\u015f;<\/p>\n<p>\u201cK\u0131yamet \u00c7i\u00e7e\u011fi\u201d adl\u0131 kitab\u0131ma di\u011ferlerinden farkl\u0131 olarak fragman \u00e7ektik Eski\u015fehir&#8217;de eski tren istasyonunda. \u00c7ok da g\u00fczel ilgi g\u00f6rd\u00fcm hatta \u201cfilmini \u00e7eksen izlenir fragman\u0131 bu kadar etkiliyorsa kim bilir filminde ne hallere gireriz\u201d diye yorumlar ald\u0131m. Tek bir ilham kayna\u011f\u0131m var o da &#8220;Allah&#8221;. Bir \u00e7ok \u015feyden esinlensem de i\u00e7ime bu e\u015fsiz duygular\u0131 veren Rabbim&#8217;in bana sonsuz arma\u011fan\u0131 oldu\u011funu d\u00fc\u015f\u00fcn\u00fcyorum ve her ge\u00e7en g\u00fcn s\u0131rf bunun i\u00e7in \u015f\u00fckrediyorum hayata.<\/p>\n<p><strong> \u0130leride, \u00c7a\u011fda\u015f T\u00fcrk Edebiyat\u0131 denilince akla gelen isimlerden oldu\u011funuzu d\u00fc\u015f\u00fcn\u00fcn, k\u0131smet ya, \u015fimdiden o g\u00fcnlere giderseniz bu g\u00fcn\u00fc o pencereden de\u011ferlendirmek ister misin? Neler hissederdin ge\u00e7mi\u015fe bakt\u0131\u011f\u0131nda?<\/strong><\/p>\n<p>\u0130leride parmakla g\u00f6sterilen bir yazar oldu\u011fumda yaz\u0131lar\u0131m\u0131n taklidi \u00e7\u0131kacak kadar ba\u015far\u0131 kazand\u0131\u011f\u0131nda \u00c7a\u011fda\u015f Edebiyat\u0131n tam da e\u015fi\u011fine ad\u0131m atm\u0131\u015f oldu\u011fumda yine bug\u00fcnlerimden feyz al\u0131r\u0131m. \u00c7\u00fcnk\u00fc ben ileriyi istedi\u011fim kadar ge\u00e7mi\u015fi de seven, koruyan, kelime kelime besleyen bir insan\u0131m.<\/p>\n<!-- Error, Advert is not available at this time due to schedule\/geolocation restrictions! -->\n","protected":false},"excerpt":{"rendered":"<p>Z\u00fclf\u00fc Livaneli&#8217;nin 500 binden fazla satan Karde\u015fimin Hik\u00e2yesi adl\u0131 roman\u0131n\u0131n Nur\u015fen Karayan\u0131z taraf\u0131ndan karakter isimleri de\u011fi\u015ftirilerek sat\u0131r sat\u0131r kopyaland\u0131\u011f\u0131 ve K\u0131yamet \u00c7i\u00e7e\u011fi ad\u0131yla yay\u0131nland\u0131\u011f\u0131 ortaya \u00e7\u0131kt\u0131. H\u00fcrriyet&#8217;ten \u0130hsan Y\u0131lmaz&#8217;\u0131n k\u00f6\u015fesine ta\u015f\u0131d\u0131\u011f\u0131 ( 13 Nisan) konuda, K\u0131yamet \u00c7i\u00e7e\u011fi olarak tekrar piyasa s\u00fcrd\u00fcrd\u00fc\u011f\u00fc kitapta Livaneli&#8217;nin \u00f6yk\u00fcs\u00fcnden farkl\u0131 olarak birka\u00e7 c\u00fcmle, birka\u00e7 b\u00f6l\u00fcm bulunuyor. \u0130hsan Y\u0131lmaz k\u00f6\u015fe yaz\u0131s\u0131nda &hellip;<\/p>\n","protected":false},"author":4,"featured_media":264133,"comment_status":"open","ping_status":"open","sticky":false,"template":"","format":"standard","meta":{"_acf_changed":false,"footnotes":""},"categories":[6155,6221,5005,6805],"tags":[125095,2518,9866],"class_list":["post-264132","post","type-post","status-publish","format-standard","has-post-thumbnail","hentry","category-gundem","category-kultur","category-manset","category-turkiye","tag-ihsan-yilmaz","tag-ordu","tag-zulfu-livaneli"],"acf":[],"_links":{"self":[{"href":"https:\/\/www.nationalturk.com\/tr\/wp-json\/wp\/v2\/posts\/264132","targetHints":{"allow":["GET"]}}],"collection":[{"href":"https:\/\/www.nationalturk.com\/tr\/wp-json\/wp\/v2\/posts"}],"about":[{"href":"https:\/\/www.nationalturk.com\/tr\/wp-json\/wp\/v2\/types\/post"}],"author":[{"embeddable":true,"href":"https:\/\/www.nationalturk.com\/tr\/wp-json\/wp\/v2\/users\/4"}],"replies":[{"embeddable":true,"href":"https:\/\/www.nationalturk.com\/tr\/wp-json\/wp\/v2\/comments?post=264132"}],"version-history":[{"count":0,"href":"https:\/\/www.nationalturk.com\/tr\/wp-json\/wp\/v2\/posts\/264132\/revisions"}],"wp:featuredmedia":[{"embeddable":true,"href":"https:\/\/www.nationalturk.com\/tr\/wp-json\/wp\/v2\/media\/264133"}],"wp:attachment":[{"href":"https:\/\/www.nationalturk.com\/tr\/wp-json\/wp\/v2\/media?parent=264132"}],"wp:term":[{"taxonomy":"category","embeddable":true,"href":"https:\/\/www.nationalturk.com\/tr\/wp-json\/wp\/v2\/categories?post=264132"},{"taxonomy":"post_tag","embeddable":true,"href":"https:\/\/www.nationalturk.com\/tr\/wp-json\/wp\/v2\/tags?post=264132"}],"curies":[{"name":"wp","href":"https:\/\/api.w.org\/{rel}","templated":true}]}}