{"id":264382,"date":"2018-04-19T15:25:22","date_gmt":"2018-04-19T12:25:22","guid":{"rendered":"http:\/\/www.nationalturk.com\/?p=264382"},"modified":"2018-04-19T15:25:22","modified_gmt":"2018-04-19T12:25:22","slug":"kubada-miguel-diaz-canel-donemi-basladi","status":"publish","type":"post","link":"https:\/\/www.nationalturk.com\/tr\/kubada-miguel-diaz-canel-donemi-basladi\/","title":{"rendered":"K\u00fcba&#8217;da Miguel Diaz-Canel d\u00f6nemi ba\u015flad\u0131"},"content":{"rendered":"<h2>K\u00fcba&#8217;da 1959 y\u0131l\u0131ndan bu yana ilk kez devlet ba\u015fkanl\u0131\u011f\u0131nda Castro ad\u0131 olmayacak. 2021\u2019e kadar parti ba\u015fkanl\u0131\u011f\u0131 g\u00f6revini koruyacak olan Raul Castro, yerini Miguel D\u00edaz-Canel\u2019e b\u0131rakt\u0131.<\/h2>\n<p>12 Mart\u2019ta \u00f6n sonu\u00e7lar\u0131 a\u00e7\u0131klayan K\u00fcba Ulusal Se\u00e7im Komisyonu (CNE) taraf\u0131ndan bug\u00fcn yay\u0131nlanan kesin sonu\u00e7lara g\u00f6re, emeklili\u011fe ayr\u0131lan Castro\u2019nun yerine oylar\u0131n y\u00fczde 94.43\u2019\u00fcn\u00fc alan ba\u015fkan yard\u0131mc\u0131s\u0131 Miguel D\u00edaz-Canel se\u00e7ildi.<\/p>\n<p>Y\u00fczde 85.65 kat\u0131l\u0131m sa\u011flanan oylamada 605 milletvekili meclise girmeye hak kazand\u0131.<\/p>\n<p>B\u00f6ylece 1959 y\u0131l\u0131nda ger\u00e7ekle\u015ftirilen devrimin ard\u0131ndan ilk kez Castro ailesinden bir \u00fcye \u00fclkenin y\u00f6netiminde yer almad\u0131.<\/p>\n<h3>Miguel Diaz-Canel kimdir?<\/h3>\n<p>1960 y\u0131l\u0131nda d\u00fcnyaya gelen Miguel D\u00edaz-Canel, elektrik m\u00fchendisli\u011fi e\u011fitimi ald\u0131 ve 20\u2019li ya\u015flar\u0131nda siyasi kariyerine \u201cmerhaba\u201d dedi. 33 ya\u015f\u0131nda Ge\u00e7 Kom\u00fcnist Birli\u011fi\u2019nde Genel Sekreter Yard\u0131mc\u0131s\u0131 olan Miguel D\u00edaz-Canel 2013 y\u0131l\u0131nda Raul Castro taraf\u0131ndan Devlet Ba\u015fkan Yard\u0131mc\u0131l\u0131\u011f\u0131na getirildi.<\/p>\n<!-- Error, Advert is not available at this time due to schedule\/geolocation restrictions! -->\n","protected":false},"excerpt":{"rendered":"<p>K\u00fcba&#8217;da 1959 y\u0131l\u0131ndan bu yana ilk kez devlet ba\u015fkanl\u0131\u011f\u0131nda Castro ad\u0131 olmayacak. 2021\u2019e kadar parti ba\u015fkanl\u0131\u011f\u0131 g\u00f6revini koruyacak olan Raul Castro, yerini Miguel D\u00edaz-Canel\u2019e b\u0131rakt\u0131. 12 Mart\u2019ta \u00f6n sonu\u00e7lar\u0131 a\u00e7\u0131klayan K\u00fcba Ulusal Se\u00e7im Komisyonu (CNE) taraf\u0131ndan bug\u00fcn yay\u0131nlanan kesin sonu\u00e7lara g\u00f6re, emeklili\u011fe ayr\u0131lan Castro\u2019nun yerine oylar\u0131n y\u00fczde 94.43\u2019\u00fcn\u00fc alan ba\u015fkan yard\u0131mc\u0131s\u0131 Miguel D\u00edaz-Canel se\u00e7ildi. Y\u00fczde &hellip;<\/p>\n","protected":false},"author":4,"featured_media":264383,"comment_status":"open","ping_status":"open","sticky":false,"template":"","format":"standard","meta":{"_acf_changed":false,"footnotes":""},"categories":[6665,6155,6771,5005,6202,349],"tags":[14,216553,16957],"class_list":["post-264382","post","type-post","status-publish","format-standard","has-post-thumbnail","hentry","category-dunya","category-gundem","category-latin-amerika","category-manset","category-politika","category-son-dakika","tag-kuba","tag-miguel-diaz-canel","tag-raul-castro"],"acf":[],"_links":{"self":[{"href":"https:\/\/www.nationalturk.com\/tr\/wp-json\/wp\/v2\/posts\/264382","targetHints":{"allow":["GET"]}}],"collection":[{"href":"https:\/\/www.nationalturk.com\/tr\/wp-json\/wp\/v2\/posts"}],"about":[{"href":"https:\/\/www.nationalturk.com\/tr\/wp-json\/wp\/v2\/types\/post"}],"author":[{"embeddable":true,"href":"https:\/\/www.nationalturk.com\/tr\/wp-json\/wp\/v2\/users\/4"}],"replies":[{"embeddable":true,"href":"https:\/\/www.nationalturk.com\/tr\/wp-json\/wp\/v2\/comments?post=264382"}],"version-history":[{"count":0,"href":"https:\/\/www.nationalturk.com\/tr\/wp-json\/wp\/v2\/posts\/264382\/revisions"}],"wp:featuredmedia":[{"embeddable":true,"href":"https:\/\/www.nationalturk.com\/tr\/wp-json\/wp\/v2\/media\/264383"}],"wp:attachment":[{"href":"https:\/\/www.nationalturk.com\/tr\/wp-json\/wp\/v2\/media?parent=264382"}],"wp:term":[{"taxonomy":"category","embeddable":true,"href":"https:\/\/www.nationalturk.com\/tr\/wp-json\/wp\/v2\/categories?post=264382"},{"taxonomy":"post_tag","embeddable":true,"href":"https:\/\/www.nationalturk.com\/tr\/wp-json\/wp\/v2\/tags?post=264382"}],"curies":[{"name":"wp","href":"https:\/\/api.w.org\/{rel}","templated":true}]}}