{"id":264408,"date":"2018-04-19T23:06:12","date_gmt":"2018-04-19T20:06:12","guid":{"rendered":"http:\/\/www.nationalturk.com\/?p=264408"},"modified":"2018-04-19T23:19:01","modified_gmt":"2018-04-19T20:19:01","slug":"senol-gunes-sedye-ile-hastaneye-goturuldu-olayli-derbi-tatil-edildi","status":"publish","type":"post","link":"https:\/\/www.nationalturk.com\/tr\/senol-gunes-sedye-ile-hastaneye-goturuldu-olayli-derbi-tatil-edildi\/","title":{"rendered":"\u015eenol G\u00fcne\u015f ambulans ile hastaneye g\u00f6t\u00fcr\u00fcld\u00fc olayl\u0131 derbi tatil edildi"},"content":{"rendered":"<h2>Fenerbah\u00e7e ile Be\u015fikta\u015f aras\u0131nda oynanan Ziraat T\u00fcrkiye Kupas\u0131 yar\u0131 final r\u00f6van\u015f ma\u00e7\u0131, 57. dakikada \u00e7\u0131kan olaylar nedeniyle tatil edildi.<\/h2>\n<p>Fenerbah\u00e7e ile Be\u015fikta\u015f aras\u0131nda oynanan Ziraat T\u00fcrkiye Kupas\u0131 yar\u0131 final r\u00f6van\u015f ma\u00e7\u0131n\u0131n ikinci yar\u0131s\u0131nda ya\u015fanan olaylar sonunda \u00f6nce siyah-beyazl\u0131 futbolcular ard\u0131ndan da kar\u015f\u0131la\u015fman\u0131n hakemleri soyunma odas\u0131na gitti.<\/p>\n<figure id=\"attachment_264411\" aria-describedby=\"caption-attachment-264411\" style=\"width: 864px\" class=\"wp-caption alignnone\"><img loading=\"lazy\" decoding=\"async\" class=\"size-full wp-image-264411\" src=\"http:\/\/www.nationalturk.com\/tr\/wp-content\/uploads\/2018\/04\/senol-gunes-derbi.jpg\" alt=\"\u015eenol G\u00fcne\u015f sedye ile hastaneye g\u00f6t\u00fcr\u00fcld\u00fc olayl\u0131 derbi tatil edildi \" width=\"864\" height=\"619\" title=\"\" srcset=\"https:\/\/www.nationalturk.com\/tr\/wp-content\/uploads\/2018\/04\/senol-gunes-derbi.jpg 864w, https:\/\/www.nationalturk.com\/tr\/wp-content\/uploads\/2018\/04\/senol-gunes-derbi-698x500.jpg 698w\" sizes=\"auto, (max-width: 864px) 100vw, 864px\" \/><figcaption id=\"caption-attachment-264411\" class=\"wp-caption-text\">Be\u015fikta\u015f Teknik Direkt\u00f6r\u00fc \u015eenol G\u00fcne\u015f&#8217;in ba\u015f\u0131na bir cisim isabet etti<\/figcaption><\/figure>\n<p>Olaylardan yakla\u015f\u0131k yar\u0131m saat sonra ma\u00e7\u0131n hakemler taraf\u0131ndan tatil edildi\u011fi a\u00e7\u0131kland\u0131. Ma\u00e7 hakk\u0131ndaki nihai karar\u0131 T\u00fcrkiye Futbol Federasyonu verecek.<\/p>\n<h3>\u015eenol G\u00fcne\u015f hastaneye kald\u0131r\u0131ld\u0131<\/h3>\n<p>\u00dclker Stad\u0131&#8217;ndaki ma\u00e7 0-0 devam ederken, 57. dakikada Be\u015fikta\u015f yedek kul\u00fcbesiyle Fenerbah\u00e7eli taraftarlar aras\u0131nda tart\u0131\u015fma \u00e7\u0131kt\u0131. Be\u015fikta\u015fl\u0131 Tolga Zengin&#8217;le taraftarlar aras\u0131nda \u00e7\u0131kan hararetli tart\u0131\u015fma s\u0131ras\u0131nda Be\u015fikta\u015f Teknik Direkt\u00f6r\u00fc \u015eenol G\u00fcne\u015f&#8217;in ba\u015f\u0131na bir cisim isabet etti.<\/p>\n<figure id=\"attachment_264410\" aria-describedby=\"caption-attachment-264410\" style=\"width: 864px\" class=\"wp-caption alignnone\"><img loading=\"lazy\" decoding=\"async\" class=\"wp-image-264410 size-full\" src=\"http:\/\/www.nationalturk.com\/tr\/wp-content\/uploads\/2018\/04\/senol-gunes-besiktas.jpg\" alt=\"\u015eenol G\u00fcne\u015f sedye ile hastaneye g\u00f6t\u00fcr\u00fcld\u00fc olayl\u0131 derbi tatil edildi \" width=\"864\" height=\"585\" title=\"\" srcset=\"https:\/\/www.nationalturk.com\/tr\/wp-content\/uploads\/2018\/04\/senol-gunes-besiktas.jpg 864w, https:\/\/www.nationalturk.com\/tr\/wp-content\/uploads\/2018\/04\/senol-gunes-besiktas-738x500.jpg 738w\" sizes=\"auto, (max-width: 864px) 100vw, 864px\" \/><figcaption id=\"caption-attachment-264410\" class=\"wp-caption-text\">\u015eenol G\u00fcne\u015f ambulans ile hastaneye g\u00f6t\u00fcr\u00fcld\u00fc<\/figcaption><\/figure>\n<p>Ya\u015fanan olaylar\u0131n ard\u0131ndan soyunma odas\u0131na giden ve ba\u015f\u0131na diki\u015f at\u0131lan G\u00fcne\u015f, hastaneye kald\u0131r\u0131ld\u0131. Kul\u00fcbenin \u00f6n\u00fcnde ba\u015f\u0131na yabanc\u0131 madde gelen G\u00fcne\u015f&#8217;in soyunma odas\u0131 giri\u015finde bir kez daha yerde kald\u0131\u011f\u0131 bildirildi.<\/p>\n<!-- Error, Advert is not available at this time due to schedule\/geolocation restrictions! -->\n<p>Ba\u015f\u0131na 5 diki\u015f at\u0131lan G\u00fcne\u015f&#8217;in hastaneye kald\u0131r\u0131ld\u0131\u011f\u0131 a\u00e7\u0131kland\u0131. Di\u011fer yandan soyunma odas\u0131 koridorlar\u0131nda da b\u00fcy\u00fck karga\u015fa ya\u015fand\u0131.<\/p>\n<figure id=\"attachment_264412\" aria-describedby=\"caption-attachment-264412\" style=\"width: 756px\" class=\"wp-caption alignnone\"><img loading=\"lazy\" decoding=\"async\" class=\"wp-image-264412 size-large\" src=\"http:\/\/www.nationalturk.com\/tr\/wp-content\/uploads\/2018\/04\/senol-gunes-kafasi-yarildi-756x768.jpg\" alt=\"\u015eenol G\u00fcne\u015f sedye ile hastaneye g\u00f6t\u00fcr\u00fcld\u00fc olayl\u0131 derbi tatil edildi \" width=\"756\" height=\"768\" title=\"\" srcset=\"https:\/\/www.nationalturk.com\/tr\/wp-content\/uploads\/2018\/04\/senol-gunes-kafasi-yarildi-756x768.jpg 756w, https:\/\/www.nationalturk.com\/tr\/wp-content\/uploads\/2018\/04\/senol-gunes-kafasi-yarildi-492x500.jpg 492w, https:\/\/www.nationalturk.com\/tr\/wp-content\/uploads\/2018\/04\/senol-gunes-kafasi-yarildi.jpg 864w\" sizes=\"auto, (max-width: 756px) 100vw, 756px\" \/><figcaption id=\"caption-attachment-264412\" class=\"wp-caption-text\">\u015eenol G\u00fcne\u015f&#8217;in kafas\u0131na 5 diki\u015f at\u0131ld\u0131<\/figcaption><\/figure>\n<h4>Yabanc\u0131 maddeler ilk yar\u0131y\u0131 da durdurdu<\/h4>\n<p>Kar\u015f\u0131la\u015fman\u0131n ilk yar\u0131s\u0131nda Fenerbah\u00e7eli taraftarlar\u0131n sahaya att\u0131\u011f\u0131 yabanc\u0131 maddeler nedeniyle de ma\u00e7 yakla\u015f\u0131k 5 dakika durdu.<\/p>\n<!-- Error, Advert is not available at this time due to schedule\/geolocation restrictions! -->\n<p>&nbsp;<\/p>\n","protected":false},"excerpt":{"rendered":"<p>Fenerbah\u00e7e ile Be\u015fikta\u015f aras\u0131nda oynanan Ziraat T\u00fcrkiye Kupas\u0131 yar\u0131 final r\u00f6van\u015f ma\u00e7\u0131, 57. dakikada \u00e7\u0131kan olaylar nedeniyle tatil edildi.<\/p>\n","protected":false},"author":3,"featured_media":264409,"comment_status":"open","ping_status":"open","sticky":false,"template":"","format":"standard","meta":{"_acf_changed":false,"footnotes":""},"categories":[6774,6155,5005,349],"tags":[1748,20824,849,9735],"class_list":["post-264408","post","type-post","status-publish","format-standard","has-post-thumbnail","hentry","category-futbol","category-gundem","category-manset","category-son-dakika","tag-besiktas","tag-derbi","tag-fenerbahce","tag-senol-gunes"],"acf":[],"_links":{"self":[{"href":"https:\/\/www.nationalturk.com\/tr\/wp-json\/wp\/v2\/posts\/264408","targetHints":{"allow":["GET"]}}],"collection":[{"href":"https:\/\/www.nationalturk.com\/tr\/wp-json\/wp\/v2\/posts"}],"about":[{"href":"https:\/\/www.nationalturk.com\/tr\/wp-json\/wp\/v2\/types\/post"}],"author":[{"embeddable":true,"href":"https:\/\/www.nationalturk.com\/tr\/wp-json\/wp\/v2\/users\/3"}],"replies":[{"embeddable":true,"href":"https:\/\/www.nationalturk.com\/tr\/wp-json\/wp\/v2\/comments?post=264408"}],"version-history":[{"count":0,"href":"https:\/\/www.nationalturk.com\/tr\/wp-json\/wp\/v2\/posts\/264408\/revisions"}],"wp:featuredmedia":[{"embeddable":true,"href":"https:\/\/www.nationalturk.com\/tr\/wp-json\/wp\/v2\/media\/264409"}],"wp:attachment":[{"href":"https:\/\/www.nationalturk.com\/tr\/wp-json\/wp\/v2\/media?parent=264408"}],"wp:term":[{"taxonomy":"category","embeddable":true,"href":"https:\/\/www.nationalturk.com\/tr\/wp-json\/wp\/v2\/categories?post=264408"},{"taxonomy":"post_tag","embeddable":true,"href":"https:\/\/www.nationalturk.com\/tr\/wp-json\/wp\/v2\/tags?post=264408"}],"curies":[{"name":"wp","href":"https:\/\/api.w.org\/{rel}","templated":true}]}}