{"id":264435,"date":"2018-04-20T13:56:10","date_gmt":"2018-04-20T10:56:10","guid":{"rendered":"http:\/\/www.nationalturk.com\/?p=264435"},"modified":"2018-04-20T13:56:10","modified_gmt":"2018-04-20T10:56:10","slug":"senol-gunesi-yaralayan-taraftarin-ilk-ifadesi-ortaya-cikti","status":"publish","type":"post","link":"https:\/\/www.nationalturk.com\/tr\/senol-gunesi-yaralayan-taraftarin-ilk-ifadesi-ortaya-cikti\/","title":{"rendered":"\u015eenol G\u00fcne\u015f&#8217;i yaralayan taraftar\u0131n ilk ifadesi ortaya \u00e7\u0131kt\u0131"},"content":{"rendered":"<h2>Olayl\u0131 Fenerbah\u00e7e Be\u015fikta\u015f ma\u00e7\u0131nda siyah beyazl\u0131lar\u0131n teknik direkt\u00f6r\u00fc \u015eenol G\u00fcne\u015f&#8217;in yaralanmas\u0131na neden olan cismi atan Fenerbah\u00e7e taraftar\u0131 S.D.&#8217;nin ilk ifadesi \u00f6\u011frenildi.<\/h2>\n<p>Derbide Be\u015fikta\u015f Teknik Direkt\u00f6r\u00fc \u015eenol G\u00fcne\u015f&#8217;in yaralanmas\u0131yla ilgili g\u00f6zalt\u0131na al\u0131nan S.D.&#8217;nin \u0130stanbul Emniyet M\u00fcd\u00fcrl\u00fc\u011f\u00fcne ba\u011fl\u0131 Spor G\u00fcvenli\u011fi \u015eube M\u00fcd\u00fcrl\u00fc\u011f\u00fc&#8217;ndeki i\u015flemleri s\u00fcr\u00fcyor.<\/p>\n<p>S.D&#8217;nin ilk ifadesinde &#8220;Kaleci bize k\u00fcf\u00fcr edince ortal\u0131k gerildi. Ben de elimdeki \u00e7akma\u011f\u0131 att\u0131m, yaralamak istemedim. Ona gelece\u011fini tahmin etmedim&#8221; dedi\u011fi \u00f6\u011frenildi.<\/p>\n<p>S.D.&#8217;nin tehdit ve \u00e7e\u015fitli su\u00e7lardan sab\u0131kas\u0131n\u0131n oldu\u011fu belirtildi. <\/p>\n<!-- Error, Advert is not available at this time due to schedule\/geolocation restrictions! -->\n","protected":false},"excerpt":{"rendered":"<p>Olayl\u0131 Fenerbah\u00e7e Be\u015fikta\u015f ma\u00e7\u0131nda siyah beyazl\u0131lar\u0131n teknik direkt\u00f6r\u00fc \u015eenol G\u00fcne\u015f&#8217;in yaralanmas\u0131na neden olan cismi atan Fenerbah\u00e7e taraftar\u0131 S.D.&#8217;nin ilk ifadesi \u00f6\u011frenildi. Derbide Be\u015fikta\u015f Teknik Direkt\u00f6r\u00fc \u015eenol G\u00fcne\u015f&#8217;in yaralanmas\u0131yla ilgili g\u00f6zalt\u0131na al\u0131nan S.D.&#8217;nin \u0130stanbul Emniyet M\u00fcd\u00fcrl\u00fc\u011f\u00fcne ba\u011fl\u0131 Spor G\u00fcvenli\u011fi \u015eube M\u00fcd\u00fcrl\u00fc\u011f\u00fc&#8217;ndeki i\u015flemleri s\u00fcr\u00fcyor. S.D&#8217;nin ilk ifadesinde &#8220;Kaleci bize k\u00fcf\u00fcr edince ortal\u0131k gerildi. Ben de elimdeki \u00e7akma\u011f\u0131 &hellip;<\/p>\n","protected":false},"author":4,"featured_media":264436,"comment_status":"open","ping_status":"open","sticky":false,"template":"","format":"standard","meta":{"_acf_changed":false,"footnotes":""},"categories":[6774,6155,5005,349,6194],"tags":[1748,9303,849,9735],"class_list":["post-264435","post","type-post","status-publish","format-standard","has-post-thumbnail","hentry","category-futbol","category-gundem","category-manset","category-son-dakika","category-spor","tag-besiktas","tag-besiktas-fenerbahce","tag-fenerbahce","tag-senol-gunes"],"acf":[],"_links":{"self":[{"href":"https:\/\/www.nationalturk.com\/tr\/wp-json\/wp\/v2\/posts\/264435","targetHints":{"allow":["GET"]}}],"collection":[{"href":"https:\/\/www.nationalturk.com\/tr\/wp-json\/wp\/v2\/posts"}],"about":[{"href":"https:\/\/www.nationalturk.com\/tr\/wp-json\/wp\/v2\/types\/post"}],"author":[{"embeddable":true,"href":"https:\/\/www.nationalturk.com\/tr\/wp-json\/wp\/v2\/users\/4"}],"replies":[{"embeddable":true,"href":"https:\/\/www.nationalturk.com\/tr\/wp-json\/wp\/v2\/comments?post=264435"}],"version-history":[{"count":0,"href":"https:\/\/www.nationalturk.com\/tr\/wp-json\/wp\/v2\/posts\/264435\/revisions"}],"wp:featuredmedia":[{"embeddable":true,"href":"https:\/\/www.nationalturk.com\/tr\/wp-json\/wp\/v2\/media\/264436"}],"wp:attachment":[{"href":"https:\/\/www.nationalturk.com\/tr\/wp-json\/wp\/v2\/media?parent=264435"}],"wp:term":[{"taxonomy":"category","embeddable":true,"href":"https:\/\/www.nationalturk.com\/tr\/wp-json\/wp\/v2\/categories?post=264435"},{"taxonomy":"post_tag","embeddable":true,"href":"https:\/\/www.nationalturk.com\/tr\/wp-json\/wp\/v2\/tags?post=264435"}],"curies":[{"name":"wp","href":"https:\/\/api.w.org\/{rel}","templated":true}]}}