{"id":264569,"date":"2018-04-24T17:50:46","date_gmt":"2018-04-24T14:50:46","guid":{"rendered":"http:\/\/www.nationalturk.com\/?p=264569"},"modified":"2018-04-24T17:50:46","modified_gmt":"2018-04-24T14:50:46","slug":"aziz-yildirim-senol-gunes-tiyatro-yapti","status":"publish","type":"post","link":"https:\/\/www.nationalturk.com\/tr\/aziz-yildirim-senol-gunes-tiyatro-yapti\/","title":{"rendered":"Aziz Y\u0131ld\u0131r\u0131m: \u015eenol G\u00fcne\u015f tiyatro yapt\u0131"},"content":{"rendered":"<h2>Fenerbah\u00e7e Kul\u00fcb\u00fc Ba\u015fkan\u0131 Aziz Y\u0131ld\u0131r\u0131m ve y\u00f6netim kurulu \u00fcyeleri \u00dclker Stad\u0131&#8217;nda tatil edilen derbiyle ilgili bas\u0131n toplant\u0131s\u0131 d\u00fczenledi.<\/h2>\n<p>Aziz Y\u0131ld\u0131r\u0131m, 1995-1996 y\u0131l\u0131nda Trabzonspor ile T\u00fcrkiye Kupas\u0131&#8217;nda oynad\u0131klar\u0131 kar\u015f\u0131la\u015fmay\u0131 hat\u0131rlatarak \u015f\u00f6yle konu\u015ftu:<\/p>\n<p>&#8220;1995-1996 y\u0131l\u0131nda Trabzon&#8217;da Otto Baric&#8217;in s\u0131rt\u0131na bir ta\u015f geldi ve orada yere d\u00fc\u015ft\u00fc. Sonras\u0131nda Fenerbah\u00e7e tak\u0131m\u0131 sahadan ayr\u0131ld\u0131, soyunma odas\u0131na gitti ve o g\u00fcn Haluk Ulusoy, &#8220;Magnumla m\u0131 vuruldu, d\u00fc\u015ft\u00fc&#8221; dedi. O g\u00fcn Fenerbah\u00e7e h\u00fckmen ma\u011flup edildi, 2 y\u0131l ceza ald\u0131, sonradan bu cezas\u0131 1 y\u0131l T\u00fcrkiye Kupalar\u0131na kat\u0131lmamaya d\u00fc\u015ft\u00fc. Sonras\u0131nda ben geldim, Fenerbah\u00e7e cezas\u0131n\u0131 \u00e7ekti ve ard\u0131ndan kupada yeniden oynamaya ba\u015flad\u0131k. Masada al\u0131nan skora de\u011fil, sahada oynanarak al\u0131nan sonuca sayg\u0131l\u0131y\u0131z. Hocam\u0131z ve arkada\u015flar\u0131m\u0131z, yar\u0131m kalan ma\u00e7\u0131n o noktadan sonradan oynanmas\u0131n\u0131 onlar arzu ediyorlar, ben ise ma\u00e7\u0131n kurallar gere\u011fi Fenerbah\u00e7e&#8217;nin h\u00fckmen lehine tescil edilmesi gerekti\u011fini s\u00f6yl\u00fcyorum.&#8221;<\/p>\n<p>Otto Baric&#8217;e o g\u00fcn T\u00fcrk medyas\u0131n\u0131n a\u011f\u0131r hakaretlerde bulundu\u011funu aktaran Aziz Y\u0131ld\u0131r\u0131m, &#8220;\u015eenol G\u00fcne\u015f&#8217;le ilgili, Otto Baric&#8217;e o g\u00fcn T\u00fcrk medyas\u0131 her t\u00fcrl\u00fc hakareti, su\u00e7lamay\u0131 yapt\u0131, Be\u015fikta\u015f ma\u00e7\u0131ndan sonra da baz\u0131 bas\u0131n organlar\u0131nda \u015eenol G\u00fcne\u015f&#8217;in yapt\u0131\u011f\u0131n\u0131n yanl\u0131\u015f oldu\u011fu y\u00f6n\u00fcnde haberler \u00e7\u0131kt\u0131, bunun \u00fczerine \u015eenol G\u00fcne\u015f, yand\u0131m Allah der gibi televizyonlara a\u00e7\u0131klamalarda bulundu. \u015eenol G\u00fcne\u015f&#8217;e oldu\u011fu zaman hi\u00e7bir \u015fey olmayacak ama Fenerbah\u00e7e ile ilgili bir \u015fey oldu\u011funda her t\u00fcrl\u00fc konu\u015fmay\u0131 herkes yapabilir ve s\u00f6yleyebilir. Per\u015fembe g\u00fcn\u00fc burada Say\u0131n \u015eenol G\u00fcne\u015f tiyatro oynam\u0131\u015ft\u0131r. Ondan beklenen \u015eenol G\u00fcne\u015f gibi filozof\u00e7a konu\u015fan, e\u011fitimci bir insan\u0131n bu davran\u0131\u015f\u0131n d\u0131\u015f\u0131nda o ma\u00e7\u0131n oynanmas\u0131 i\u00e7in gerekli olan davran\u0131\u015f\u0131 g\u00f6stermesini hem isterdik hem beklerdik. O davran\u0131\u015f\u0131 yapt\u0131ktan sonra istedi\u011fi gibi konu\u015fabilirdi ve hakl\u0131 olurdu. Ama siz tiyatroyu yapacaks\u0131n\u0131z kafan\u0131za diki\u015f at\u0131lmadan diki\u015f at\u0131ld\u0131\u011f\u0131 pozisyonlar\u0131na gireceksiniz, hastanelere gideceksiniz. Kanama var, kanama yok tart\u0131\u015fmalar\u0131na gerek yoktu.&#8221; ifadelerini kulland\u0131.<\/p>\n<p>Be\u015fikta\u015fl\u0131 oyuncular\u0131n kar\u015f\u0131la\u015fman\u0131n ikinci yar\u0131s\u0131na provokasyon niyetiyle \u00e7\u0131kt\u0131\u011f\u0131n\u0131 iddia eden Fenerbah\u00e7e Kul\u00fcb\u00fc Ba\u015fkan\u0131, \u015funlar\u0131 kaydetti:<\/p>\n<p>&#8220;Be\u015fikta\u015f, ikinci yar\u0131da oyuncular\u0131yla Fenerbah\u00e7e&#8217;yi provoke etmeye \u00e7al\u0131\u015fm\u0131\u015ft\u0131r. G\u00f6r\u00fcnt\u00fcleri g\u00f6rd\u00fck, Tolga Trabzonlu, \u015eenol G\u00fcne\u015f Trabzonlu, Mustafa Pektemek Trabzonlu. Trabzonlular 1995-1996 ve 2010-2011 y\u0131llar\u0131ndaki \u015fampiyon olamalar\u0131n\u0131n ac\u0131s\u0131n\u0131 her platformda Fenerbah\u00e7e&#8217;den \u00e7\u0131karmaya \u00e7al\u0131\u015f\u0131yorlar. Bu yanl\u0131\u015ft\u0131r. Trabzon&#8217;la Fenerbah\u00e7e&#8217;nin aras\u0131ndan bunlar \u00e7ekilmelidir, iki dost kul\u00fcb\u00fc d\u00fc\u015fman etmek i\u00e7in her g\u00fcn yeni bir \u00e7al\u0131\u015fma yap\u0131yorlar. \u015eenol G\u00fcne\u015f Bursa&#8217;dan ba\u011f\u0131r\u0131yor, burada havalar temiz diyor, Be\u015fikta\u015f kul\u00fcb\u00fcne gidiyor. Fenerbah\u00e7e neyse Be\u015fikta\u015f kul\u00fcb\u00fc de odur. T\u00fcm arkada\u015flar\u0131ma i\u00e7erdeyken \u015funu s\u00f6yledim en az sizler kadar temiziz. \u015eenol G\u00fcne\u015f&#8217;in kariyerine sayg\u0131 g\u00f6steriyoruz, o da Fenerbah\u00e7e&#8217;ye sayg\u0131 g\u00f6stermelidir. Be\u015fikta\u015f&#8217;la Fenerbah\u00e7e Stad\u0131&#8217;na geliyor bordo kravat tak\u0131yor, bordo elbise giyiyor. Sen tahrik ediyorsun.&#8221;<\/p>\n<p>Derbi kar\u015f\u0131la\u015fma devam ederken kul\u00fcp idari menajeri Hasan \u00c7etinkaya&#8217;y\u0131 arad\u0131\u011f\u0131n\u0131 a\u00e7\u0131klayan Aziz Y\u0131ld\u0131r\u0131m, &#8220;Hasan \u00c7etinkaya&#8217;ya arad\u0131m, &#8216;Git hakemle konu\u015f, hakem t\u00fcm kredilerini t\u00fcketti, art\u0131k bu noktadan sonra yapaca\u011f\u0131 tek \u015fey kald\u0131, tatil etmek, ma\u00e7\u0131 bu noktaya getirdi.&#8217; dedim. Kendisine s\u00f6yle dirayetli olsun dedim. Hasan bunu iletti, hakemin cevab\u0131, &#8216;Birinin kafas\u0131na bir \u015fey gelirse ma\u00e7\u0131 tatil ederim.&#8217; Sen provokasyon yap\u0131yorsun. Sen kas\u0131tl\u0131 gelmi\u015fsin o zaman. Be\u015fikta\u015f, Galatasaray stad\u0131nda korner k\u00f6\u015felerinden daha fazla \u015feyler at\u0131lm\u0131yor mu? Ne yap\u0131yorsunuz, polisi \u00e7a\u011f\u0131r\u0131p kalkanlar kalk\u0131yor. Neden ben bu haberi g\u00f6nderdi\u011fim halde sen temsilcilere ya da emniyete kenarda durun kornerler rahat at\u0131ls\u0131n demiyorsun. Stat m\u00fcd\u00fcr\u00fcne git emniyetle konu\u015f, sahan\u0131n i\u00e7ine girsinler ve kalkanlar\u0131n\u0131 kald\u0131rs\u0131nlar dedim, onlar da hakem talimat verirse yapar\u0131z diyerek, yapmam\u0131\u015flard\u0131r. Birinin ba\u015f\u0131na bir \u015fey gelirse tatil ederim diyorsun, neden Ertu\u011frul&#8217;un Sivas-Trabzon ma\u00e7\u0131nda kafas\u0131 yar\u0131l\u0131yor kanlar i\u00e7inde neden tatil etmedin.&#8221; \u015feklinde konu\u015ftu. <\/p>\n<p>&#8220;Say\u0131n Cumhurba\u015fkan\u0131&#8217;n\u0131n s\u00f6yledi\u011fi gibi bu olaylarda kumpas var.&#8221; s\u00f6zlerini kullanan Y\u0131ld\u0131r\u0131m, &#8220;Organize \u015fube, spor \u015fube incelemelerine devam ediyor, bitti\u011fi zaman t\u00fcm kamuoyu ayd\u0131nlanacakt\u0131r. Son zamanlarda Passolig&#8217;de bizim ma\u00e7lara girmek i\u00e7in \u00e7ok miktarda Passolig al\u0131nm\u0131\u015ft\u0131r. Kale arkalar\u0131nda 300 yeni biletin oldu\u011fu ve kombine bileti olanlar\u0131n baz\u0131lar\u0131n\u0131n rakip tak\u0131m seyircisine verildi\u011fini g\u00f6rd\u00fck. \u015eenol G\u00fcne\u015f, oyuncunun g\u0131rtla\u011f\u0131n\u0131 s\u0131kar bir \u015fey denmez hakeme k\u00fcf\u00fcr eder bir \u015fey denmez ama filozof gibi davran\u0131r sonra da ben yapmad\u0131m der, herkes do\u011fal kar\u015f\u0131lar. Fenerbah\u00e7e olunca her olayda milat kelimesi ge\u00e7er. Fenerbah\u00e7e&#8217;ye olmazsa kimseye bir \u015fey denmiyor. Denizli ma\u00e7\u0131 16 dakika uzat\u0131ld\u0131, 20 defa ma\u00e7 durdu, \u015fampiyonlu\u011fu ka\u00e7\u0131rd\u0131k. O ma\u00e7 kriterlere, o g\u00fcn ma\u00e7\u0131n durdurulmas\u0131 ve lehimize karar verilmesi gerekmez miydi. Ne yapal\u0131m peki?&#8221; ifadelerine yer verdi.<\/p>\n<p>Kimseyi tehdit etmek gibi bir ama\u00e7lar\u0131 olmad\u0131\u011f\u0131n\u0131 vurgulayan Aziz Y\u0131ld\u0131r\u0131m, \u015f\u00f6yle konu\u015ftu:<\/p>\n<p>&#8220;Her \u015feye sayg\u0131l\u0131y\u0131z, TFF ve kurullar\u0131n\u0131n da bize sayg\u0131 g\u00f6stermek i\u00e7in do\u011fru karar\u0131 vermesini de bekliyoruz. Bizim ba\u015fka iste\u011fimiz yok. Her \u015feyi ilk defa Fenerbah\u00e7e \u00fczerinden denemek bu \u00fclkeye bir \u015fey kazand\u0131rmaz. Bu camia iyice s\u0131k\u0131\u015fm\u0131\u015f vaziyettedir. Bu camian\u0131n iyice s\u0131k\u0131\u015fmas\u0131 hepimizi rahats\u0131z eder. Kur\u015funlanm\u0131\u015f\u0131z, failleri bulunmal\u0131d\u0131r, bulunmazsa bu kanayan yara devam eder. Kumpas devam ediyor, FET\u00d6 \u00f6rg\u00fct\u00fc 24 Haziran se\u00e7imlerinden dolay\u0131, bundan sonra her statta ya da her mahallede yeni olaylar yapabilir. Hepimiz uyan\u0131k olmal\u0131y\u0131z. Burada yap\u0131lmas\u0131 gereken statlarda sahaya bir \u015fey at\u0131lmas\u0131 ve k\u00fcf\u00fcr edilmesi gibi olaylar\u0131n olmamas\u0131 i\u00e7in el birli\u011fi ile \u00e7al\u0131\u015fmal\u0131y\u0131z. Zarar T\u00fcrkiye&#8217;nindir, yaln\u0131zca \u015fah\u0131slar\u0131n de\u011fildir. Bunu bilip buna g\u00f6re davranal\u0131m.&#8221;<\/p>\n<p>Hakemlerin aralar\u0131nda yapt\u0131\u011f\u0131 konu\u015fmalar\u0131n da dinlenmesi gerekti\u011fini anlatan Y\u0131ld\u0131r\u0131m, &#8220;\u0130\u00e7eriye girince ma\u00e7\u0131 tatil etmedi. Ma\u00e7 ne zaman tatil edildi? O baz\u0131 g\u00f6r\u00fc\u015fmeler yapt\u0131, onun i\u00e7in o kay\u0131tlar\u0131n hepsine bak\u0131ls\u0131n, hakemlerin kendi aralar\u0131nda telsizle yapt\u0131\u011f\u0131 konu\u015fmalar dinlensin. Ma\u00e7\u0131n tatil karar\u0131n\u0131, Be\u015fikta\u015fl\u0131 oyuncular i\u00e7eri girdikten sonra tatil etti. Otto Baric olay\u0131nda Fenerbah\u00e7e hangi cezay\u0131 \u00e7ektiyse Be\u015fikta\u015f da ayn\u0131 cezay\u0131 \u00e7ekmelidir. \u015eekip Bey ve Aykut Hoca iyi niyetle, iki kul\u00fcp de y\u00fcz y\u0131ll\u0131k \u00e7\u0131nard\u0131r diyor. Hay\u0131r, kural ne diyor, sahay\u0131 terk eden h\u00fckmen ma\u011flup olur, mesel bitmi\u015ftir. Yok koltuk at\u0131ld\u0131, \u015fu at\u0131ld\u0131, bu at\u0131ld\u0131, koltuk denen \u015fey peruktur, para, \u00e7akmak at\u0131lm\u0131\u015ft\u0131r, su \u015fi\u015fesi girerken at\u0131lm\u0131\u015ft\u0131r, bunun d\u0131\u015f\u0131nda olay\u0131 b\u00fcy\u00fctmek yanl\u0131\u015ft\u0131r. Trabzon&#8217;da otob\u00fcs kur\u015funland\u0131, Cumhuriyet Savc\u0131l\u0131\u011f\u0131&#8217;nda soru\u015fturma devam ediyor. Faili bize g\u00f6re belli. Otob\u00fcs 40 ki\u015fi \u00f6ld\u00fcrmek i\u00e7in kur\u015funlanm\u0131\u015ft\u0131r. T\u00fcrk kamuoyu ayd\u0131nlanmas\u0131 i\u00e7in ne yapm\u0131\u015ft\u0131r, biz u\u011fra\u015f\u0131yoruz ama bas\u0131n neden yazmaz, neden sahiplenmez? Fenerbah\u00e7e olunca kimse k\u0131l\u0131n\u0131 k\u0131p\u0131rdatmaz. &#8221; \u015feklinde konu\u015ftu. <\/p>\n<p>Aziz Y\u0131ld\u0131r\u0131m da t\u00fcm kurallar\u0131n ortada oldu\u011funu hat\u0131rlatarak s\u00f6zlerini \u015f\u00f6yle s\u00fcrd\u00fcrd\u00fc:<\/p>\n<p>&#8220;Her \u015fey ortada. Kurallar ortada. 1,5 senedir konu\u015fuyor muyuz biz? Daha ge\u00e7en hafta G\u00f6ztepe&#8217;yle ma\u00e7lar\u0131 vard\u0131 ve Demba Ba&#8217;y\u0131 transfer edeceklerini s\u00f6ylediler. \u015eekip Bey, Emenike i\u00e7in ceza ald\u0131. Hi\u00e7bir \u015fey ortada yok. Emenike beraat etti, kendisi hapis yatt\u0131. T\u00fcrkiye&#8217;de savc\u0131lar yok mu? Birlikte konu\u015fmak i\u00e7in hepimizin ger\u00e7ek kimli\u011fiyle ortada olmas\u0131 laz\u0131m. Biz kendi ger\u00e7ek kimli\u011fimizile ortaday\u0131z. Onlar de\u011fil Herkes samimi olacak, &#8216;ben&#8217; demeyecek &#8216;biz&#8217; diyecek. O zaman her yerde konu\u015furuz.&#8221; s\u00f6zlerini kulland\u0131.<\/p>\n<p>Y\u0131ld\u0131r\u0131m, \u015eenol G\u00fcne\u015f&#8217;e ge\u00e7mi\u015f olsun dememesi hakk\u0131nda ise, &#8220;Hastaneye giden bir kongre \u00fcyemizle \u015eenol G\u00fcne\u015f&#8217;e ge\u00e7mi\u015f olsun dileklerimizi ilettik. Daha ileri gidip hastaneye gidecektik. Dediler ki &#8216;Gitmeyelim orada, taraftar var.&#8217; Bunun i\u00e7in gitmedik. Onlar Mehmet Topal&#8217;a, Hasan \u00c7etinkaya&#8217;ya ge\u00e7mi\u015f olsun dedi mi? Her \u015feyi bizden bekliyorlar.&#8221; ifadelerine yer verdi.<\/p>\n<p>Y\u0131ld\u0131r\u0131m, kendilerine kar\u015f\u0131 yap\u0131lan olaylarda da her zaman ma\u00e7lar\u0131n devam etmesi i\u00e7in \u00e7aba g\u00f6sterdiklerinin alt\u0131n\u0131 \u00e7izerek, \u015fu s\u00f6zleri kulland\u0131:<\/p>\n<p>&#8220;Y\u0131llar \u00f6nce \u0130stanbul B\u00fcy\u00fck\u015fehir Belediyespor ile Diyarbak\u0131rspor ma\u00e7 yapt\u0131, olaylar \u00e7\u0131kt\u0131. Diyarbak\u0131r&#8217;\u0131n ligden d\u00fc\u015f\u00fcr\u00fclmesi gerekiyordu. O oldu\u011fu zaman puan hesaplar\u0131na g\u00f6re Fenerbah\u00e7e \u015fampiyon olacakt\u0131. Biz memleket davas\u0131 oldu\u011fu i\u00e7in hay\u0131r dedik. Galatasaray-Fenerbah\u00e7e ma\u00e7\u0131 ilk devre, hakeme bir \u015feyler att\u0131lar hakem d\u00fc\u015ft\u00fc. Bizim oyuncular gittiler kald\u0131rd\u0131lar, bizim oyuncular kald\u0131rmasayd\u0131, \u015fu anda 2 puan bize ilave edecektiniz, biz 62 puanda, Galatasaray&#8217;dan da 1 puan silerseniz hepimiz 62 puanda olacakt\u0131k ama biz b\u00f6yle \u015feylere tenezz\u00fcl etmeyiz. Be\u015fikta\u015f ma\u00e7\u0131nda Mehmet Topal&#8217;\u0131n kafas\u0131 yar\u0131ld\u0131, d\u00fc\u015ft\u00fc ama oyuna devam etti. Akl\u0131nda ba\u015fka bir d\u00fc\u015f\u00fcnce olsayd\u0131, ma\u00e7a devam etmezdi. Onun i\u00e7in s\u00f6yl\u00fcyorum \u015eenol G\u00fcne\u015f&#8217;ten bekledi\u011fimiz o da Fenerbah\u00e7e&#8217;ye sayg\u0131 g\u00f6sterme ad\u0131na sahay\u0131 terk etmeyecekti, orada kalacakt\u0131, ma\u00e7\u0131 bitirecekti.&#8221;<\/p>\n<p>Aziz Y\u0131ld\u0131r\u0131m son olarak, Tolga Zengin&#8217;in annesi vefat etti\u011finde Fenerbah\u00e7e trib\u00fcnlerinin sergiledi\u011fi davran\u0131\u015f\u0131 hat\u0131rlatarak, &#8220;Tolga Zengin&#8217;in annesi vefat etti\u011finde bu trib\u00fcnler onun i\u00e7in tezah\u00fcrat yapt\u0131. Onu unutmas\u0131n, Fenerbah\u00e7e trib\u00fcnleri, &#8220;Allah rahmet eylesin&#8221; tezah\u00fcratlar\u0131 yapt\u0131lar. Herkes dua etsin ki o stattaki t\u00fcm seyirciler a\u015fa\u011f\u0131ya inmediler. O tahriklerle o seyirciler a\u015fa\u011f\u0131ya inebilirdi, daha vahim olaylar\u0131 hepimiz ya\u015fard\u0131k.&#8221; de\u011ferlendirmesinde bulundu.<\/p>\n<!-- Error, Advert is not available at this time due to schedule\/geolocation restrictions! -->\n","protected":false},"excerpt":{"rendered":"<p>Fenerbah\u00e7e Kul\u00fcb\u00fc Ba\u015fkan\u0131 Aziz Y\u0131ld\u0131r\u0131m ve y\u00f6netim kurulu \u00fcyeleri \u00dclker Stad\u0131&#8217;nda tatil edilen derbiyle ilgili bas\u0131n toplant\u0131s\u0131 d\u00fczenledi. Aziz Y\u0131ld\u0131r\u0131m, 1995-1996 y\u0131l\u0131nda Trabzonspor ile T\u00fcrkiye Kupas\u0131&#8217;nda oynad\u0131klar\u0131 kar\u015f\u0131la\u015fmay\u0131 hat\u0131rlatarak \u015f\u00f6yle konu\u015ftu: &#8220;1995-1996 y\u0131l\u0131nda Trabzon&#8217;da Otto Baric&#8217;in s\u0131rt\u0131na bir ta\u015f geldi ve orada yere d\u00fc\u015ft\u00fc. Sonras\u0131nda Fenerbah\u00e7e tak\u0131m\u0131 sahadan ayr\u0131ld\u0131, soyunma odas\u0131na gitti ve o g\u00fcn &hellip;<\/p>\n","protected":false},"author":4,"featured_media":264570,"comment_status":"open","ping_status":"open","sticky":false,"template":"","format":"standard","meta":{"_acf_changed":false,"footnotes":""},"categories":[6774,6155,5005,6194],"tags":[5058,1748,849,22351,214408,9735],"class_list":["post-264569","post","type-post","status-publish","format-standard","has-post-thumbnail","hentry","category-futbol","category-gundem","category-manset","category-spor","tag-aziz-yildirim","tag-besiktas","tag-fenerbahce","tag-fenerbahce-besiktas","tag-kumpas","tag-senol-gunes"],"acf":[],"_links":{"self":[{"href":"https:\/\/www.nationalturk.com\/tr\/wp-json\/wp\/v2\/posts\/264569","targetHints":{"allow":["GET"]}}],"collection":[{"href":"https:\/\/www.nationalturk.com\/tr\/wp-json\/wp\/v2\/posts"}],"about":[{"href":"https:\/\/www.nationalturk.com\/tr\/wp-json\/wp\/v2\/types\/post"}],"author":[{"embeddable":true,"href":"https:\/\/www.nationalturk.com\/tr\/wp-json\/wp\/v2\/users\/4"}],"replies":[{"embeddable":true,"href":"https:\/\/www.nationalturk.com\/tr\/wp-json\/wp\/v2\/comments?post=264569"}],"version-history":[{"count":0,"href":"https:\/\/www.nationalturk.com\/tr\/wp-json\/wp\/v2\/posts\/264569\/revisions"}],"wp:featuredmedia":[{"embeddable":true,"href":"https:\/\/www.nationalturk.com\/tr\/wp-json\/wp\/v2\/media\/264570"}],"wp:attachment":[{"href":"https:\/\/www.nationalturk.com\/tr\/wp-json\/wp\/v2\/media?parent=264569"}],"wp:term":[{"taxonomy":"category","embeddable":true,"href":"https:\/\/www.nationalturk.com\/tr\/wp-json\/wp\/v2\/categories?post=264569"},{"taxonomy":"post_tag","embeddable":true,"href":"https:\/\/www.nationalturk.com\/tr\/wp-json\/wp\/v2\/tags?post=264569"}],"curies":[{"name":"wp","href":"https:\/\/api.w.org\/{rel}","templated":true}]}}