{"id":264633,"date":"2018-04-26T13:34:35","date_gmt":"2018-04-26T10:34:35","guid":{"rendered":"http:\/\/www.nationalturk.com\/?p=264633"},"modified":"2024-02-06T15:38:25","modified_gmt":"2024-02-06T12:38:25","slug":"super-ligde-sike-iddiasi-etooya-agir-ithamlar","status":"publish","type":"post","link":"https:\/\/www.nationalturk.com\/tr\/super-ligde-sike-iddiasi-etooya-agir-ithamlar\/","title":{"rendered":"S\u00fcper Lig&#8217;de \u015fike iddias\u0131! Eto&#8217;o&#8217;ya a\u011f\u0131r ithamlar"},"content":{"rendered":"<h2>Bu sezonun devre aras\u0131nda Antalyaspor\u2019dan Konyaspor\u2019a transfer olan \u00fcnl\u00fc golc\u00fc Samuel Eto\u2019o ile ilgili olarak \u015fok bir iddia ortaya at\u0131ld\u0131.<\/h2>\n<p>K\u00fcme d\u00fc\u015fme potas\u0131n\u0131 yak\u0131ndan ilgilendiren ma\u00e7ta Pazar g\u00fcn\u00fc Konyaspor\u2019u a\u011f\u0131rlayacak Antalyaspor\u2019da Asba\u015fkan \u015eefik \u00d6z Koza TV\u2019de ekranlara gelen Kale \u00c7izgisi program\u0131nda Koray Ge\u00e7gel\u2019e \u015fike iddias\u0131 i\u00e7eren a\u00e7\u0131klamalar yapt\u0131.<\/p>\n<p>Eto\u2019o\u2019nun Antalyaspor\u2019la sezon sonunda s\u00f6zle\u015fmesi bitecek baz\u0131 futbolcular\u0131 arayarak Konyaspor\u2019a transfer olabileceklerini s\u00f6yledi\u011fi y\u00f6n\u00fcnde dedikodular dola\u015ft\u0131\u011f\u0131n\u0131 ifade eden \u015eefik \u00d6z, \u201cSamuel Eto\u2019o\u2019nun eski tak\u0131m arkada\u015flar\u0131n\u0131 arayarak ak\u0131llar\u0131n\u0131 \u00e7eldi\u011fine inanmak istemiyoruz ama b\u00f6yle bir dedikodu dola\u015f\u0131yor. Bu konuyla ilgili bug\u00fcn 50&#8217;ye yak\u0131n telefon geldi. Konyaspor y\u00f6netimi de b\u00f6yle bir ma\u00e7tan \u00f6nce b\u00f6yle \u015feyler olsun istemez. Bu durumu baz\u0131 menajerler manip\u00fcle edebilir, ancak Eto&#8217;o&#8217;ya b\u00f6yle bir \u015fey yak\u0131\u015fmaz\u201d diye belirtti.<\/p>\n<p>\u00d6z, \u201cHangi futbolcular\u0131 arad\u0131\u011f\u0131yla ilgili bilgimiz yok, bu durumu futbolcular\u0131m\u0131za da sormayaca\u011f\u0131z. B\u00f6yle bir telefon gelmi\u015fse dahi futbolcular\u0131m\u0131z gereken yan\u0131t\u0131 vermi\u015ftir\u201d dedi.<\/p>\n<!-- Error, Advert is not available at this time due to schedule\/geolocation restrictions! -->\n","protected":false},"excerpt":{"rendered":"<p>Bu sezonun devre aras\u0131nda Antalyaspor\u2019dan Konyaspor\u2019a transfer olan \u00fcnl\u00fc golc\u00fc Samuel Eto\u2019o ile ilgili olarak \u015fok bir iddia ortaya at\u0131ld\u0131. K\u00fcme d\u00fc\u015fme potas\u0131n\u0131 yak\u0131ndan ilgilendiren ma\u00e7ta Pazar g\u00fcn\u00fc Konyaspor\u2019u a\u011f\u0131rlayacak Antalyaspor\u2019da Asba\u015fkan \u015eefik \u00d6z Koza TV\u2019de ekranlara gelen Kale \u00c7izgisi program\u0131nda Koray Ge\u00e7gel\u2019e \u015fike iddias\u0131 i\u00e7eren a\u00e7\u0131klamalar yapt\u0131. Eto\u2019o\u2019nun Antalyaspor\u2019la sezon sonunda s\u00f6zle\u015fmesi bitecek baz\u0131 &hellip;<\/p>\n","protected":false},"author":4,"featured_media":264634,"comment_status":"open","ping_status":"open","sticky":false,"template":"","format":"standard","meta":{"_acf_changed":false,"footnotes":""},"categories":[6774,6155,5005,220906,6194],"tags":[7633,8574,22235,21483,19062],"class_list":["post-264633","post","type-post","status-publish","format-standard","has-post-thumbnail","hentry","category-futbol","category-gundem","category-manset","category-sikeli-maclar","category-spor","tag-antalyaspor","tag-konyaspor","tag-samuel-etoo","tag-sike","tag-sike-operasyonu"],"acf":[],"_links":{"self":[{"href":"https:\/\/www.nationalturk.com\/tr\/wp-json\/wp\/v2\/posts\/264633","targetHints":{"allow":["GET"]}}],"collection":[{"href":"https:\/\/www.nationalturk.com\/tr\/wp-json\/wp\/v2\/posts"}],"about":[{"href":"https:\/\/www.nationalturk.com\/tr\/wp-json\/wp\/v2\/types\/post"}],"author":[{"embeddable":true,"href":"https:\/\/www.nationalturk.com\/tr\/wp-json\/wp\/v2\/users\/4"}],"replies":[{"embeddable":true,"href":"https:\/\/www.nationalturk.com\/tr\/wp-json\/wp\/v2\/comments?post=264633"}],"version-history":[{"count":0,"href":"https:\/\/www.nationalturk.com\/tr\/wp-json\/wp\/v2\/posts\/264633\/revisions"}],"wp:featuredmedia":[{"embeddable":true,"href":"https:\/\/www.nationalturk.com\/tr\/wp-json\/wp\/v2\/media\/264634"}],"wp:attachment":[{"href":"https:\/\/www.nationalturk.com\/tr\/wp-json\/wp\/v2\/media?parent=264633"}],"wp:term":[{"taxonomy":"category","embeddable":true,"href":"https:\/\/www.nationalturk.com\/tr\/wp-json\/wp\/v2\/categories?post=264633"},{"taxonomy":"post_tag","embeddable":true,"href":"https:\/\/www.nationalturk.com\/tr\/wp-json\/wp\/v2\/tags?post=264633"}],"curies":[{"name":"wp","href":"https:\/\/api.w.org\/{rel}","templated":true}]}}