{"id":264640,"date":"2018-04-26T14:27:41","date_gmt":"2018-04-26T11:27:41","guid":{"rendered":"http:\/\/www.nationalturk.com\/?p=264640"},"modified":"2018-04-26T14:27:41","modified_gmt":"2018-04-26T11:27:41","slug":"kim-jong-undan-tarihi-adim","status":"publish","type":"post","link":"https:\/\/www.nationalturk.com\/tr\/kim-jong-undan-tarihi-adim\/","title":{"rendered":"Kim Jong-un&#8217;dan tarihi ad\u0131m!"},"content":{"rendered":"<h2>Kuzey Kore lideri Kim Jong-un, G\u00fcney Kore Devlet Ba\u015fkan\u0131 Moon Jae-in ile yapaca\u011f\u0131 tarihi liderler bulu\u015fmas\u0131 i\u00e7in iki \u00fclke aras\u0131ndaki ate\u015fkes s\u0131n\u0131r\u0131ndan G\u00fcney&#8217;e y\u00fcr\u00fcyerek ge\u00e7ecek.<\/h2>\n<p>G\u00fcney Kore haber ajans\u0131 Yonhap&#8217;ta yer alan habere g\u00f6re, G\u00fcney Kore Devlet Ba\u015fkanl\u0131\u011f\u0131 Genel Sekreteri Im Jong-seok, Kim ile Moon aras\u0131ndaki zirve program\u0131n\u0131n detaylar\u0131n\u0131 bas\u0131n toplant\u0131s\u0131yla kamuoyuna duyurdu.<\/p>\n<p>Zirve program\u0131n\u0131n, iki \u00fclke lideri aras\u0131ndaki ki\u015fisel ba\u011flar\u0131 geli\u015ftirmeye y\u00f6nelik etkinliklere ve n\u00fckleer silahs\u0131zlanma g\u00fcndemine odaklanaca\u011f\u0131n\u0131 ifade eden Im, Moon ve Kim&#8217;in tarihi zirve i\u00e7in iki \u00fclke aras\u0131ndaki Panmunjom ate\u015fkes k\u00f6y\u00fcnde saat 09.30&#8217;da bir araya gelece\u011fini a\u00e7\u0131klad\u0131.<\/p>\n<p>G\u00fcney&#8217;e ad\u0131m atacak ilk lider<br \/>\nIm, Kim&#8217;in Panmunjom&#8217;daki ate\u015fkes hududundan y\u00fcr\u00fcyerek G\u00fcney&#8217;e ge\u00e7ece\u011fini ve b\u00f6ylece 1950-1953 y\u0131llar\u0131ndaki Kore Sava\u015f\u0131&#8217;ndan bu yana G\u00fcney Kore topraklar\u0131na ayak basan ilk Kuzey Kore lideri olaca\u011f\u0131n\u0131 belirtti.<\/p>\n<p>\u0130ki liderin s\u0131n\u0131r \u00e7izgisinde bulu\u015ftuktan sonra zirvenin yap\u0131laca\u011f\u0131 ate\u015fkes k\u00f6y\u00fcn\u00fcn G\u00fcney Kore&#8217;ye ait k\u0131sm\u0131nda bulunan Bar\u0131\u015f Evi&#8217;ne kadar birlikte k\u0131sa bir y\u00fcr\u00fcy\u00fc\u015f yapaca\u011f\u0131n\u0131, burada Kim&#8217;i G\u00fcney Kore askerlerinden olu\u015fan t\u00f6ren mangas\u0131n\u0131n kar\u015f\u0131layaca\u011f\u0131n\u0131 ifade eden Im, Kim&#8217;in \u015feref k\u0131tas\u0131n\u0131 selamlayan ilk Kuzey Kore lideri olaca\u011f\u0131n\u0131n alt\u0131n\u0131 \u00e7izdi.<\/p>\n<p>Liderlerin Bar\u0131\u015f Evi&#8217;ndeki k\u0131sa bir sohbetin ard\u0131ndan saat 10.30&#8217;da resmi g\u00f6r\u00fc\u015fmelere ba\u015flayaca\u011f\u0131 kaydedildi.<\/p>\n<p>Bar\u0131\u015f a\u011fac\u0131<br \/>\nG\u00f6r\u00fc\u015fmenin ard\u0131ndan ayr\u0131 ayr\u0131 \u00f6\u011fle yeme\u011fi yiyecek olan taraflar, \u00f6\u011fle aras\u0131ndan sonra tekrar bir araya gelerek birlikte a\u011fa\u00e7 dikecek. \u0130ki \u00fclkeden getirilen topraklar\u0131n serpilece\u011fi \u00e7am fidan\u0131n dikilece\u011fi yerin yan\u0131na &#8220;Buraya bar\u0131\u015f\u0131 ve refah\u0131 ekiyoruz&#8221; yaz\u0131l\u0131 bir an\u0131t ta\u015f\u0131 konulacak.<\/p>\n<p>\u0130ki \u00fclke liderleri bir g\u00fcnl\u00fck zirvenin sonucunu ortak bas\u0131n toplant\u0131s\u0131yla duyurmadan \u00f6nce birlikte k\u0131sa bir y\u00fcr\u00fcy\u00fc\u015f yap\u0131p sohbet edecekler. Zirve Moon&#8217;un ev sahipli\u011finde yap\u0131lacak ak\u015fam yeme\u011fiyle sona erecek.<\/p>\n<p>Genel Sekreter Im, liderlerin e\u015flerinin zirveye kat\u0131l\u0131p kat\u0131lmayaca\u011f\u0131na hen\u00fcz karar verilmedi\u011fini s\u00f6yledi.<\/p>\n<p>Kim-Moon zirvesi s\u0131n\u0131r\u0131n G\u00fcney Kore taraf\u0131nda yap\u0131lan ilk bulu\u015fma olacak. 2000 ve 2007 y\u0131llar\u0131nda d\u00fczenlenen \u00f6nceki iki liderler zirvesi Kuzey Kore&#8217;nin ba\u015fkenti Pyongyang&#8217;da yap\u0131lm\u0131\u015ft\u0131.<\/p>\n<p>Kim&#8217;in, Moon ile bulu\u015fmas\u0131n\u0131n ard\u0131ndan ABD Ba\u015fkan\u0131 Donald Trump ile de g\u00f6r\u00fc\u015fme ger\u00e7ekle\u015ftirmesi planlan\u0131yor.<\/p>\n<!-- Error, Advert is not available at this time due to schedule\/geolocation restrictions! -->\n","protected":false},"excerpt":{"rendered":"<p>Kuzey Kore lideri Kim Jong-un, G\u00fcney Kore Devlet Ba\u015fkan\u0131 Moon Jae-in ile yapaca\u011f\u0131 tarihi liderler bulu\u015fmas\u0131 i\u00e7in iki \u00fclke aras\u0131ndaki ate\u015fkes s\u0131n\u0131r\u0131ndan G\u00fcney&#8217;e y\u00fcr\u00fcyerek ge\u00e7ecek. G\u00fcney Kore haber ajans\u0131 Yonhap&#8217;ta yer alan habere g\u00f6re, G\u00fcney Kore Devlet Ba\u015fkanl\u0131\u011f\u0131 Genel Sekreteri Im Jong-seok, Kim ile Moon aras\u0131ndaki zirve program\u0131n\u0131n detaylar\u0131n\u0131 bas\u0131n toplant\u0131s\u0131yla kamuoyuna duyurdu. Zirve program\u0131n\u0131n, &hellip;<\/p>\n","protected":false},"author":4,"featured_media":264641,"comment_status":"open","ping_status":"open","sticky":false,"template":"","format":"standard","meta":{"_acf_changed":false,"footnotes":""},"categories":[6769,6665,6155,5005,6202],"tags":[3967,88215,5622,213374],"class_list":["post-264640","post","type-post","status-publish","format-standard","has-post-thumbnail","hentry","category-asya","category-dunya","category-gundem","category-manset","category-politika","tag-guney-kore","tag-kim-jong-un","tag-kuzey-kore","tag-moon-jae-in"],"acf":[],"_links":{"self":[{"href":"https:\/\/www.nationalturk.com\/tr\/wp-json\/wp\/v2\/posts\/264640","targetHints":{"allow":["GET"]}}],"collection":[{"href":"https:\/\/www.nationalturk.com\/tr\/wp-json\/wp\/v2\/posts"}],"about":[{"href":"https:\/\/www.nationalturk.com\/tr\/wp-json\/wp\/v2\/types\/post"}],"author":[{"embeddable":true,"href":"https:\/\/www.nationalturk.com\/tr\/wp-json\/wp\/v2\/users\/4"}],"replies":[{"embeddable":true,"href":"https:\/\/www.nationalturk.com\/tr\/wp-json\/wp\/v2\/comments?post=264640"}],"version-history":[{"count":0,"href":"https:\/\/www.nationalturk.com\/tr\/wp-json\/wp\/v2\/posts\/264640\/revisions"}],"wp:featuredmedia":[{"embeddable":true,"href":"https:\/\/www.nationalturk.com\/tr\/wp-json\/wp\/v2\/media\/264641"}],"wp:attachment":[{"href":"https:\/\/www.nationalturk.com\/tr\/wp-json\/wp\/v2\/media?parent=264640"}],"wp:term":[{"taxonomy":"category","embeddable":true,"href":"https:\/\/www.nationalturk.com\/tr\/wp-json\/wp\/v2\/categories?post=264640"},{"taxonomy":"post_tag","embeddable":true,"href":"https:\/\/www.nationalturk.com\/tr\/wp-json\/wp\/v2\/tags?post=264640"}],"curies":[{"name":"wp","href":"https:\/\/api.w.org\/{rel}","templated":true}]}}