{"id":264680,"date":"2018-04-27T13:42:44","date_gmt":"2018-04-27T10:42:44","guid":{"rendered":"http:\/\/www.nationalturk.com\/?p=264680"},"modified":"2022-09-29T21:25:28","modified_gmt":"2022-09-29T18:25:28","slug":"devlet-bahceli-abdullah-gul-sorularina-yanit-verdi","status":"publish","type":"post","link":"https:\/\/www.nationalturk.com\/tr\/devlet-bahceli-abdullah-gul-sorularina-yanit-verdi\/","title":{"rendered":"Devlet Bah\u00e7eli &#8220;Abdullah G\u00fcl&#8221; sorular\u0131na yan\u0131t verdi"},"content":{"rendered":"<h2>MHP Genel Ba\u015fkan\u0131 Bah\u00e7eli, Abdullah G\u00fcl&#8217;\u00fcn adayl\u0131\u011f\u0131 iddias\u0131 hakk\u0131nda, &#8220;\u0130htimal vermiyorum \u00e7\u00fcnk\u00fc yanl\u0131\u015f olur. &#8216;\u0130lle de aday olmay\u0131 d\u00fc\u015f\u00fcn\u00fcyorum&#8217; diyorsa Allah yolunu a\u00e7\u0131k etsin.&#8221; dedi.<\/h2>\n<p>MHP Genel Ba\u015fkan\u0131 Devlet Bah\u00e7eli, d\u00fcn ak\u015fam bir restoranda gazetecilerle bir araya gelerek g\u00fcndeme ili\u015fkin sorular\u0131 yan\u0131tlad\u0131.<\/p>\n<p>Bah\u00e7eli, &#8220;MHP&#8217;de se\u00e7im \u00e7al\u0131\u015fmalar\u0131 nas\u0131l gidiyor? MHP&#8217;de neler oluyor&#8221; sorusu \u00fczerine, T\u00fcrkiye&#8217;de anayasa de\u011fi\u015fikli\u011fi ile ba\u015flayan, halk oylamas\u0131yla devam eden ve bir y\u00f6netim sistemi de\u011fi\u015fikli\u011fini \u00f6ng\u00f6ren s\u00fcrecin i\u00e7erisinde MHP&#8217;nin \u00e7ok y\u00f6nl\u00fc bir faaliyet ortaya koydu\u011funu ve MHP&#8217;nin her an bir erken se\u00e7im olabilece\u011fi d\u00fc\u015f\u00fcncesiyle hareket etti\u011fini s\u00f6yledi.<\/p>\n<p>Bu s\u00fcre\u00e7te MHP&#8217;nin ya\u015fad\u0131\u011f\u0131 \u00f6nemli s\u0131k\u0131nt\u0131lar da oldu\u011funu belirten Bah\u00e7eli, &#8220;Bir tarafta uluslararas\u0131 geli\u015fmeler, bir tarafta yurt i\u00e7inde sosyal, ekonomik ve buna paralel olarak da ter\u00f6r faaliyetlerinin oldu\u011fu bir d\u00f6nem. Ama ayn\u0131 zamanda MHP ile a\u015f\u0131r\u0131 derecede u\u011fra\u015fan odaklar. MHP olarak b\u00fct\u00fcn bunlar\u0131n alt\u0131ndan nas\u0131l kalkaca\u011f\u0131m\u0131z\u0131 d\u00fc\u015f\u00fcnerek baz\u0131 faaliyetler \u00f6ng\u00f6rmek suretiyle \u00e7al\u0131\u015fmalar s\u00fcrd\u00fcr\u00fcld\u00fc.&#8221; diye konu\u015ftu.<\/p>\n<p>MHP&#8217;de g\u00f6r\u00fclmeyen, fark edilmeyen bir dinamizmin kendi kendine olu\u015ftu\u011funu vurgulayan Bah\u00e7eli, \u015f\u00f6yle devam etti:<\/p>\n<p>&#8220;Bir an \u015f\u00f6yle d\u00fc\u015f\u00fcn\u00fcn, 793 g\u00fcn, i\u00e7eriden ve d\u0131\u015far\u0131dan MHP&#8217;yi itibars\u0131zla\u015ft\u0131rmak, b\u00f6lmek, MHP \u00fczerinden fitne fesat yaymak suretiyle ne gibi olaylar\u0131n ya\u015fand\u0131\u011f\u0131na herkes \u015fahit olmu\u015ftur. Korsan toplant\u0131lar, korsan kurultaylar, tarlalarda bulu\u015fmalar, tellere \u00e7\u0131kmalar\u2026 Bu durum kar\u015f\u0131s\u0131nda MHP varl\u0131\u011f\u0131n\u0131 s\u00fcrd\u00fcrmek, hedefe eri\u015fmek a\u00e7\u0131s\u0131ndan s\u00fcrekli kendi i\u00e7 dinamikleriyle proje \u00fcreten, faaliyetlerini y\u00f6nlendiren, kongrelerini yapan ve 18 Mart&#8217;ta da b\u00fcy\u00fck kurultay\u0131n\u0131 ger\u00e7ekle\u015ftiren bir siyasi parti olarak herhangi bir se\u00e7ime ruhen haz\u0131r hale gelmi\u015ftir. \u015eimdi ise erken se\u00e7im s\u00fcrecinde MHP te\u015fkilatlar\u0131n\u0131 tamamlam\u0131\u015f, se\u00e7ime haz\u0131r hale gelmi\u015f, se\u00e7imi gerektirecek \u00f6n \u00e7al\u0131\u015fmalara, propaganda ara\u00e7lar\u0131 ve se\u00e7im beyannamesi de dahil olmak \u00fczere, haz\u0131rl\u0131klar\u0131n\u0131 yapm\u0131\u015f vaziyettedir.&#8221;<\/p>\n<!-- Error, Advert is not available at this time due to schedule\/geolocation restrictions! -->\n<p>Bah\u00e7eli, 24 Haziran&#8217;da erken se\u00e7im olaca\u011f\u0131n\u0131 an\u0131msatarak, &#8220;Bu se\u00e7imle ilgili, \u00f6neren partilerden birisi olmam\u0131z sebebiyle, bir \u00f6n haz\u0131rl\u0131\u011f\u0131m\u0131z\u0131n olmas\u0131 laz\u0131m. O haz\u0131rl\u0131klar yeterli say\u0131lamayabilir. Ama buna ra\u011fmen se\u00e7ime girmeye cesaret verecek bir \u00e7al\u0131\u015fma ortam\u0131d\u0131r.&#8221; de\u011ferlendirmesinde bulundu.<\/p>\n<p>Bu nedenle herkesten \u00f6nce adaylar\u0131 tespit etmek i\u00e7in m\u00fcracaatlar\u0131 ba\u015flatt\u0131klar\u0131n\u0131 ve 3 May\u0131s g\u00fcn\u00fc saat 17.00&#8217;ye kadar m\u00fcracaatlar\u0131 alacaklar\u0131n\u0131 bildiren Bah\u00e7eli, &#8220;Sonra se\u00e7im takvimindeki s\u00fcrece paralel bir \u015fekilde haz\u0131rl\u0131klar\u0131m\u0131z\u0131 s\u00fcrd\u00fcrmek suretiyle Allah nasip ederse 21 May\u0131s&#8217;ta milletvekili adaylar\u0131m\u0131z\u0131 topluma takdim edece\u011fiz.&#8221; dedi.<\/p>\n<p>Ramazan ay\u0131 ve Ramazan Bayram\u0131&#8217;n\u0131n iyi de\u011ferlendirilmesi gerekti\u011fini vurgulayan Bah\u00e7eli, &#8220;B\u00f6yle bir ortam i\u00e7inde mitingler, kapal\u0131 salon toplant\u0131lar\u0131 ne kadar yap\u0131l\u0131r, iftar yemeklerine ne kadar kat\u0131l\u0131n\u0131r, siyaset hangi esaslar dahilinde halk\u0131m\u0131zla payla\u015f\u0131l\u0131r, bu konuda da arkada\u015flar\u0131m\u0131z \u00e7al\u0131\u015f\u0131yorlar.&#8221; a\u00e7\u0131klamas\u0131n\u0131 yapt\u0131.<\/p>\n<h3>&#8220;Cumhur \u0130ttifak\u0131 millet akl\u0131&#8221;<\/h3>\n<p>&#8220;Se\u00e7im slogan\u0131n\u0131z belirlendi mi&#8221; sorusu \u00fczerine Devlet Bah\u00e7eli, se\u00e7imin g\u00fcncelleriyle ilgili sloganlar\u0131n haz\u0131rlanaca\u011f\u0131n\u0131 belirterek, &#8220;Ama partimizin \u00f6n\u00fcnde 300 k\u00fcsur metrekarelik bir alan\u0131m\u0131z var. Orada &#8216;Cumhur \u0130ttifak\u0131 millet akl\u0131&#8217; yaz\u0131yor. Bununla ba\u015flad\u0131k. &#8216;Cumhur \u0130ttifak\u0131 onun bunun de\u011fil, milletin akl\u0131yla ortaya \u00e7\u0131km\u0131\u015f bir yap\u0131d\u0131r&#8217; diye d\u00fc\u015f\u00fcnerek bunu se\u00e7tik. \u00d6n\u00fcm\u00fczdeki g\u00fcnlerde sloganlar\u0131n baz\u0131lar\u0131 da kamuoyu ile payla\u015f\u0131labilir.&#8221; ifadelerini kulland\u0131.<\/p>\n<p>Bah\u00e7eli, Bursa Milletvekili Kadir Ko\u00e7demir&#8217;in istifas\u0131na ili\u015fkin soruya, &#8220;Milletvekili olmakla birlikte uzun zamand\u0131r MHP ile ilgisini so\u011futmu\u015f, ask\u0131ya alm\u0131\u015f bir arkada\u015f\u0131m\u0131zd\u0131.&#8221; yan\u0131t\u0131n\u0131 verdi.<\/p>\n<h4>&#8220;Bir proje oldu\u011fu anla\u015f\u0131l\u0131yor&#8221;<\/h4>\n<p>&#8220;CHP&#8217;nin ve di\u011fer partilerin aday aray\u0131\u015f\u0131 s\u00fcr\u00fcyor. Hen\u00fcz bir netlik yok. Bu bir kurgu mudur, plan m\u0131d\u0131r? K\u0131l\u0131\u00e7daro\u011flu sizce aday olacak m\u0131&#8221; sorusunu cevapland\u0131ran Bah\u00e7eli, bir siyasi projenin i\u00e7 ve d\u0131\u015f odaklar taraf\u0131ndan T\u00fcrkiye&#8217;de uzun zamand\u0131r uyguland\u0131\u011f\u0131na dikkati \u00e7ekti.<\/p>\n<p>Bah\u00e7eli, s\u00f6zlerini \u015f\u00f6yle s\u00fcrd\u00fcrd\u00fc:<\/p>\n<!-- Error, Advert is not available at this time due to schedule\/geolocation restrictions! -->\n<p>&#8220;Bir siyasi parti mensubu olarak de\u011fil, bu \u00fclkenin bir evlad\u0131 olarak ifade etmek istiyorum. Bir se\u00e7ime girebilme imkan\u0131na dayal\u0131 kongre s\u00fcrecini tamamlam\u0131\u015f olan bir partinin bir iki g\u00fcn i\u00e7inde bir ba\u015fka partiden 15 milletvekili almas\u0131 hali \u00e7ok y\u00f6nl\u00fc d\u00fc\u015f\u00fcn\u00fclecek, arkas\u0131 \u00f6n\u00fc iyi ara\u015ft\u0131r\u0131labilecek bir uygulamad\u0131r. Yani se\u00e7ime girmeyle alakal\u0131 herhangi bir kayg\u0131n\u0131z\u0131n olmad\u0131\u011f\u0131n\u0131 bilmenize ra\u011fmen 15 milletvekilini g\u00f6nderen ve 15 milletvekilini kabul edenlerin hangi gerek\u00e7e ile bu eylemi ger\u00e7ekle\u015ftirdiklerini d\u00fc\u015f\u00fcnd\u00fc\u011f\u00fcn\u00fczde bir proje oldu\u011fu anla\u015f\u0131l\u0131yor. Ama arkas\u0131 nedir, \u00f6n\u00fc nedir onu ancak proje kurgulayanlar bilir. Biz de zaman i\u00e7erisinde \u00f6\u011frenebiliriz. &#8216;T\u00fcrkiye&#8217;de mutlaka 15 Temmuz&#8217;da erken se\u00e7im olmas\u0131 laz\u0131md\u0131r&#8217; diyorsunuz, partile\u015fme s\u00fcrecine giriyorsunuz, kurucular kurulunun ola\u011fan kongresini yap\u0131yorsunuz, T\u00fcrkiye genelinde te\u015fkilatlanmalara gayret g\u00f6steriyorsunuz ve arkas\u0131ndan &#8216;Ben cumhurba\u015fkan\u0131 olaca\u011f\u0131m&#8217; diyorsunuz. 15 Temmuz&#8217;da erken se\u00e7im talebinde bulunmak, erken se\u00e7ime haz\u0131r hale gelmek anlam\u0131 ta\u015f\u0131r. Demek ki haz\u0131rl\u0131k yok ortada. O zaman bunu niye tekrar edip duruyorsunuz sorusuyla insan kar\u015f\u0131 kar\u015f\u0131ya kal\u0131r.&#8221;<\/p>\n<p>Se\u00e7ime girme yeterlili\u011fi Y\u00fcksek Se\u00e7im Kurulu (YSK) taraf\u0131ndan kabullenilmi\u015f bir siyasi partinin, kendisini ve T\u00fcrkiye&#8217;yi siyasi etik y\u00f6n\u00fcyle zedeleyecek bir davran\u0131\u015fta bulunmamas\u0131 gerekti\u011fine i\u015faret eden Bah\u00e7eli, &#8220;Kalk\u0131p &#8216;Demokrasi i\u00e7in te\u015fekk\u00fcr ediyorum&#8217; diyece\u011fi yerde, &#8216;Biz sorunumuzu \u00e7\u00f6zd\u00fck, se\u00e7ime giriyoruz. Nazik davran\u0131\u015f\u0131n\u0131zdan, bizi kurtaracak yakla\u015f\u0131m\u0131n\u0131zdan dolay\u0131 CHP&#8217;ye demokrasi ad\u0131na te\u015fekk\u00fcr ediyorum&#8217; diyerek 15 CHP&#8217;li milletvekilini geldi\u011fi yere g\u00f6nderip boynu b\u00fck\u00fckler oyununa son vermek laz\u0131m.&#8221; de\u011ferlendirmesinde bulundu.<\/p>\n<p>Se\u00e7im karar\u0131 al\u0131nmas\u0131yla ilgili &#8220;dan\u0131\u015f\u0131kl\u0131 d\u00f6v\u00fc\u015f&#8221; iddialar\u0131n\u0131 nas\u0131l de\u011ferlendirdi\u011fi y\u00f6n\u00fcndeki soru \u00fczerine, bunun de\u011ferlendirilecek bir boyutu bulunmad\u0131\u011f\u0131n\u0131 vurgulayan Bah\u00e7eli, &#8220;Bunu s\u00f6yleyenler bizi tan\u0131m\u0131yor. E\u011fer ger\u00e7ekten tan\u0131yorlarsa iftira ediyorlar. Biz kimseyle pazarl\u0131k i\u00e7inde olamay\u0131z, dan\u0131\u015f\u0131kl\u0131 d\u00f6v\u00fc\u015f hareketi yapacak karakterde biri de\u011filiz. \u0130nand\u0131klar\u0131m\u0131z\u0131 s\u00f6yler, ona g\u00f6re de hareket ederiz. Baz\u0131 televizyonlarda konu\u015fuyorlar, siyasilerden de s\u00f6yleyenler var ama gelecekte tarih ger\u00e7e\u011fi yazd\u0131\u011f\u0131 zaman, acaba utanma erdemini ortaya koyabilecekler mi? Ondan da \u015f\u00fcphem var.&#8221; diye konu\u015ftu.<\/p>\n<h5>&#8220;G\u00fcl-Davuto\u011flu g\u00f6r\u00fc\u015fmesi iflas etti&#8221;<\/h5>\n<p>11. Cumhurba\u015fkan\u0131 Abdullah G\u00fcl&#8217;\u00fcn adayl\u0131\u011f\u0131, G\u00fcl&#8217;\u00fcn eski Ba\u015fbakan Ahmet Davuto\u011flu ile g\u00f6r\u00fc\u015fmesi ve Davuto\u011flu&#8217;nun &#8220;Erdo\u011fan hepimizin aday\u0131&#8221; a\u00e7\u0131klamas\u0131na ili\u015fkin bir soruya MHP Genel Ba\u015fkan\u0131 Bah\u00e7eli, \u015fu yan\u0131t\u0131 verdi:<\/p>\n<p>&#8220;Say\u0131n G\u00fcl ile Davuto\u011flu aras\u0131ndaki bahse konu g\u00f6r\u00fc\u015fme iflas etmi\u015f demektir. \u00c7\u00fcnk\u00fc Davuto\u011flu &#8216;Ben Cumhurba\u015fkan\u0131 aday\u0131 olarak say\u0131n Erdo\u011fan&#8217;\u0131 destekliyorum&#8217; demi\u015ftir. Bu ifadeyi kulland\u0131ktan sonra g\u00f6r\u00fc\u015fmelerinin muhtevas\u0131 ne olursa olsun, kamuoyunda yap\u0131lan yorumlar\u0131n hepsi ge\u00e7erlili\u011fini kaybetmi\u015f demektir. Demek ki Davuto\u011flu bey ile G\u00fcl aras\u0131ndaki g\u00f6r\u00fc\u015fmelerde, &#8216;Biz cumhurba\u015fkan\u0131 aday\u0131 olal\u0131m m\u0131, olmayal\u0131m m\u0131&#8217; konusundaki tart\u0131\u015fmalar\u0131n yeterli bir seviyede olmad\u0131\u011f\u0131 anla\u015f\u0131lm\u0131\u015f, Davuto\u011flu sonucu ba\u011flam\u0131\u015ft\u0131r. Bu sonuca Abdullah G\u00fcl Bey&#8217;in bir cevap vermesi laz\u0131m. &#8216;Biz \u015fu kadar saat g\u00f6r\u00fc\u015ft\u00fck ama Ahmet Davuto\u011flu&#8217;nun ortaya koydu\u011fu g\u00f6r\u00fc\u015f, g\u00f6r\u00fc\u015fmelerimizin \u00f6z\u00fcn\u00fc te\u015fkil etmektedir. Benim de aday olma niyetim yoktur&#8217; demeleri laz\u0131m. \u015eu ana kadar demediklerine g\u00f6re tek yanl\u0131 bir g\u00f6r\u00fc\u015fme olarak kalm\u0131\u015ft\u0131r. Davuto\u011flu kendisini \u00e7ekmi\u015f, ger\u00e7e\u011fi g\u00f6rm\u00fc\u015f, G\u00fcl&#8217;e de b\u00f6yle bir ger\u00e7e\u011fi g\u00f6rmesi i\u00e7in davet \u00e7\u0131karm\u0131\u015ft\u0131r. Say\u0131n G\u00fcl g\u00f6recek mi g\u00f6rmeyecek mi, onu bilemiyoruz art\u0131k.&#8221;<\/p>\n<p>&#8220;G\u00fcl&#8217;\u00fcn \u0131srar\u0131n\u0131 nas\u0131l de\u011ferlendiriyorsunuz?&#8221; sorusu \u00fczerine Bah\u00e7eli, &#8220;Bu \u00e7ok yanl\u0131\u015f bir tutum.&#8221; ifadesini kulland\u0131. <\/p>\n<!-- Error, Advert is not available at this time due to schedule\/geolocation restrictions! -->\n<p>Bu konuda Twitter hesab\u0131ndan yapt\u0131\u011f\u0131 de\u011ferlendirmeleri hat\u0131rlatan Bah\u00e7eli, \u015fu de\u011ferlendirmede bulundu:<\/p>\n<p>&#8220;D\u00fc\u015f\u00fcn\u00fcn, bir partinin kurucususunuz, ba\u015fbakan, d\u0131\u015fi\u015fleri bakan\u0131 olmu\u015fsunuz ve bir Meclis grup toplant\u0131s\u0131nda Erdo\u011fan sizi, &#8216;Cumhurba\u015fkan\u0131 aday\u0131m\u0131z, karde\u015fimiz Abdullah G\u00fcl&#8217; diye takdim ediyor. &#8216;Karde\u015fim Abdullah G\u00fcl&#8217; ifadesiyle takdimin anlam\u0131 vard\u0131r. Karde\u015f aras\u0131nda vefa vard\u0131r, sadakat vard\u0131r, sevgi vard\u0131r, sayg\u0131 vard\u0131r. Bunu dikkate almak laz\u0131m. Bu sebepten dolay\u0131 Erdo\u011fan Bey&#8217;in \u015fu an Cumhurba\u015fkan\u0131 olarak g\u00f6revini \u00fcstlenirken, Cumhurba\u015fkanl\u0131\u011f\u0131 H\u00fck\u00fcmet Sistemi&#8217;ne y\u00f6nelik bir s\u00fcrecin i\u00e7erisinde, bu s\u00fcreci tamamlayabilecek bir se\u00e7imi d\u00fc\u015f\u00fcnd\u00fc\u011f\u00fc s\u0131rada, sizin isminizi doland\u0131r\u0131p kendinizi g\u00f6stermeyen bir yakla\u015f\u0131mdan vazge\u00e7meniz gerekir. Ve Erdo\u011fan&#8217;\u0131n yan\u0131na gidip, &#8216;Sen benim karde\u015fimsin. D\u00fcn sen beni karde\u015f ilan etmi\u015ftin. Bug\u00fcn ben seni karde\u015f ilan ediyorum. Karde\u015fin olarak Cumhurba\u015fkan\u0131 olmu\u015ftum, karde\u015fin olarak Cumhurba\u015fkan\u0131 olman\u0131 istiyorum.&#8217; demesi laz\u0131m. Bunu demedi\u011fi m\u00fcddet\u00e7e G\u00fcl siyasi birikiminin hepsini, \u015fimdi yeni tabir var ya s\u0131f\u0131r baraj, s\u0131f\u0131rlam\u0131\u015f olur. \u0130smini fazla doland\u0131rmamas\u0131nda, kendisini istismara y\u00f6nelik ki\u015filerle olan temaslar\u0131n\u0131 mesafeli b\u0131rakmas\u0131nda yarar vard\u0131r diye d\u00fc\u015f\u00fcn\u00fcr\u00fcm. \u00c7\u00fcnk\u00fc bir siyaset\u00e7i \u00fclkede zor yeti\u015fiyor. \u00d6nemli g\u00f6revler de her insana nasip olmuyor. Yani parti kuruyorsun, ba\u015fbakan oluyorsun, d\u0131\u015fi\u015fleri bakan\u0131 oluyorsun, cumhurba\u015fkan\u0131 oluyorsun. Bunlar \u00f6nemli makamlar, hepimize nasip olmuyor. Bunu hazmetmek laz\u0131m.&#8221;<\/p>\n<p>Bah\u00e7eli, siyaseti yozla\u015ft\u0131rmadan, siyaset irtibatlar\u0131n\u0131 baz\u0131 k\u0131rg\u0131nl\u0131klara sebebiyet vermeyecek boyutta s\u00fcrd\u00fcrmekte yarar bulundu\u011funun alt\u0131n\u0131 \u00e7izerek, T\u00fcrkiye&#8217;nin de buna ihtiyac\u0131 oldu\u011funu s\u00f6yledi.<\/p>\n<p>Cumhurba\u015fkanl\u0131\u011f\u0131 makam\u0131nda bulunan bir ki\u015finin kafas\u0131nda olu\u015fabilecek her t\u00fcrl\u00fc soruyu a\u00e7\u0131kl\u0131\u011fa kavu\u015fturabilmek i\u00e7in devletin t\u00fcm kademelerine m\u00fcracaat ederek bilgi sahibi olabilece\u011fini belirten Bah\u00e7eli, &#8220;Bunlar\u0131 yaparak hala &#8216;\u00e7at\u0131yd\u0131, \u015fuydu&#8217; diyerek birtak\u0131m \u015feylere giriyorsa o zaman s\u00f6yleyecek bir \u015fey kalm\u0131yor. Ben aday olaca\u011f\u0131na ihtimal vermiyorum. Vermiyorum \u00e7\u00fcnk\u00fc yanl\u0131\u015f olur. Ama &#8216;ille de aday olmay\u0131 d\u00fc\u015f\u00fcn\u00fcyorum&#8217; diyorsa Allah yolunu a\u00e7\u0131k etsin. Kim aday yapacaksa yaps\u0131n.&#8221; dedi.<\/p>\n<p>&#8220;FET\u00d6 ile benim bir irtibat\u0131m yok&#8221;<br \/>\n&#8220;\u0130stismar dediniz. FET\u00d6 G\u00fcl\u2019\u00fcn adayl\u0131\u011f\u0131n\u0131 istiyor mudur&#8221; sorusuna Bah\u00e7eli, \u015fu yan\u0131t\u0131 verdi: <\/p>\n<p>&#8220;FET\u00d6 ile benim bir irtibat\u0131m yok. Fetullah G\u00fclen&#8217;in ne d\u00fc\u015f\u00fcnd\u00fc\u011f\u00fcn\u00fc de anlamakta g\u00fc\u00e7l\u00fck \u00e7eken bir insan\u0131m. Ama istismar edildi\u011fi kanaatindeyim. &#8216;CHP aday\u0131 olabilir mi?&#8217;, &#8216;Saadet Partisi&#8217;nden olabilir mi?&#8217;, &#8216;G\u00fcl olursa desteklerim, 24 saat sonra, &#8216;Hay\u0131r ben y\u00fcz bin imza toplayaca\u011f\u0131m, \u015f\u00f6yle yapaca\u011f\u0131m&#8217; konu\u015fmalar\u0131n\u0131n oldu\u011fu yerde bir isim konu\u015fuluyor, o isim sessiz kal\u0131yor, hi\u00e7bir yerde g\u00f6r\u00fcnm\u00fcyorsa, her zaman yapt\u0131\u011f\u0131 geleneksel Cuma namaz\u0131ndan sonraki sohbetini yapamayacak bir durumda kalm\u0131\u015fsa ne yapacaks\u0131n\u0131z? \u0130stismar edildi\u011finizi fark edeceksiniz.&#8221;<\/p>\n<p>Bah\u00e7eli, Abdullah G\u00fcl&#8217;\u00fc b\u00f6yle davranmaya iten nedenin sorulmas\u0131 \u00fczerine, &#8220;Bir projeyi olu\u015fturmaya \u00e7al\u0131\u015fanlar \u00f6nemli akt\u00f6rler ise bunlar\u0131n \u00e7abas\u0131 olabilir. \u0130kinci olarak nefsi kontrol alt\u0131na alamazsan\u0131z her \u015feyi yapabilirsiniz.&#8221; diye konu\u015ftu. <\/p>\n<!-- Error, Advert is not available at this time due to schedule\/geolocation restrictions! -->\n","protected":false},"excerpt":{"rendered":"<p>MHP Genel Ba\u015fkan\u0131 Bah\u00e7eli, Abdullah G\u00fcl&#8217;\u00fcn adayl\u0131\u011f\u0131 iddias\u0131 hakk\u0131nda, &#8220;\u0130htimal vermiyorum \u00e7\u00fcnk\u00fc yanl\u0131\u015f olur. &#8216;\u0130lle de aday olmay\u0131 d\u00fc\u015f\u00fcn\u00fcyorum&#8217; diyorsa Allah yolunu a\u00e7\u0131k etsin.&#8221; dedi. MHP Genel Ba\u015fkan\u0131 Devlet Bah\u00e7eli, d\u00fcn ak\u015fam bir restoranda gazetecilerle bir araya gelerek g\u00fcndeme ili\u015fkin sorular\u0131 yan\u0131tlad\u0131. Bah\u00e7eli, &#8220;MHP&#8217;de se\u00e7im \u00e7al\u0131\u015fmalar\u0131 nas\u0131l gidiyor? MHP&#8217;de neler oluyor&#8221; sorusu \u00fczerine, T\u00fcrkiye&#8217;de anayasa &hellip;<\/p>\n","protected":false},"author":4,"featured_media":264681,"comment_status":"open","ping_status":"open","sticky":false,"template":"","format":"standard","meta":{"_acf_changed":false,"footnotes":""},"categories":[6155,5005,6202,349],"tags":[217224,4343,8773,9476,8723,8469,213880,118160,10829],"class_list":["post-264680","post","type-post","status-publish","format-standard","has-post-thumbnail","hentry","category-gundem","category-manset","category-politika","category-son-dakika","tag-24-haziran-secimleri","tag-abdullah-gul","tag-ahmet-davutoglu","tag-akp","tag-chp","tag-devlet-bahceli","tag-iyi-parti","tag-kadir-kocdemir","tag-mhp"],"acf":[],"_links":{"self":[{"href":"https:\/\/www.nationalturk.com\/tr\/wp-json\/wp\/v2\/posts\/264680","targetHints":{"allow":["GET"]}}],"collection":[{"href":"https:\/\/www.nationalturk.com\/tr\/wp-json\/wp\/v2\/posts"}],"about":[{"href":"https:\/\/www.nationalturk.com\/tr\/wp-json\/wp\/v2\/types\/post"}],"author":[{"embeddable":true,"href":"https:\/\/www.nationalturk.com\/tr\/wp-json\/wp\/v2\/users\/4"}],"replies":[{"embeddable":true,"href":"https:\/\/www.nationalturk.com\/tr\/wp-json\/wp\/v2\/comments?post=264680"}],"version-history":[{"count":0,"href":"https:\/\/www.nationalturk.com\/tr\/wp-json\/wp\/v2\/posts\/264680\/revisions"}],"wp:featuredmedia":[{"embeddable":true,"href":"https:\/\/www.nationalturk.com\/tr\/wp-json\/wp\/v2\/media\/264681"}],"wp:attachment":[{"href":"https:\/\/www.nationalturk.com\/tr\/wp-json\/wp\/v2\/media?parent=264680"}],"wp:term":[{"taxonomy":"category","embeddable":true,"href":"https:\/\/www.nationalturk.com\/tr\/wp-json\/wp\/v2\/categories?post=264680"},{"taxonomy":"post_tag","embeddable":true,"href":"https:\/\/www.nationalturk.com\/tr\/wp-json\/wp\/v2\/tags?post=264680"}],"curies":[{"name":"wp","href":"https:\/\/api.w.org\/{rel}","templated":true}]}}