{"id":264716,"date":"2018-04-28T12:07:30","date_gmt":"2018-04-28T09:07:30","guid":{"rendered":"http:\/\/www.nationalturk.com\/?p=264716"},"modified":"2018-04-28T12:07:30","modified_gmt":"2018-04-28T09:07:30","slug":"kilicdaroglu-aklindaki-ismi-soyledi","status":"publish","type":"post","link":"https:\/\/www.nationalturk.com\/tr\/kilicdaroglu-aklindaki-ismi-soyledi\/","title":{"rendered":"&#8220;K\u0131l\u0131\u00e7daro\u011flu akl\u0131ndaki ismi s\u00f6yledi&#8221;"},"content":{"rendered":"<h2>\u0130Y\u0130 Parti Genel Ba\u015fkan\u0131 Meral Ak\u015fener, CHP lideri Kemal K\u0131l\u0131\u00e7daro\u011flu&#8217;nun CHP&#8217;nin cumhurba\u015fkan\u0131 aday\u0131n\u0131 kendisine s\u00f6yledi\u011fine dair haberlerle ilgili, &#8220;Evet, akl\u0131nda olan bir isim ge\u00e7ti. Ama o bilgi benim namusumdur. Partideki arkada\u015flar\u0131mla, en yak\u0131nlar\u0131mla bile payla\u015fmad\u0131m&#8221; dedi.<\/h2>\n<p>S\u00f6zc\u00fc&#8217;den \u00d6zlem G\u00fcrses&#8217;e konu\u015fan Ak\u015fener, 24 Haziran&#8217;daki se\u00e7imlere girebilmesi i\u00e7in CHP&#8217;den partisine ge\u00e7en 15 milletvekiline dair, &#8220;Grup, kendimi bedavadan aday g\u00f6stermek i\u00e7in bir hamle de\u011fil, t\u0131kanm\u0131\u015f demokrasinin CHP&#8217;nin y\u00fcksek d\u00fc\u015f\u00fcncesiyle ya\u015fama d\u00f6nme \u00e7\u00f6z\u00fcm\u00fc&#8221; diye konu\u015ftu.<\/p>\n<p>Se\u00e7imlerin ikinci tura kalmas\u0131 ihtimalinde CHP&#8217;nin aday\u0131n\u0131 destekleyeceklerini belirten Ak\u015fener, &#8220;Partiyi kurmadan zaten ilan etmi\u015ftim, bir kez daha s\u00f6yleyeyim; diyelim ki Cumhuriyet Halk Partisi&#8217;nin aday\u0131 ikinci tura kald\u0131, \u015f\u00fcphesiz ki her t\u00fcrl\u00fc g\u00fcc\u00fcm\u00fczle destekleyece\u011fiz&#8221; dedi.<br \/>\nMeral Ak\u015fener, CHP Genel Ba\u015fkan\u0131 Kemal K\u0131l\u0131\u00e7daro\u011flu&#8217;nun parti ziyareti s\u0131ras\u0131nda kendisine CHP&#8217;nin cumhurba\u015fkan\u0131 aday\u0131n\u0131 s\u00f6yledi\u011fi haberleriyle ilgili, &#8220;Evet, akl\u0131nda olan bir isim ge\u00e7ti. Ama o bilgi benim namusumdur. Partideki arkada\u015flar\u0131mla, en yak\u0131nlar\u0131mla bile payla\u015fmad\u0131m&#8221; ifadesini kulland\u0131.<\/p>\n<h3>Meral Ak\u015fener&#8217;in 24 Haziran vaatleri<\/h3>\n<p>Ak\u015fener, 24 Haziran i\u00e7in kamuoyuna vaatlerini ise \u015f\u00f6yle a\u00e7\u0131klad\u0131:<\/p>\n<p>&#8220;Ki\u015fisel olarak, ben kazand\u0131\u011f\u0131mda, hukukun \u00fcst\u00fcnl\u00fc\u011f\u00fc, parlamenter sisteme geri d\u00f6n\u00fc\u015f, adalete g\u00fcvenin tesisi, liyakatin y\u00f6netim anlay\u0131\u015f\u0131 olmas\u0131, i\u015f hayat\u0131nda \u2018Benim adam\u0131m, benim m\u00fcteahhittim&#8217; d\u00f6neminin bitmesi, STK&#8217;lar\u0131n otoriteden ba\u011f\u0131ms\u0131zla\u015ft\u0131r\u0131lmas\u0131\u2026 <\/p>\n<!-- Error, Advert is not available at this time due to schedule\/geolocation restrictions! -->\n","protected":false},"excerpt":{"rendered":"<p>\u0130Y\u0130 Parti Genel Ba\u015fkan\u0131 Meral Ak\u015fener, CHP lideri Kemal K\u0131l\u0131\u00e7daro\u011flu&#8217;nun CHP&#8217;nin cumhurba\u015fkan\u0131 aday\u0131n\u0131 kendisine s\u00f6yledi\u011fine dair haberlerle ilgili, &#8220;Evet, akl\u0131nda olan bir isim ge\u00e7ti. Ama o bilgi benim namusumdur. Partideki arkada\u015flar\u0131mla, en yak\u0131nlar\u0131mla bile payla\u015fmad\u0131m&#8221; dedi. S\u00f6zc\u00fc&#8217;den \u00d6zlem G\u00fcrses&#8217;e konu\u015fan Ak\u015fener, 24 Haziran&#8217;daki se\u00e7imlere girebilmesi i\u00e7in CHP&#8217;den partisine ge\u00e7en 15 milletvekiline dair, &#8220;Grup, kendimi bedavadan &hellip;<\/p>\n","protected":false},"author":4,"featured_media":263974,"comment_status":"open","ping_status":"open","sticky":false,"template":"","format":"standard","meta":{"_acf_changed":false,"footnotes":""},"categories":[763,349],"tags":[217224,8723,158194,213880,5115,99575],"class_list":["post-264716","post","type-post","status-publish","format-standard","has-post-thumbnail","hentry","category-gunun-olayi","category-son-dakika","tag-24-haziran-secimleri","tag-chp","tag-chp-adayi","tag-iyi-parti","tag-kemal-kilicdaroglu","tag-meral-aksener"],"acf":[],"_links":{"self":[{"href":"https:\/\/www.nationalturk.com\/tr\/wp-json\/wp\/v2\/posts\/264716","targetHints":{"allow":["GET"]}}],"collection":[{"href":"https:\/\/www.nationalturk.com\/tr\/wp-json\/wp\/v2\/posts"}],"about":[{"href":"https:\/\/www.nationalturk.com\/tr\/wp-json\/wp\/v2\/types\/post"}],"author":[{"embeddable":true,"href":"https:\/\/www.nationalturk.com\/tr\/wp-json\/wp\/v2\/users\/4"}],"replies":[{"embeddable":true,"href":"https:\/\/www.nationalturk.com\/tr\/wp-json\/wp\/v2\/comments?post=264716"}],"version-history":[{"count":0,"href":"https:\/\/www.nationalturk.com\/tr\/wp-json\/wp\/v2\/posts\/264716\/revisions"}],"wp:featuredmedia":[{"embeddable":true,"href":"https:\/\/www.nationalturk.com\/tr\/wp-json\/wp\/v2\/media\/263974"}],"wp:attachment":[{"href":"https:\/\/www.nationalturk.com\/tr\/wp-json\/wp\/v2\/media?parent=264716"}],"wp:term":[{"taxonomy":"category","embeddable":true,"href":"https:\/\/www.nationalturk.com\/tr\/wp-json\/wp\/v2\/categories?post=264716"},{"taxonomy":"post_tag","embeddable":true,"href":"https:\/\/www.nationalturk.com\/tr\/wp-json\/wp\/v2\/tags?post=264716"}],"curies":[{"name":"wp","href":"https:\/\/api.w.org\/{rel}","templated":true}]}}