{"id":264722,"date":"2018-04-28T19:31:57","date_gmt":"2018-04-28T16:31:57","guid":{"rendered":"http:\/\/www.nationalturk.com\/?p=264722"},"modified":"2018-04-28T19:31:57","modified_gmt":"2018-04-28T16:31:57","slug":"arda-turan-luks-otomobillerle-dolu-garajini-genisletmeye-devam-ediyor","status":"publish","type":"post","link":"https:\/\/www.nationalturk.com\/tr\/arda-turan-luks-otomobillerle-dolu-garajini-genisletmeye-devam-ediyor\/","title":{"rendered":"Arda Turan l\u00fcks otomobillerle dolu garaj\u0131n\u0131 geni\u015fletmeye devam ediyor"},"content":{"rendered":"<h2>\u0130stanbul Ba\u015fak\u015fehir FK formas\u0131 giyen Arda Turan, l\u00fcks otomobillerle dolu garaj\u0131n\u0131 geni\u015fletmeye devam ediyor.<\/h2>\n<p>\u00dcnl\u00fc futbolcu Arda Turan, baba olaca\u011f\u0131n\u0131 \u00f6\u011frenince kendini \u00f6d\u00fcllendirdi. Ge\u00e7ti\u011fimiz aylarda Asl\u0131han Do\u011fan ile nikah masas\u0131na oturan Barcelona\u2019n\u0131n eski y\u0131ld\u0131z\u0131 Arda Turan, baba olmaya haz\u0131rlan\u0131yor.<\/p>\n<!-- Error, Advert is not available at this time due to schedule\/geolocation restrictions! -->\n<p>Ba\u015fak\u015fehir Futbol Kul\u00fcb\u00fc ile \u015fampiyonluk m\u00fccadelesi i\u00e7inde yer alan Arda Turan, baba olaca\u011f\u0131n\u0131 \u00f6\u011frenince yeni bir l\u00fcks otomobil ald\u0131.<\/p>\n<figure id=\"attachment_264725\" aria-describedby=\"caption-attachment-264725\" style=\"width: 640px\" class=\"wp-caption alignnone\"><img loading=\"lazy\" decoding=\"async\" class=\"size-full wp-image-264725\" src=\"http:\/\/www.nationalturk.com\/tr\/wp-content\/uploads\/2018\/04\/Lamborghini-Gallardo.jpg\" alt=\"Arda Turan l\u00fcks otomobillerle dolu garaj\u0131n\u0131 geni\u015fletmeye devam ediyor\" width=\"640\" height=\"429\" title=\"\"><figcaption id=\"caption-attachment-264725\" class=\"wp-caption-text\">Lamborghini Gallardo<\/figcaption><\/figure>\n<p>Garaj\u0131ndaki pahall\u0131 ara\u00e7lara bir yenisini daha ekleyen Turan, 400 bin euro (2 milyon TL) de\u011ferinde Lamborghini Gallardo sat\u0131n ald\u0131.<\/p>\n<!-- Error, Advert is not available at this time due to schedule\/geolocation restrictions! -->\n","protected":false},"excerpt":{"rendered":"<p>\u0130stanbul Ba\u015fak\u015fehir FK formas\u0131 giyen Arda Turan, l\u00fcks otomobillerle dolu garaj\u0131n\u0131 geni\u015fletmeye devam ediyor.<\/p>\n","protected":false},"author":3,"featured_media":264724,"comment_status":"open","ping_status":"open","sticky":false,"template":"","format":"standard","meta":{"_acf_changed":false,"footnotes":""},"categories":[6774,5005,6194],"tags":[6335,1038,18388],"class_list":["post-264722","post","type-post","status-publish","format-standard","has-post-thumbnail","hentry","category-futbol","category-manset","category-spor","tag-arda-turan","tag-barcelona","tag-basaksehir"],"acf":[],"_links":{"self":[{"href":"https:\/\/www.nationalturk.com\/tr\/wp-json\/wp\/v2\/posts\/264722","targetHints":{"allow":["GET"]}}],"collection":[{"href":"https:\/\/www.nationalturk.com\/tr\/wp-json\/wp\/v2\/posts"}],"about":[{"href":"https:\/\/www.nationalturk.com\/tr\/wp-json\/wp\/v2\/types\/post"}],"author":[{"embeddable":true,"href":"https:\/\/www.nationalturk.com\/tr\/wp-json\/wp\/v2\/users\/3"}],"replies":[{"embeddable":true,"href":"https:\/\/www.nationalturk.com\/tr\/wp-json\/wp\/v2\/comments?post=264722"}],"version-history":[{"count":0,"href":"https:\/\/www.nationalturk.com\/tr\/wp-json\/wp\/v2\/posts\/264722\/revisions"}],"wp:featuredmedia":[{"embeddable":true,"href":"https:\/\/www.nationalturk.com\/tr\/wp-json\/wp\/v2\/media\/264724"}],"wp:attachment":[{"href":"https:\/\/www.nationalturk.com\/tr\/wp-json\/wp\/v2\/media?parent=264722"}],"wp:term":[{"taxonomy":"category","embeddable":true,"href":"https:\/\/www.nationalturk.com\/tr\/wp-json\/wp\/v2\/categories?post=264722"},{"taxonomy":"post_tag","embeddable":true,"href":"https:\/\/www.nationalturk.com\/tr\/wp-json\/wp\/v2\/tags?post=264722"}],"curies":[{"name":"wp","href":"https:\/\/api.w.org\/{rel}","templated":true}]}}