{"id":264730,"date":"2018-04-28T19:38:25","date_gmt":"2018-04-28T16:38:25","guid":{"rendered":"http:\/\/www.nationalturk.com\/?p=264730"},"modified":"2018-04-28T19:38:25","modified_gmt":"2018-04-28T16:38:25","slug":"ailesi-dj-aviciinin-olum-nedeni-acikladi","status":"publish","type":"post","link":"https:\/\/www.nationalturk.com\/tr\/ailesi-dj-aviciinin-olum-nedeni-acikladi\/","title":{"rendered":"Ailesi DJ Avicii\u2019nin \u00f6l\u00fcm nedeni a\u00e7\u0131klad\u0131"},"content":{"rendered":"<h2>Ge\u00e7ti\u011fimiz g\u00fcnlerde hayat\u0131n\u0131 kaybeden \u00fcnl\u00fc DJ Avicii\u2019nin \u00f6l\u00fcm nedeni belli oldu.<\/h2>\n<p>\u0130sve\u00e7li \u00fcnl\u00fc DJ ve yap\u0131mc\u0131 Avicii, ge\u00e7ti\u011fimiz g\u00fcnlerde Umman\u2019\u0131n ba\u015fkenti Maskat\u2019ta \u00f6l\u00fc bulunmu\u015ftu. As\u0131l ad\u0131 Tim Bergling olan \u00fcnl\u00fc DJ\u2019nin \u00f6l\u00fcm nedenine ili\u015fkin ilk a\u00e7\u0131klama yap\u0131ld\u0131.<\/p>\n<p>DJ Avicii\u2019nin ailesi, \u00e7ocuklar\u0131n\u0131n \u00f6l\u00fcm sebebinin intihar oldu\u011funu duyurdu.<\/p>\n<p>28 ya\u015f\u0131nda hayat\u0131n\u0131 kaybeden Avicii\u2019nin \u00f6l\u00fcm haberini ilk olarak menajeri Diana Baron, ilan etmi\u015fti. Baron, ailenin o\u011fullar\u0131n\u0131n \u00f6l\u00fcm\u00fc hakk\u0131nda \u00e7ok hassas olduklar\u0131n\u0131 ve ilerleyen g\u00fcnlerde bir a\u00e7\u0131klama yapacaklar\u0131n\u0131 s\u00f6ylemi\u015fti.<\/p>\n<p>Konuya ili\u015fkin ilk resmi a\u00e7\u0131klamay\u0131 yapan Avicii ailesi, Maskat\u2019ta \u00f6l\u00fc olarak bulunan o\u011fullar\u0131 Tim Bergling\u2019in intihar etti\u011fini duyurdu.<\/p>\n<!-- Error, Advert is not available at this time due to schedule\/geolocation restrictions! -->\n","protected":false},"excerpt":{"rendered":"<p>Ge\u00e7ti\u011fimiz g\u00fcnlerde hayat\u0131n\u0131 kaybeden \u00fcnl\u00fc DJ Avicii\u2019nin \u00f6l\u00fcm nedeni belli oldu.<\/p>\n","protected":false},"author":3,"featured_media":264731,"comment_status":"open","ping_status":"open","sticky":false,"template":"","format":"standard","meta":{"_acf_changed":false,"footnotes":""},"categories":[6232,36154,67944],"tags":[],"class_list":["post-264730","post","type-post","status-publish","format-standard","has-post-thumbnail","hentry","category-magazin","category-muzik","category-yurtdisi-magazin-haberleri"],"acf":[],"_links":{"self":[{"href":"https:\/\/www.nationalturk.com\/tr\/wp-json\/wp\/v2\/posts\/264730","targetHints":{"allow":["GET"]}}],"collection":[{"href":"https:\/\/www.nationalturk.com\/tr\/wp-json\/wp\/v2\/posts"}],"about":[{"href":"https:\/\/www.nationalturk.com\/tr\/wp-json\/wp\/v2\/types\/post"}],"author":[{"embeddable":true,"href":"https:\/\/www.nationalturk.com\/tr\/wp-json\/wp\/v2\/users\/3"}],"replies":[{"embeddable":true,"href":"https:\/\/www.nationalturk.com\/tr\/wp-json\/wp\/v2\/comments?post=264730"}],"version-history":[{"count":0,"href":"https:\/\/www.nationalturk.com\/tr\/wp-json\/wp\/v2\/posts\/264730\/revisions"}],"wp:featuredmedia":[{"embeddable":true,"href":"https:\/\/www.nationalturk.com\/tr\/wp-json\/wp\/v2\/media\/264731"}],"wp:attachment":[{"href":"https:\/\/www.nationalturk.com\/tr\/wp-json\/wp\/v2\/media?parent=264730"}],"wp:term":[{"taxonomy":"category","embeddable":true,"href":"https:\/\/www.nationalturk.com\/tr\/wp-json\/wp\/v2\/categories?post=264730"},{"taxonomy":"post_tag","embeddable":true,"href":"https:\/\/www.nationalturk.com\/tr\/wp-json\/wp\/v2\/tags?post=264730"}],"curies":[{"name":"wp","href":"https:\/\/api.w.org\/{rel}","templated":true}]}}