{"id":264850,"date":"2018-05-03T11:55:02","date_gmt":"2018-05-03T08:55:02","guid":{"rendered":"http:\/\/www.nationalturk.com\/?p=264850"},"modified":"2018-05-03T11:55:02","modified_gmt":"2018-05-03T08:55:02","slug":"buyuk-altay-tarihi-maca-cikiyor","status":"publish","type":"post","link":"https:\/\/www.nationalturk.com\/tr\/buyuk-altay-tarihi-maca-cikiyor\/","title":{"rendered":"&#8220;B\u00fcy\u00fck Altay&#8221; tarihi ma\u00e7a \u00e7\u0131k\u0131yor"},"content":{"rendered":"<h2>TFF 2. Lig Beyaz Grup&#8217;ta lider G\u00fcm\u00fc\u015fhanespor&#8217;un 1 puan gerisinde yer alan ve son hafta lideri konuk edecek Altay&#8217;\u0131n teknik direkt\u00f6r\u00fc \u00d6zden T\u00f6rayd\u0131n, cumartesi g\u00fcn\u00fc final ma\u00e7\u0131na \u00e7\u0131kacaklar\u0131n\u0131 s\u00f6yledi.<\/h2>\n<p>En son 2002-2003&#8217;te S\u00fcper Lig&#8217;de yer alan Altay daha sonra 2003-2004&#8217;ten 2010-2011 sezonuna kadar kesintisiz yer ald\u0131\u011f\u0131 1. Lig&#8217;de 4 kez play-off oynamas\u0131na ra\u011fmen S\u00fcper Lig vizesi alamad\u0131.<\/p>\n<p>2010-2011&#8217;de 1. Lig&#8217;e, 2014-2015 sezonunda ise 2. Lig&#8217;e veda eden siyah-beyazl\u0131 ekip, ge\u00e7en sezon 3. Lig 1. Grup play-off finalinde Kocaelispor&#8217;u yenerek tekrar 2. Lig&#8217;e y\u00fckseldi.<\/p>\n<p>Altay, bu sezon geride kalan 33 haftan\u0131n 6&#8217;s\u0131nda liderlik koltu\u011funda yer ald\u0131\u011f\u0131 TFF 2. Lig Beyaz Grup&#8217;ta cumartesi g\u00fcn\u00fc kritik bir m\u00fcsabakaya \u00e7\u0131kacak.<\/p>\n<p>Lider G\u00fcm\u00fc\u015fhanespor&#8217;un 1 puan gerisinde yer alan siyah-beyazl\u0131 ekip, rakibini 5 May\u0131s Cumartesi g\u00fcn\u00fc saat 15.30&#8217;da \u0130zmir Atat\u00fcrk Stad\u0131&#8217;nda a\u011f\u0131rlayacak. Altay rakibini ma\u011flup etti\u011fi takdirde 7 sezon sonra 1. Lig&#8217;e d\u00f6necek.<\/p>\n<p>Bu sezon 3 farkl\u0131 teknik adamla \u00e7al\u0131\u015fan Altay, sezona C\u00fcneyt Bi\u00e7er&#8217;le ba\u015flad\u0131ktan sonra \u0130smet Ta\u015fdemir&#8217;le yoluna devam etmi\u015fti. Siyah-beyazl\u0131 ekipte daha \u00f6nce sportif direkt\u00f6r olarak g\u00f6rev yapan \u00d6zden T\u00f6rayd\u0131n, 31. haftadan itibaren tak\u0131m\u0131n ba\u015f\u0131na ge\u00e7ti.<\/p>\n<p>1959&#8217;da ba\u015flayan T\u00fcrkiye 1. Futbol Ligi&#8217;nde \u0130zmir&#8217;i 1982-1983 sezonuna kadar kesintisiz temsil eden Altay, en \u00fcst seviye ligde ge\u00e7irdi\u011fi 41 y\u0131lla bu ligde en fazla m\u00fccadele eden tak\u0131mlar i\u00e7inde bulunuyor.<\/p>\n<p>&#8220;Camiam\u0131za hediye etmek isteriz&#8221;<br \/>\nAltay Teknik Direkt\u00f6r\u00fc \u00d6zden T\u00f6rayd\u0131n, AA muhabirine yapt\u0131\u011f\u0131 a\u00e7\u0131klamada, son y\u0131llarda iki iddial\u0131 tak\u0131m\u0131n ligin son ma\u00e7\u0131nda kar\u015f\u0131la\u015fmad\u0131\u011f\u0131n\u0131 s\u00f6yledi. B\u00f6yle bir ma\u00e7a \u00e7\u0131kacaklar\u0131 i\u00e7in \u015fansl\u0131 oldu\u011funu kaydeden T\u00f6rayd\u0131n, \u015f\u00f6yle konu\u015ftu:<\/p>\n<p>&#8220;Biz sezon ba\u015f\u0131nda \u015fampiyonluk hedefiyle kurulmu\u015f bir tak\u0131m\u0131z. Bu ligin \u00e7ok zor olaca\u011f\u0131n\u0131 biliyorduk, \u00e7ok tak\u0131m iddial\u0131yd\u0131, nitekim kendi aram\u0131zda konu\u015fmalarda da son hafta \u00e7\u00f6z\u00fcl\u00fcr diye d\u00fc\u015f\u00fcn\u00fcyorduk. \u0130ni\u015fler, \u00e7\u0131k\u0131\u015flar oldu, \u00fcz\u00fcld\u00fc\u011f\u00fcm\u00fcz, sevindi\u011fimiz noktalar oldu ama cumartesi g\u00fcn\u00fc final ma\u00e7\u0131na \u00e7\u0131kaca\u011f\u0131z. \u0130yi bir ma\u00e7 olmas\u0131n\u0131 diliyoruz. G\u00fcm\u00fc\u015fhane tak\u0131m\u0131 da pazartesi g\u00fcn\u00fcnden itibaren \u0130zmir&#8217;e gelmi\u015f, onlar\u0131 \u0130zmir misafirperverli\u011fiyle a\u011f\u0131rlayaca\u011f\u0131z ama sahada iyi bir m\u00fccadeleyle kupay\u0131 almak istiyoruz.&#8221;<\/p>\n<p>T\u00f6rayd\u0131n, Altay&#8217;da 3 y\u0131ld\u0131r sportif direkt\u00f6r olarak g\u00f6rev yapt\u0131\u011f\u0131n\u0131, \u0130smet Ta\u015fdemir&#8217;in g\u00f6revinden ayr\u0131lmas\u0131n\u0131n ard\u0131ndan tak\u0131m\u0131 tan\u0131d\u0131\u011f\u0131 i\u00e7in teknik direkt\u00f6rl\u00fck g\u00f6revini kabul etti\u011fini s\u00f6yledi.<\/p>\n<p>Teknik direkt\u00f6rl\u00fckle ilgili bir kariyer planlamas\u0131 olmad\u0131\u011f\u0131n\u0131 kaydeden T\u00f6rayd\u0131n, &#8220;\u00c7ocuklarla da konu\u015ftu\u011fumuzda sonu\u00e7ta son 4 haftada biz onlara a\u011fabeylik, rehberlik yapmaya \u00e7al\u0131\u015f\u0131yoruz. Onlar da bizi hi\u00e7 yaln\u0131z b\u0131rakmad\u0131lar, destek oldular. O sinerjiyle 3 ma\u00e7\u0131m\u0131z\u0131 ald\u0131k, iyi m\u00fccadele ettiler. \u0130n\u015fallah final ma\u00e7\u0131n\u0131 da al\u0131rsak camiam\u0131za hediye etmek isteriz.&#8221; de\u011ferlendirmesinde bulundu.<\/p>\n<!-- Error, Advert is not available at this time due to schedule\/geolocation restrictions! -->\n","protected":false},"excerpt":{"rendered":"<p>TFF 2. Lig Beyaz Grup&#8217;ta lider G\u00fcm\u00fc\u015fhanespor&#8217;un 1 puan gerisinde yer alan ve son hafta lideri konuk edecek Altay&#8217;\u0131n teknik direkt\u00f6r\u00fc \u00d6zden T\u00f6rayd\u0131n, cumartesi g\u00fcn\u00fc final ma\u00e7\u0131na \u00e7\u0131kacaklar\u0131n\u0131 s\u00f6yledi. En son 2002-2003&#8217;te S\u00fcper Lig&#8217;de yer alan Altay daha sonra 2003-2004&#8217;ten 2010-2011 sezonuna kadar kesintisiz yer ald\u0131\u011f\u0131 1. Lig&#8217;de 4 kez play-off oynamas\u0131na ra\u011fmen S\u00fcper Lig &hellip;<\/p>\n","protected":false},"author":4,"featured_media":264851,"comment_status":"open","ping_status":"open","sticky":false,"template":"","format":"standard","meta":{"_acf_changed":false,"footnotes":""},"categories":[6774,6155,6194],"tags":[79458,8452],"class_list":["post-264850","post","type-post","status-publish","format-standard","has-post-thumbnail","hentry","category-futbol","category-gundem","category-spor","tag-1-lig","tag-altay"],"acf":[],"_links":{"self":[{"href":"https:\/\/www.nationalturk.com\/tr\/wp-json\/wp\/v2\/posts\/264850","targetHints":{"allow":["GET"]}}],"collection":[{"href":"https:\/\/www.nationalturk.com\/tr\/wp-json\/wp\/v2\/posts"}],"about":[{"href":"https:\/\/www.nationalturk.com\/tr\/wp-json\/wp\/v2\/types\/post"}],"author":[{"embeddable":true,"href":"https:\/\/www.nationalturk.com\/tr\/wp-json\/wp\/v2\/users\/4"}],"replies":[{"embeddable":true,"href":"https:\/\/www.nationalturk.com\/tr\/wp-json\/wp\/v2\/comments?post=264850"}],"version-history":[{"count":0,"href":"https:\/\/www.nationalturk.com\/tr\/wp-json\/wp\/v2\/posts\/264850\/revisions"}],"wp:featuredmedia":[{"embeddable":true,"href":"https:\/\/www.nationalturk.com\/tr\/wp-json\/wp\/v2\/media\/264851"}],"wp:attachment":[{"href":"https:\/\/www.nationalturk.com\/tr\/wp-json\/wp\/v2\/media?parent=264850"}],"wp:term":[{"taxonomy":"category","embeddable":true,"href":"https:\/\/www.nationalturk.com\/tr\/wp-json\/wp\/v2\/categories?post=264850"},{"taxonomy":"post_tag","embeddable":true,"href":"https:\/\/www.nationalturk.com\/tr\/wp-json\/wp\/v2\/tags?post=264850"}],"curies":[{"name":"wp","href":"https:\/\/api.w.org\/{rel}","templated":true}]}}