{"id":265203,"date":"2018-05-14T17:37:23","date_gmt":"2018-05-14T14:37:23","guid":{"rendered":"http:\/\/www.nationalturk.com\/?p=265203"},"modified":"2018-05-14T17:37:23","modified_gmt":"2018-05-14T14:37:23","slug":"kuduste-kanli-acilis-43-olu-1800-yarali","status":"publish","type":"post","link":"https:\/\/www.nationalturk.com\/tr\/kuduste-kanli-acilis-43-olu-1800-yarali\/","title":{"rendered":"Kud\u00fcs&#8217;te kanl\u0131 a\u00e7\u0131l\u0131\u015f: 43 \u00f6l\u00fc 1800 yaral\u0131"},"content":{"rendered":"<h2>ABD Ba\u015fkan\u0131 Donald Trump&#8217;\u0131n 6 Aral\u0131k&#8217;ta Kud\u00fcs&#8217;\u00fc &#8216;\u0130srail&#8217;in ba\u015fkenti&#8217; olarak tan\u0131mas\u0131ndan yakla\u015f\u0131k 5.5 ay sonra ABD B\u00fcy\u00fckel\u00e7ili\u011fi Tel Aviv&#8217;den ta\u015f\u0131narak Kud\u00fcs&#8217;te a\u00e7\u0131ld\u0131. \u0130srail&#8217;in kurulu\u015funun 70. y\u0131ld\u00f6n\u00fcm\u00fcnde ger\u00e7ekle\u015fen resmi a\u00e7\u0131l\u0131\u015fa Trump&#8217;\u0131n k\u0131z\u0131 ve damad\u0131 da kat\u0131ld\u0131.<\/h2>\n<p>ABD&#8217;nin Kud\u00fcs Konsoloslu\u011fu art\u0131k Kud\u00fcs B\u00fcy\u00fckel\u00e7ili\u011fi olarak hizmet verecek.<\/p>\n<p>Trump, &#8216;Yahudilerin cehenneme gidece\u011fini&#8217; savunan ruhani dan\u0131\u015fman\u0131, Baptist rahip Robert Jeffress&#8217;i de t\u00f6rene yollad\u0131. Jeffress, t\u00f6rende k\u00fcrs\u00fcye \u00e7\u0131kan ikinci konu\u015fmac\u0131 oldu.<\/p>\n<p>T\u00f6rene ABD ve \u0130srail&#8217;den heyetlerin yan\u0131s\u0131ra 30&#8217;u a\u015fk\u0131n \u00fclkeden temsilci kat\u0131ld\u0131. \u200bTrump&#8217;\u0131n \u00f6nceden kaydedilmi\u015f mesaj\u0131 video ba\u011flant\u0131s\u0131yla yay\u0131mland\u0131.<\/p>\n<p>El\u00e7ili\u011fin a\u00e7\u0131ld\u0131\u011f\u0131n\u0131 ilan eden ve davetlilere &#8221;Tebrikler. Bu ger\u00e7ekten \u00e7ok b\u00fcy\u00fck bir \u00e7abayd\u0131&#8221; diye seslenen Trump, \u0130srail&#8217;in t\u00fcm di\u011fer \u00fclkeler gibi kendi ba\u015fkentine karar verme hakk\u0131 oldu\u011funu, \u0130srail&#8217;in zaten Kud\u00fcs&#8217;ten y\u00f6netidli\u011fini savunan Trump, bunu kabul etme ve Kud\u00fcs&#8217;\u00fc \u0130srail&#8217;in ba\u015fkenti olarak tan\u0131ma karar\u0131n\u0131n kendisine ait oldu\u011funu vurgulad\u0131. El\u00e7ili\u011fi planandan \u00e7ok daha h\u0131zla a\u00e7t\u0131klar\u0131na dikkat \u00e7ekti.<\/p>\n<p>Harem-\u00fc\u015f \u015eerif, Kubbet-\u00fcs Sahra&#8217;daki stat\u00fckoyu koruma s\u00f6z\u00fc veren Trump, ABD&#8217;nin \u0130srail&#8217;e deste\u011finin devam edece\u011finin alt\u0131n\u0131 \u00e7izdi. Di\u011fer yandan kal\u0131c\u0131 bar\u0131\u015f anla\u015fmas\u0131nda var\u0131lmas\u0131na yard\u0131mc\u0131 olmay\u0131 ABD&#8217;nin t\u00fcm\u00fcyle taahh\u00fct etti\u011fini dile getirdi.<\/p>\n<p>Trump, konu\u015fmas\u0131n\u0131n yay\u0131mlanmas\u0131n\u0131n ard\u0131ndan Twitter&#8217;dan mesaj da payla\u015ft\u0131: &#8221;\u0130srail i\u00e7in b\u00fcy\u00fck g\u00fcn. Tebrikler!&#8221;<\/p>\n<p>K\u00fcrs\u00fcye gelen Trump&#8217;\u0131n Yahudi as\u0131ll\u0131 damad\u0131 ve ba\u015fdan\u0131\u015fman\u0131 Jared Kushner, &#8216;Kud\u00fcs&#8217;\u00fcn \u0130srail&#8217;in ba\u015fkenti oldu\u011fu ger\u00e7e\u011finin nihayet tan\u0131nd\u0131\u011f\u0131n\u0131&#8217; s\u00f6yledi. Kushner &#8221;B\u00fcy\u00fckel\u00e7ili\u011fimizi Kud\u00fcs&#8217;e ta\u015f\u0131yarak d\u00fcnyaya bir kez daha ABD&#8217;nin g\u00fcvenilir oldu\u011funu g\u00f6sterdik&#8221; iddias\u0131nda bulundu.<\/p>\n<p>Ard\u0131ndan k\u00fcrs\u00fcye \u00e7\u0131kan \u200b\u0130srail Ba\u015fbakan\u0131 Benyamin Netanyahu, Amerikan heyetine &#8221;Sizden daha b\u00fcy\u00fck dostumuz yok, \u0130srail&#8217;in ve Kud\u00fcs&#8217;un yan\u0131ndas\u0131n\u0131z&#8221; diye seslendi.<\/p>\n<p>Trump&#8217;\u0131n k\u0131z\u0131 ve damad\u0131na &#8221;Sizin bug\u00fcn buradaki varl\u0131\u011f\u0131n\u0131z, bunun Trump y\u00f6netiminin yan\u0131s\u0131ra sizin i\u00e7in de ki\u015fisel olarak ne kadar \u00f6nemli oldu\u011funu g\u00f6steriyor&#8221; diye hitap etti.<\/p>\n<p>&#8221;Ne b\u00fcy\u00fck bir g\u00fcn, ne muzaffer bir g\u00fcn, tarihi bir g\u00fcn&#8221; vurgusu yapan Netanyahu, Trump&#8217;a &#8221;Tarih yazd\u0131n\u0131z&#8221; diye seslendi.<\/p>\n<p>&#8221;Nesiller boyu ulusal haf\u0131zam\u0131za kaz\u0131nacak bir g\u00fcn&#8221; diye devam eden Netanyahu, &#8221;Tap\u0131nak Da\u011f\u0131 ellerimizde. Kud\u00fcs&#8217;teyiz ve burada kalaca\u011f\u0131z. \u0130srail ordusu bizi koruyor&#8221; diye konu\u015ftu.<\/p>\n<p>S\u00f6zleri tezah\u00fcrat ve alk\u0131\u015flarla kesildi. K\u00fcd\u00fcs&#8217;\u00fc \u0130srail&#8217;in ba\u015fkenti olarak tan\u0131y\u0131p el\u00e7ili\u011fi a\u00e7an ABD Ba\u015fkan\u0131 olarak Trump&#8217;a defalarca te\u015fekk\u00fcr eden Netanyahu, ABD&#8217;nin Kud\u00fcs&#8217;teki ilk b\u00fcy\u00fckel\u00e7isi olma onurunu ta\u015f\u0131yan David Friedman&#8217;a te\u015fekk\u00fcr etti.<\/p>\n<p>&#8221;Kud\u00fcs daima Yahudi halk\u0131n\u0131n, Yahudi devletinin ba\u015fkentiydi&#8221; diye \u0131srar eden Netanyahu, bar\u0131\u015f\u0131n ancak hakikate ve adalete dayanarak sa\u011flanabilece\u011fini s\u00f6yledi. Kud\u00fcs&#8217;\u00fc &#8216;Yahudi halk\u0131n\u0131n, \u0130srail&#8217;in b\u00f6l\u00fcnmez ebedi ba\u015fkenti&#8217; olarak niteleyerek sonland\u0131rd\u0131\u011f\u0131 konu\u015fmas\u0131 \u00e7\u0131lg\u0131nca alk\u0131\u015f ald\u0131.<\/p>\n<!-- Error, Advert is not available at this time due to schedule\/geolocation restrictions! -->\n","protected":false},"excerpt":{"rendered":"<p>ABD Ba\u015fkan\u0131 Donald Trump&#8217;\u0131n 6 Aral\u0131k&#8217;ta Kud\u00fcs&#8217;\u00fc &#8216;\u0130srail&#8217;in ba\u015fkenti&#8217; olarak tan\u0131mas\u0131ndan yakla\u015f\u0131k 5.5 ay sonra ABD B\u00fcy\u00fckel\u00e7ili\u011fi Tel Aviv&#8217;den ta\u015f\u0131narak Kud\u00fcs&#8217;te a\u00e7\u0131ld\u0131. \u0130srail&#8217;in kurulu\u015funun 70. y\u0131ld\u00f6n\u00fcm\u00fcnde ger\u00e7ekle\u015fen resmi a\u00e7\u0131l\u0131\u015fa Trump&#8217;\u0131n k\u0131z\u0131 ve damad\u0131 da kat\u0131ld\u0131. ABD&#8217;nin Kud\u00fcs Konsoloslu\u011fu art\u0131k Kud\u00fcs B\u00fcy\u00fckel\u00e7ili\u011fi olarak hizmet verecek. Trump, &#8216;Yahudilerin cehenneme gidece\u011fini&#8217; savunan ruhani dan\u0131\u015fman\u0131, Baptist rahip Robert Jeffress&#8217;i &hellip;<\/p>\n","protected":false},"author":4,"featured_media":265204,"comment_status":"open","ping_status":"open","sticky":false,"template":"","format":"standard","meta":{"_acf_changed":false,"footnotes":""},"categories":[763,349],"tags":[1887,35033,199658,6963,1555,29257,110277,48055],"class_list":["post-265203","post","type-post","status-publish","format-standard","has-post-thumbnail","hentry","category-gunun-olayi","category-son-dakika","tag-abd","tag-abd-israil","tag-donald-trump","tag-gazze","tag-israil","tag-kudus","tag-netanyahu","tag-twitter"],"acf":[],"_links":{"self":[{"href":"https:\/\/www.nationalturk.com\/tr\/wp-json\/wp\/v2\/posts\/265203","targetHints":{"allow":["GET"]}}],"collection":[{"href":"https:\/\/www.nationalturk.com\/tr\/wp-json\/wp\/v2\/posts"}],"about":[{"href":"https:\/\/www.nationalturk.com\/tr\/wp-json\/wp\/v2\/types\/post"}],"author":[{"embeddable":true,"href":"https:\/\/www.nationalturk.com\/tr\/wp-json\/wp\/v2\/users\/4"}],"replies":[{"embeddable":true,"href":"https:\/\/www.nationalturk.com\/tr\/wp-json\/wp\/v2\/comments?post=265203"}],"version-history":[{"count":0,"href":"https:\/\/www.nationalturk.com\/tr\/wp-json\/wp\/v2\/posts\/265203\/revisions"}],"wp:featuredmedia":[{"embeddable":true,"href":"https:\/\/www.nationalturk.com\/tr\/wp-json\/wp\/v2\/media\/265204"}],"wp:attachment":[{"href":"https:\/\/www.nationalturk.com\/tr\/wp-json\/wp\/v2\/media?parent=265203"}],"wp:term":[{"taxonomy":"category","embeddable":true,"href":"https:\/\/www.nationalturk.com\/tr\/wp-json\/wp\/v2\/categories?post=265203"},{"taxonomy":"post_tag","embeddable":true,"href":"https:\/\/www.nationalturk.com\/tr\/wp-json\/wp\/v2\/tags?post=265203"}],"curies":[{"name":"wp","href":"https:\/\/api.w.org\/{rel}","templated":true}]}}