{"id":265274,"date":"2018-05-17T10:28:27","date_gmt":"2018-05-17T07:28:27","guid":{"rendered":"http:\/\/www.nationalturk.com\/?p=265274"},"modified":"2022-09-10T02:05:33","modified_gmt":"2022-09-09T23:05:33","slug":"saadet-partisinden-che-guevara-paylasimi","status":"publish","type":"post","link":"https:\/\/www.nationalturk.com\/tr\/saadet-partisinden-che-guevara-paylasimi\/","title":{"rendered":"Saadet Partisi&#8217;nden Che Guevara payla\u015f\u0131m\u0131"},"content":{"rendered":"<h2>Saadet Partisi Gen\u00e7lik Kollar\u0131 Genel Merkezi Twitter hesab\u0131ndan, Saadet Partisi Genel Ba\u015fkan\u0131 ve cumhurba\u015fkan\u0131 aday\u0131 Temel Karamollao\u011flu\u2019nun foto\u011fraf\u0131 Che <\/h2>\n<h2>Guevara\u2019n\u0131n s\u00f6z\u00fc ile payla\u015f\u0131ld\u0131.<\/h2>\n<p>Sosyal medyada dikkat \u00e7eken bu payla\u015f\u0131mda, K\u00fcba devriminin \u00f6nderlerin Ernesto Che Guevara\u2019n\u0131n bir cephede yolda\u015f\u0131 Fidel Castro&#8217;ya yazd\u0131\u011f\u0131 mektubun sonuna d\u00fc\u015ft\u00fc\u011f\u00fc \u201cZafere kadar daima\u201d anlam\u0131na gelen, \u201cHasta la victoria siempre Commandante\u201d ifadeleri yer ald\u0131.<\/p>\n<blockquote class=\"twitter-tweet\" data-width=\"500\" data-dnt=\"true\">\n<p lang=\"es\" dir=\"ltr\">Hasta la victoria siempre Commandante !<\/p>\n<p> <a href=\"https:\/\/twitter.com\/hashtag\/HuzurSaadette?src=hash&amp;ref_src=twsrc%5Etfw\" target=\"_blank\" rel=\"noopener\">#HuzurSaadette<\/a> <a href=\"https:\/\/t.co\/7qqp3J0upj\">pic.twitter.com\/7qqp3J0upj<\/a><\/p>\n<p>&mdash; Gen\u00e7 Saadet (@gencsaadet) <a href=\"https:\/\/twitter.com\/gencsaadet\/status\/996809365712719872?ref_src=twsrc%5Etfw\" target=\"_blank\" rel=\"noopener\">May 16, 2018<\/a><\/p><\/blockquote>\n<p><script async src=\"https:\/\/platform.twitter.com\/widgets.js\" charset=\"utf-8\"><\/script><\/p>\n<!-- Error, Advert is not available at this time due to schedule\/geolocation restrictions! -->\n","protected":false},"excerpt":{"rendered":"<p>Saadet Partisi Gen\u00e7lik Kollar\u0131 Genel Merkezi Twitter hesab\u0131ndan, Saadet Partisi Genel Ba\u015fkan\u0131 ve cumhurba\u015fkan\u0131 aday\u0131 Temel Karamollao\u011flu\u2019nun foto\u011fraf\u0131 Che Guevara\u2019n\u0131n s\u00f6z\u00fc ile payla\u015f\u0131ld\u0131. Sosyal medyada dikkat \u00e7eken bu payla\u015f\u0131mda, K\u00fcba devriminin \u00f6nderlerin Ernesto Che Guevara\u2019n\u0131n bir cephede yolda\u015f\u0131 Fidel Castro&#8217;ya yazd\u0131\u011f\u0131 mektubun sonuna d\u00fc\u015ft\u00fc\u011f\u00fc \u201cZafere kadar daima\u201d anlam\u0131na gelen, \u201cHasta la victoria siempre Commandante\u201d ifadeleri &hellip;<\/p>\n","protected":false},"author":4,"featured_media":265275,"comment_status":"open","ping_status":"open","sticky":false,"template":"","format":"standard","meta":{"_acf_changed":false,"footnotes":""},"categories":[6155,6771,5005,6202],"tags":[48319,931,12778,35277],"class_list":["post-265274","post","type-post","status-publish","format-standard","has-post-thumbnail","hentry","category-gundem","category-latin-amerika","category-manset","category-politika","tag-che-guevara","tag-fidel-castro","tag-saadet-partisi","tag-temel-karamollaoglu"],"acf":[],"_links":{"self":[{"href":"https:\/\/www.nationalturk.com\/tr\/wp-json\/wp\/v2\/posts\/265274","targetHints":{"allow":["GET"]}}],"collection":[{"href":"https:\/\/www.nationalturk.com\/tr\/wp-json\/wp\/v2\/posts"}],"about":[{"href":"https:\/\/www.nationalturk.com\/tr\/wp-json\/wp\/v2\/types\/post"}],"author":[{"embeddable":true,"href":"https:\/\/www.nationalturk.com\/tr\/wp-json\/wp\/v2\/users\/4"}],"replies":[{"embeddable":true,"href":"https:\/\/www.nationalturk.com\/tr\/wp-json\/wp\/v2\/comments?post=265274"}],"version-history":[{"count":0,"href":"https:\/\/www.nationalturk.com\/tr\/wp-json\/wp\/v2\/posts\/265274\/revisions"}],"wp:featuredmedia":[{"embeddable":true,"href":"https:\/\/www.nationalturk.com\/tr\/wp-json\/wp\/v2\/media\/265275"}],"wp:attachment":[{"href":"https:\/\/www.nationalturk.com\/tr\/wp-json\/wp\/v2\/media?parent=265274"}],"wp:term":[{"taxonomy":"category","embeddable":true,"href":"https:\/\/www.nationalturk.com\/tr\/wp-json\/wp\/v2\/categories?post=265274"},{"taxonomy":"post_tag","embeddable":true,"href":"https:\/\/www.nationalturk.com\/tr\/wp-json\/wp\/v2\/tags?post=265274"}],"curies":[{"name":"wp","href":"https:\/\/api.w.org\/{rel}","templated":true}]}}