{"id":265297,"date":"2018-05-17T15:03:56","date_gmt":"2018-05-17T12:03:56","guid":{"rendered":"http:\/\/www.nationalturk.com\/?p=265297"},"modified":"2018-05-17T15:03:56","modified_gmt":"2018-05-17T12:03:56","slug":"muharrem-ince-atesleyin-bakayim-5-lira-10-lira","status":"publish","type":"post","link":"https:\/\/www.nationalturk.com\/tr\/muharrem-ince-atesleyin-bakayim-5-lira-10-lira\/","title":{"rendered":"Muharrem \u0130nce: Ate\u015fleyin bakay\u0131m, 5 lira 10 lira"},"content":{"rendered":"<h2>Amasya&#8217;da d\u00fczenledi\u011fi mitingde konu\u015fan CHP&#8217;nin cumhurba\u015fkan\u0131 aday\u0131 Muharrem \u0130nce, se\u00e7im kampanyas\u0131 i\u00e7in yard\u0131m isterken &#8220;5 lira 10 lira ate\u015fleyin&#8221; ifadelerini kulland\u0131.<\/h2>\n<p>Muharrem \u0130nce, Amasya&#8217;da miting yaparken CNN T\u00fcrk&#8217;\u00fcn canl\u0131 yay\u0131n\u0131 kesmesi \u00fczerine &#8220;Konu\u015fmam\u0131 canl\u0131 yay\u0131nda vermeyen kanallar\u0131n\u0131n \u00f6n\u00fcnde haftaya miting yapaca\u011f\u0131m&#8221; dedi. \u0130nce, medyaya &#8220;D\u00fcnyada ne kadar yabanc\u0131 bas\u0131n varsa geldi r\u00f6portaj yapt\u0131 ama bizimkiler gelmiyor&#8221; ifadesiyle sitem etti.<\/p>\n<p>Muharrem \u0130nce&#8217;nin a\u00e7\u0131klamalar\u0131 \u015f\u00f6yle;<\/p>\n<p>(Se\u00e7im kampanyas\u0131na destek) Amasya\u2019dan b\u00fct\u00fcn milletimize sesleniyorum, bir kampanya yap\u0131yoruz, Cumhurba\u015fkan\u0131 aday\u0131 partiden ba\u011f\u0131ms\u0131z bir kampanya yap\u0131yor. K\u00fc\u00e7\u00fck bir u\u00e7ak kiralad\u0131k \u0130stanbul\u2019dan buraya geldik. Benim hem\u015fehride para \u00e7ok bende para yok. Ate\u015fleyin bakay\u0131m ate\u015fleyin, hepiniz para yat\u0131r\u0131n oraya bakal\u0131m. 5 lira, 10 lira neyse ama yat\u0131r. Sizin g\u00fcc\u00fcn\u00fcz ile yapaca\u011f\u0131z bunu. Bakal\u0131m Amasya\u2019dan 5 lira 10 lira.<\/p>\n<p>Soru \u015f\u00f6yleydi. Say\u0131n Erdo\u011fan se\u00e7imi kaybederse gitmezmi\u015f. Demirel nas\u0131l gittiyse, \u00d6zal nas\u0131l gittiyse Erdo\u011fan da \u00f6yle gidecek dedim. Bug\u00fcn baz\u0131 militanlar \u2018\u00d6zal \u00f6ld\u00fcr\u00fclm\u00fc\u015f onlara da bu mesaj\u0131 vermi\u015fim.&#8217; Bunlar ne i\u00e7iyorlar do\u011frusu merak ediyorum. Se\u00e7imle gelen se\u00e7ilme gider.<\/p>\n<p>Erdo\u011fan &#8216;Gazze&#8217;ye gidece\u011fim&#8217; deyip Gebze&#8217;ye gitti, Cumhurba\u015fkan\u0131 oldu\u011fumda Gazze&#8217;ye gidece\u011fim. Devlette devaml\u0131l\u0131k esast\u0131r. H\u00fck\u00fcmete Erdo\u011fan\u2019a diyoruz ki \u0130srail mallar\u0131n\u0131 boykot et, tohum alma, Mavi Marmara\u2019da ald\u0131\u011f\u0131n paray\u0131 geri ver diyorum olmaz diyor. Sadece miting yapacak miting. \u00c7\u00fcnk\u00fc Filistin\u2019deki M\u00fcsl\u00fcmanlar de\u011fil derdi se\u00e7im se\u00e7im. De\u011ferli Amasyal\u0131lar, h\u00fck\u00fcmete diyoruz ki; yapma, etme, gel \u0130srail mallar\u0131n\u0131 boykot et. Edemem diyor. Ticareti kes? Kesemem diyor. Petrol ta\u015f\u0131mac\u0131l\u0131\u011f\u0131 yapma, olmaz diyor. Mavi Marmara&#8217;da ald\u0131\u011f\u0131n 20 milyonu geri ver, veremem diyor. E ne yapacaks\u0131n \u0130srail&#8217;e kar\u015f\u0131? Hi\u00e7bir \u015fey yapm\u0131yorsun. Yapaca\u011f\u0131 tek \u015fey miting. \u00c7\u00fcnk\u00fc derdi Filistin&#8217;deki M\u00fcsl\u00fcmanlar de\u011fil. Derdi, 24 Haziran&#8217;daki se\u00e7im. Amasya&#8217;dan sesleniyorum. T\u00fcrkiye Cumhuriyeti&#8217;ni \u015fu an sen y\u00f6netiyorsun, ben de aday\u0131m. Filistin konusunda ABD ve \u0130srail&#8217;e kar\u015f\u0131 dik dur, s\u00f6z veriyorum yan\u0131nda duraca\u011f\u0131m. <\/p>\n<p>Ama sonra, Mavi Marmara&#8217;da oldu\u011fu gibi &#8216;Bana sordunuz mu&#8217; deme. Benim gibi meydan oku. 24 Haziran&#8217;da cumhurba\u015fkan\u0131 oldu\u011fumda \u00fc\u00e7 ay i\u00e7inde yarg\u0131y\u0131 d\u00fczenleyece\u011fiz. \u00dc\u00e7 ay i\u00e7inde y\u00fcksek yarg\u0131, tarafs\u0131z, ba\u011f\u0131ms\u0131z olacak. Bu kadar. Yani ABD, yani AB T\u00fcrkiye&#8217;nin demokrasisini esas alarak &#8216;Sizde yarg\u0131 d\u00fczg\u00fcn de\u011fil&#8217; diyemeyecek. \u00dc\u00e7 ay sonra ABD&#8217;ye d\u00f6nece\u011fim; &#8216;Yarg\u0131y\u0131 d\u00fczelttik, \u015fimdi senden FET\u00d6&#8217;n\u00fcn iadesini istiyorum.&#8217; 24 Aral\u0131k, Hristiyanlar\u0131n Noel g\u00fcn\u00fc. Bu m\u00fcbarek Ramazan g\u00fcn\u00fcnde s\u00f6z veriyorum. Se\u00e7imden \u00fc\u00e7 ay sonra, ABD&#8217;ye &#8220;FET\u00d6&#8217;y\u00fc iade et&#8221; diyece\u011fim. E\u011fer iade etmezse, 24 Aral\u0131k Noel. \u0130ncirlik&#8217;teki Amerikan askerleri, Noel&#8217;i Washington&#8217;da kutlar. <\/p>\n<p>Atamas\u0131 yap\u0131lmam\u0131\u015f binlerce \u00f6\u011fretmen var. 3600 sorununu \u00e7\u00f6zd\u00fc\u011f\u00fcm\u00fczde 200 bin \u00f6\u011fretmen emekli olacak. Yerlerine gen\u00e7ler gelecek. Polislere sendika hakk\u0131 verece\u011fiz, angarya yok. Mesai \u00fccreti alacaklar. T\u00fcm bunlar\u0131 ba\u015faraca\u011f\u0131z. T\u00fcrkiye&#8217;de herkes, meslek y\u00fcksek okulu mezunu herkes 9&#8217;a 2&#8217;den ba\u015fl\u0131yor, astsubaylar 9&#8217;a 1&#8217;den ba\u015fl\u0131yor. T\u00fcm bunlar\u0131 tespit ettik. Bunlar\u0131 \u00e7\u00f6zece\u011fiz. <\/p>\n<p>Bak\u0131n ekonomimiz k\u00f6t\u00fc de\u011fil mi? Muharrem \u0130nce, sen cumhurba\u015fkan\u0131 oldu\u011funda ne yapacaks\u0131n? D\u00fcn ne oldu, Merkez Bankas\u0131 Ba\u015fkan\u0131&#8217;n\u0131 AKP Genel Merkezi&#8217;ne \u00e7a\u011f\u0131rd\u0131lar. Yanl\u0131\u015f. Merkez Bankas\u0131 Ba\u015fkan\u0131 ba\u011f\u0131ms\u0131z, sen onu nas\u0131l parti genel merkezine \u00e7a\u011f\u0131r\u0131rs\u0131n. Bunu yaparsan d\u0131\u015f sermaye sana g\u00fcvenmez. Para sana g\u00fcvenmez. Uluslararas\u0131 sermaye g\u00fcvenli bir liman ister. <\/p>\n<p> Dolar 4.50, euro 5.50. Binali Y\u0131ld\u0131r\u0131m&#8217;a soruyorlar &#8216;Dolar ne olacak&#8217; diye? &#8216;Dolsa ne olur, dolmasa ne olur&#8217; diyor. Bu c\u0131v\u0131kl\u0131ktan kurtulaca\u011f\u0131z, devlet adam\u0131 olaca\u011f\u0131z. Ekonomi Bakan\u0131 &#8216;Kurlardaki art\u0131\u015fla ilgilenmiyorum&#8217; diyor. Millet fakirle\u015fiyor, sen ilgilenmiyorsun ama millet ilgileniyor. \u00d6nce devlet adam\u0131 gibi davranaca\u011f\u0131z. Uzun vadede T\u00fcrkiye&#8217;yi nas\u0131l kalk\u0131nd\u0131raca\u011f\u0131z? AKP&#8217;nin son 16 y\u0131lda yapt\u0131\u011f\u0131 en k\u00f6t\u00fc \u015feyler, d\u0131\u015f politika ve e\u011fitim. Yol yapt\u0131 m\u0131? Yapt\u0131. Ama kalitesiz yapt\u0131. Yapt\u0131\u011f\u0131 yollar \u00e7\u00f6k\u00fcyor. Hastane yapt\u0131 m\u0131? Kalitesiz yapt\u0131. K\u00f6pr\u00fc yapt\u0131 m\u0131? Yapt\u0131. Ama ge\u00e7mesen de paras\u0131n\u0131 \u00f6d\u00fcyorsun. \u015eimdi soruyor, ey CHP diye. Benzettim mi? Allah benzetmesin. &#8220;Ey CHP&#8221; diyor. &#8220;Sen hi\u00e7 k\u00f6pr\u00fc yapt\u0131n m\u0131&#8221; diyor. \u015eimdi ben soruyorum, &#8220;Ey Erdo\u011fan, sen hi\u00e7 \u015feker fabrikas\u0131 yapt\u0131n m\u0131? Ey Erdo\u011fan, sen hi\u00e7 TEKEL yapt\u0131n m\u0131?&#8221; Hep sat\u0131yorsun.<\/p>\n<p>Size bir fizik \u00f6\u011fretmeni olarak s\u00f6z veriyorum, AKP&#8217;li anneler, size sesleniyorum. \u0130lkokula giderken muslu\u011fu a\u00e7ard\u0131m. Kana kana su i\u00e7erdim. \u015eimdi bizim \u00e7ocuklar\u0131m\u0131z okullarda 3 liraya su i\u00e7iyor. B\u00fct\u00fcn anneler, size s\u00f6z veriyorum. \u00c7ocuklar\u0131n\u0131z okulda kana kana su i\u00e7ecekler. Bu \u00fclkenin evlatlar\u0131n\u0131 iyi yeti\u015ftirece\u011fiz. Meydanlarda birileri pislik diyecek, tezek diyecek, \u00e7\u00f6p diyecek. Ben gelecek demeye devam edece\u011fim. \u00dcniversite \u00f6\u011frencileri dahil, \u00f6\u011frenci kimli\u011fini g\u00f6steren herkes b\u00fct\u00fcn m\u00fczelere bedava gidecek.<\/p>\n<p>Gen\u00e7ler, \u00f6\u011frencilerim, evlatlar\u0131m. Size s\u00f6z veriyorum. Her y\u0131l 10 bin \u00f6\u011frenciyi yurt d\u0131\u015f\u0131na g\u00f6nderece\u011fiz. Devlet okutacak onlar\u0131. Memleket a\u015fk\u0131yla geri gelecekler ve \u00fclkemizi kalk\u0131nd\u0131racaklar. Ekonomi, sen cumhurba\u015fkan\u0131 oldu\u011funda neden d\u00fczeltilmeli? Bir vatanda\u015f bunu bana sormal\u0131.<\/p>\n<p>\u015eu anda T\u00fcrkiye&#8217;nin d\u0131\u015far\u0131da itibar\u0131 s\u0131f\u0131r. Herkesle kavgal\u0131y\u0131z. T\u00fcrkiye&#8217;nin mahkemelerine Fransa g\u00fcvenmiyor, \u0130ngiltere g\u00fcvenmiyor. \u00c7\u00fcnk\u00fc T\u00fcrkiye&#8217;de mahkemelerin, adaletin, yarg\u0131n\u0131n talimatla \u00e7al\u0131\u015ft\u0131\u011f\u0131n\u0131 biliyorlar. G\u00fcven duymay\u0131nca yat\u0131r\u0131m yapm\u0131yorlar. Muharrem \u0130nce&#8217;nin cumhurba\u015fkanl\u0131\u011f\u0131nda yarg\u0131 tarafs\u0131z olacak. G\u00fcven verece\u011fiz d\u0131\u015far\u0131ya ve yat\u0131r\u0131m gelecek. Ekonomiyle ilgili Merkez Bankas\u0131&#8217;na, BDDK&#8217;ya, b\u00fcrokrat atarken sa\u011fc\u0131 m\u0131, solcu mu diye bakmayaca\u011f\u0131m. Bizden mi de\u011fil mi diye bakmayaca\u011f\u0131m. Ehliyeti var m\u0131, ona bakaca\u011f\u0131m. O i\u015fi iyi yapabilir mi diye. Bunu yapt\u0131\u011f\u0131m\u0131zda memleketimizde i\u015fler d\u00fczelecek. Tek dertleri beni indirmek diyor. Benim seninle derdim yok. Ben dolar\u0131 indirmek istiyorum, faizi, euro&#8217;yu, mazot fiyatlar\u0131n\u0131 indirmek istiyorum. He sen indi\u011finde mazot fiyat\u0131 iniyorsa, benzin fiyat\u0131 iniyorsa, faiz iniyorsa, i\u015fsizlik iniyorsa sen de in be karde\u015fim. Ne olacak?<\/p>\n<p>\u0130nce&#8217;nin konu\u015fmas\u0131 s\u0131ras\u0131nda CNN T\u00fcrk yay\u0131n\u0131 kesti. CHP&#8217;nin aday\u0131 da bu s\u0131rada \u015funlar\u0131 s\u00f6yledi:<\/p>\n<p>&#8220;D\u00fcnyan\u0131n neresinde medya varsa r\u00f6portaj yapt\u0131. Bizim medya korkuyor gelemiyor. \u015eimdi Amasya&#8217;dan s\u00f6yl\u00fcyorum. Bu mitingi vermeyen hangi kanalsa \u00f6n\u00fcnde mitin yapaca\u011f\u0131m. T\u00fcrkiye&#8217;yi 3B ile bulu\u015fturaca\u011f\u0131z. Slogan\u0131m\u0131z 3B, bunu birlikte ba\u015faraca\u011f\u0131z. Kendimi sizlere, sizi de Allah&#8217;a emanet ediyorum. Bir dakika, bir \u015feyi unuttum. Saraya falan gelmeyin 24 Haziran&#8217;da. Ben orada oturmayaca\u011f\u0131m. Ben 14 y\u0131l kirada oturdum, yeni bir ev ald\u0131m. Evime doyamad\u0131m, evden \u00e7\u0131kmam. Bu kadar insan da benim eve s\u0131\u011fmaz ama.&#8221;<\/p>\n<!-- Error, Advert is not available at this time due to schedule\/geolocation restrictions! -->\n","protected":false},"excerpt":{"rendered":"<p>Amasya&#8217;da d\u00fczenledi\u011fi mitingde konu\u015fan CHP&#8217;nin cumhurba\u015fkan\u0131 aday\u0131 Muharrem \u0130nce, se\u00e7im kampanyas\u0131 i\u00e7in yard\u0131m isterken &#8220;5 lira 10 lira ate\u015fleyin&#8221; ifadelerini kulland\u0131. Muharrem \u0130nce, Amasya&#8217;da miting yaparken CNN T\u00fcrk&#8217;\u00fcn canl\u0131 yay\u0131n\u0131 kesmesi \u00fczerine &#8220;Konu\u015fmam\u0131 canl\u0131 yay\u0131nda vermeyen kanallar\u0131n\u0131n \u00f6n\u00fcnde haftaya miting yapaca\u011f\u0131m&#8221; dedi. \u0130nce, medyaya &#8220;D\u00fcnyada ne kadar yabanc\u0131 bas\u0131n varsa geldi r\u00f6portaj yapt\u0131 ama bizimkiler &hellip;<\/p>\n","protected":false},"author":4,"featured_media":265298,"comment_status":"open","ping_status":"open","sticky":false,"template":"","format":"standard","meta":{"_acf_changed":false,"footnotes":""},"categories":[6155,5005,6202,349],"tags":[9691,8723,49097],"class_list":["post-265297","post","type-post","status-publish","format-standard","has-post-thumbnail","hentry","category-gundem","category-manset","category-politika","category-son-dakika","tag-amasya","tag-chp","tag-muharrem-ince"],"acf":[],"_links":{"self":[{"href":"https:\/\/www.nationalturk.com\/tr\/wp-json\/wp\/v2\/posts\/265297","targetHints":{"allow":["GET"]}}],"collection":[{"href":"https:\/\/www.nationalturk.com\/tr\/wp-json\/wp\/v2\/posts"}],"about":[{"href":"https:\/\/www.nationalturk.com\/tr\/wp-json\/wp\/v2\/types\/post"}],"author":[{"embeddable":true,"href":"https:\/\/www.nationalturk.com\/tr\/wp-json\/wp\/v2\/users\/4"}],"replies":[{"embeddable":true,"href":"https:\/\/www.nationalturk.com\/tr\/wp-json\/wp\/v2\/comments?post=265297"}],"version-history":[{"count":0,"href":"https:\/\/www.nationalturk.com\/tr\/wp-json\/wp\/v2\/posts\/265297\/revisions"}],"wp:featuredmedia":[{"embeddable":true,"href":"https:\/\/www.nationalturk.com\/tr\/wp-json\/wp\/v2\/media\/265298"}],"wp:attachment":[{"href":"https:\/\/www.nationalturk.com\/tr\/wp-json\/wp\/v2\/media?parent=265297"}],"wp:term":[{"taxonomy":"category","embeddable":true,"href":"https:\/\/www.nationalturk.com\/tr\/wp-json\/wp\/v2\/categories?post=265297"},{"taxonomy":"post_tag","embeddable":true,"href":"https:\/\/www.nationalturk.com\/tr\/wp-json\/wp\/v2\/tags?post=265297"}],"curies":[{"name":"wp","href":"https:\/\/api.w.org\/{rel}","templated":true}]}}