{"id":265305,"date":"2018-05-17T16:26:17","date_gmt":"2018-05-17T13:26:17","guid":{"rendered":"http:\/\/www.nationalturk.com\/?p=265305"},"modified":"2018-05-17T16:26:17","modified_gmt":"2018-05-17T13:26:17","slug":"dogan-medyanin-satisi-resmen-tamamlandi-893-milyon-dolar-nakit","status":"publish","type":"post","link":"https:\/\/www.nationalturk.com\/tr\/dogan-medyanin-satisi-resmen-tamamlandi-893-milyon-dolar-nakit\/","title":{"rendered":"Do\u011fan Medya&#8217;n\u0131n sat\u0131\u015f\u0131 resmen tamamland\u0131! 893 milyon dolar nakit!"},"content":{"rendered":"<h2>Do\u011fan \u015eirketler Grubu Holding A\u015e (Do\u011fan Holding), Demir\u00f6ren Medya Yat\u0131r\u0131mlar\u0131 Ticaret A\u015e ile imzalanan &#8220;Hisse Sat\u0131\u015f S\u00f6zle\u015fmesi&#8221; kapsam\u0131nda do\u011frudan veya dolayl\u0131 ba\u011fl\u0131 ortakl\u0131klar\u0131n\u0131n pay senetlerinin sat\u0131\u015f\u0131 ve devrinin bug\u00fcn itibar\u0131yla tamamland\u0131\u011f\u0131n\u0131 duyurdu. Sat\u0131\u015f i\u00e7in Do\u011fan Holding&#8217;e pe\u015fin olarak 893 milyon dolar \u00f6dendi!<\/h2>\n<p>Do\u011fan \u015eirketler Grubu Holding A\u015e&#8217;nin Kamuyu Ayd\u0131nlatma Platformu&#8217;nda (KAP) yer alan a\u00e7\u0131klamas\u0131nda, &#8220;Daha \u00f6nce kamuya a\u00e7\u0131klad\u0131\u011f\u0131m\u0131z \u00e7er\u00e7evede, 6 Nisan tarihinde \u015eirketimiz ile Demir\u00f6ren Medya Yat\u0131r\u0131mlar\u0131 Ticaret A\u015e aras\u0131nda imzalanan &#8216;Hisse Sat\u0131\u015f S\u00f6zle\u015fmesi&#8217; kapsam\u0131nda, do\u011frudan ba\u011fl\u0131 ortakl\u0131klar\u0131m\u0131z, Do\u011fan Gazetecilik A\u015e, H\u00fcrriyet Gazetecilik ve Matbaac\u0131l\u0131k A\u015e, Do\u011fan TV Holding A\u015e, Do\u011fan Haber Ajans\u0131 A\u015e, Do\u011fan Da\u011f\u0131t\u0131m Sat\u0131\u015f Pazarlama Matbaac\u0131l\u0131k \u00d6deme Arac\u0131l\u0131k ve Tahsilat Sistemleri A\u015e, Do\u011fan \u0130nternet Yay\u0131nc\u0131l\u0131\u011f\u0131 ve Yat\u0131r\u0131m A\u015e ve Do\u011fan Media International GmbH (birlikte &#8216;Devre Konu \u015eirketler&#8217;) ile dolayl\u0131 ba\u011fl\u0131 ortakl\u0131\u011f\u0131m\u0131z Mozaik \u0130leti\u015fim Hizmetleri A\u015e&#8217;de sahip oldu\u011fumuz pay senetlerinin tamam\u0131n\u0131n ve kullan\u0131lan al\u0131m hakk\u0131 opsiyonu neticesinde &#8216;Radyo D&#8217; ve &#8216;CNN T\u00fcrk Radyo&#8217;nun lisans haklar\u0131n\u0131n Demir\u00f6ren Medya Yat\u0131r\u0131mlar\u0131 Ticaret A\u015e (Al\u0131c\u0131)&#8217;ye toplam 893 milyon dolar sat\u0131\u015f bedeli (Sat\u0131\u015f Bedeli) \u00fczerinden nakden ve pe\u015fin olarak sat\u0131lmas\u0131nda, &#8216;kapan\u0131\u015f ko\u015fullar\u0131&#8217; sa\u011flanmak suretiyle pay senetlerinin sat\u0131\u015f\u0131 ve devri bug\u00fcn itibariyle tamamlanm\u0131\u015f ve sat\u0131\u015f bedeli tam ve nakit olarak serbest \u015fekilde hesaplar\u0131m\u0131za intikal etmi\u015ftir.&#8221; denildi.<\/p>\n<p>&#8220;Sat\u0131\u015f bedeline ilave olarak 26 milyon dolar ise (toplam sat\u0131\u015f bedeli tutar\u0131 919 milyon dolar olacak \u015fekilde) yine daha \u00f6nce kamuya a\u00e7\u0131kland\u0131\u011f\u0131 \u00fczere, Do\u011fan TV Holding A\u015e&#8217;de Commerz Film GmbH&#8217;a ait ve Do\u011fan TV Holding A\u015e sermayesinin y\u00fczde 6,68&#8217;ini temsil eden, ilave kontrol sa\u011flamayan 138 milyon 999 bin 811 adet pay senedinin de Demir\u00f6ren Medya Yat\u0131r\u0131mlar\u0131 Ticaret A\u015e&#8217;ye devri ile birlikte ayr\u0131ca tahsil edilecektir. S\u00f6z konusu pay devirleri kapsam\u0131nda, &#8216;kontrol de\u011fi\u015fikli\u011fi&#8217; ger\u00e7ekle\u015fti\u011finden, &#8216;Devre Konu \u015eirketler&#8217;in banka bor\u00e7lar\u0131n\u0131n kapat\u0131lmas\u0131 neticesinde, &#8216;Devre Konu \u015eirketler&#8217;den yakla\u015f\u0131k 67 milyon dolar tutar\u0131nda alacakl\u0131 hale gelinmi\u015f, en ge\u00e7 1 Haziran tarihinde \u00f6denecek s\u00f6z konusu finansal alacaklar i\u00e7in ayr\u0131ca al\u0131c\u0131 taraftan teminat al\u0131nm\u0131\u015ft\u0131r.&#8221; <\/p>\n<p>Di\u011fer taraftan a\u00e7\u0131klamada, bir liste verilerek s\u00f6z konusu \u015firket paylar\u0131n\u0131n\/varl\u0131klar\u0131n\u0131n mezkur &#8220;Hisse Sat\u0131\u015f S\u00f6zle\u015fmesi&#8221; kapsam\u0131nda ve &#8220;Hisse Sat\u0131\u015f S\u00f6zle\u015fmesi&#8221;nde d\u00fczenlendi\u011fi \u015fekliyle devir al\u0131nmas\u0131 i\u015flemlerinin de tamamland\u0131\u011f\u0131 belirtildi. <\/p>\n<p>Paylar\u0131n\u0131n\/varl\u0131klar\u0131n\u0131n devir i\u015flemleri tamamlanan \u015firketler \u015funlar: \u00d6nc\u00fc Giri\u015fim Sermayesi Yat\u0131r\u0131m Ortakl\u0131\u011f\u0131 A\u015e, Doruk Faktoring A\u015e, Do\u011fan M\u00fczik Yap\u0131m ve Ticaret A\u015e, Do\u011fan Media International SA, Rapsodi Radyo ve Televizyon Yay\u0131nc\u0131l\u0131k A\u015e, Blu TV \u0130leti\u015fim ve Digital Yay\u0131n Hizmetleri A\u015e, Glokal Dijital Hizmetler Pazarlama ve Ticaret A\u015e, D Yap\u0131m Reklamc\u0131l\u0131k ve Da\u011f\u0131t\u0131m A\u015e, Net D&#8221;<\/p>\n<p>Do\u011fan \u015eirketler Grubu Holding A.\u015e., Demir\u00f6ren Medya Yat\u0131r\u0131mlar\u0131 Ticaret A.\u015e. aras\u0131ndaki devir ve sat\u0131\u015f i\u015flemleri s\u00fcrecinde Demir\u00f6ren ad\u0131na Hukuk dan\u0131\u015fmanl\u0131\u011f\u0131 BAIC Hukuk B\u00fcrosu taraf\u0131ndan yap\u0131lm\u0131\u015ft\u0131r.<\/p>\n<!-- Error, Advert is not available at this time due to schedule\/geolocation restrictions! -->\n","protected":false},"excerpt":{"rendered":"<p>Do\u011fan \u015eirketler Grubu Holding A\u015e (Do\u011fan Holding), Demir\u00f6ren Medya Yat\u0131r\u0131mlar\u0131 Ticaret A\u015e ile imzalanan &#8220;Hisse Sat\u0131\u015f S\u00f6zle\u015fmesi&#8221; kapsam\u0131nda do\u011frudan veya dolayl\u0131 ba\u011fl\u0131 ortakl\u0131klar\u0131n\u0131n pay senetlerinin sat\u0131\u015f\u0131 ve devrinin bug\u00fcn itibar\u0131yla tamamland\u0131\u011f\u0131n\u0131 duyurdu. Sat\u0131\u015f i\u00e7in Do\u011fan Holding&#8217;e pe\u015fin olarak 893 milyon dolar \u00f6dendi! Do\u011fan \u015eirketler Grubu Holding A\u015e&#8217;nin Kamuyu Ayd\u0131nlatma Platformu&#8217;nda (KAP) yer alan a\u00e7\u0131klamas\u0131nda, &#8220;Daha &hellip;<\/p>\n","protected":false},"author":4,"featured_media":265306,"comment_status":"open","ping_status":"open","sticky":false,"template":"","format":"standard","meta":{"_acf_changed":false,"footnotes":""},"categories":[6155,5005,6667,349],"tags":[217315,8685,212145],"class_list":["post-265305","post","type-post","status-publish","format-standard","has-post-thumbnail","hentry","category-gundem","category-manset","category-medya","category-son-dakika","tag-demiroren-medya","tag-dogan-holding","tag-dogan-medya"],"acf":[],"_links":{"self":[{"href":"https:\/\/www.nationalturk.com\/tr\/wp-json\/wp\/v2\/posts\/265305","targetHints":{"allow":["GET"]}}],"collection":[{"href":"https:\/\/www.nationalturk.com\/tr\/wp-json\/wp\/v2\/posts"}],"about":[{"href":"https:\/\/www.nationalturk.com\/tr\/wp-json\/wp\/v2\/types\/post"}],"author":[{"embeddable":true,"href":"https:\/\/www.nationalturk.com\/tr\/wp-json\/wp\/v2\/users\/4"}],"replies":[{"embeddable":true,"href":"https:\/\/www.nationalturk.com\/tr\/wp-json\/wp\/v2\/comments?post=265305"}],"version-history":[{"count":0,"href":"https:\/\/www.nationalturk.com\/tr\/wp-json\/wp\/v2\/posts\/265305\/revisions"}],"wp:featuredmedia":[{"embeddable":true,"href":"https:\/\/www.nationalturk.com\/tr\/wp-json\/wp\/v2\/media\/265306"}],"wp:attachment":[{"href":"https:\/\/www.nationalturk.com\/tr\/wp-json\/wp\/v2\/media?parent=265305"}],"wp:term":[{"taxonomy":"category","embeddable":true,"href":"https:\/\/www.nationalturk.com\/tr\/wp-json\/wp\/v2\/categories?post=265305"},{"taxonomy":"post_tag","embeddable":true,"href":"https:\/\/www.nationalturk.com\/tr\/wp-json\/wp\/v2\/tags?post=265305"}],"curies":[{"name":"wp","href":"https:\/\/api.w.org\/{rel}","templated":true}]}}